{"id":1209,"date":"2013-06-20T11:20:44","date_gmt":"2013-06-20T15:20:44","guid":{"rendered":"http:\/\/www.brazilianpress.com\/v1\/?p=1209"},"modified":"2013-06-20T11:42:35","modified_gmt":"2013-06-20T15:42:35","slug":"editorial-nossa-opiniao-por-silvio-de-souza","status":"publish","type":"post","link":"https:\/\/www.brazilianpress.com\/v1\/2013\/06\/20\/editorial-nossa-opiniao-por-silvio-de-souza\/","title":{"rendered":"Editorial: Nossa opini\u00e3o, por Silvio de Souza"},"content":{"rendered":"<p>Bom dia meu povo, expressando a nossa opini\u00e3o sobre as manifesta\u00e7\u00f5es que est\u00e3o ocorrendo no Brasil, concordamos plenamente e pensamos que n\u00e3o deveriam protestar s\u00f3 por aquilo que est\u00e3o protestando n\u00e3o, tem mais de um milh\u00e3o de coisas pelas quais deveriam protestar como por exemplo: <!--more-->a Presidenta Dilma durante a posse do Papa alugou dezenas de su\u00edtes e gastou uma fortuna naquela ocasi\u00e3o, por\u00e9m temos a redu\u00e7\u00e3o do sal\u00e1rio dos professores do Cear\u00e1 que passou de R$800 e pouco para R$600 e pouco, isso \u00a0para educar por um m\u00eas os filhos dos assalariados, no entanto os vereadores de uma cidade do mesmo estado ganham mais de R$10.000 para trabalhar apenas 8 se\u00e7\u00f5es por m\u00eas na c\u00e2mara municipal, para planejarem uma forma de roubar do cidad\u00e3o, isso entre outras milhares de not\u00edcias que vemos todos os dias na TV brasileira, e percebam que dissemos milhares.<\/p>\n<p><img loading=\"lazy\" class=\"alignnone size-full wp-image-1213\" alt=\"silvio de souza bp\" src=\"http:\/\/www.brazilianpress.com\/v1\/wp-content\/uploads\/2013\/06\/silvio-de-souza-bp.jpg\" width=\"450\" height=\"275\" srcset=\"https:\/\/www.brazilianpress.com\/v1\/wp-content\/uploads\/2013\/06\/silvio-de-souza-bp.jpg 450w, https:\/\/www.brazilianpress.com\/v1\/wp-content\/uploads\/2013\/06\/silvio-de-souza-bp-300x183.jpg 300w\" sizes=\"(max-width: 450px) 100vw, 450px\" \/><\/p>\n<p>Temos os problemas dos rem\u00e9dios, das ambul\u00e2ncias, a transposi\u00e7\u00e3o do S\u00e3o Francisco inaceit\u00e1vel. No caso do dinheiro p\u00fablico gasto nos est\u00e1dios e o povo morrendo nos corredores dos hospitais, o roubo tamb\u00e9m \u00e9 absurdo e inaceit\u00e1vel. A melhor forma de protestar sobre este absurdo \u00e9 n\u00e3o indo aos est\u00e1dios dar mais dinheiro para este povo, se voc\u00eas protestam, mas depois v\u00e3o encher os est\u00e1dios como no jogo do Brasil em Bras\u00edlia, onde mais de 70.000 mil pessoas lotaram o local, toda manifesta\u00e7\u00e3o n\u00e3o faz sentido, se v\u00e3o \u00e9 porque concordam com o que fazem, est\u00e3o apoiando diretamente. Alguns falar\u00e3o \u00a0que nada a ver, uma coisa \u00e9 uma coisa, outra coisa \u00e9 outra coisa. Teve manifesta\u00e7\u00e3o em frente ao est\u00e1dio onde o Brasil jogou na quarta-feira em Fortaleza, aposto que muitos que estavam l\u00e1 protestando na porta, estavam l\u00e1 dentro assistindo ao jogo, ou seja, apoiando mais uma vez a corrup\u00e7\u00e3o. Mesmo sendo brasileiro e futebol uma de nossas paix\u00f5es, dever\u00edamos cortar este mal pela raiz. Boa sorte a todos e que venha um Brasil melhor!<\/p>\n","protected":false},"excerpt":{"rendered":"<p>Bom dia meu povo, expressando a nossa opini\u00e3o sobre as manifesta\u00e7\u00f5es que est\u00e3o ocorrendo no Brasil, concordamos plenamente e pensamos que n\u00e3o deveriam protestar s\u00f3 por aquilo que est\u00e3o protestando n\u00e3o, tem mais de um milh\u00e3o de coisas pelas quais deveriam protestar como por exemplo:<\/p>\n","protected":false},"author":1,"featured_media":1213,"comment_status":"open","ping_status":"open","sticky":false,"template":"","format":"standard","meta":{"_links_to":"","_links_to_target":""},"categories":[4,1],"tags":[],"views":3769,"_links":{"self":[{"href":"https:\/\/www.brazilianpress.com\/v1\/wp-json\/wp\/v2\/posts\/1209"}],"collection":[{"href":"https:\/\/www.brazilianpress.com\/v1\/wp-json\/wp\/v2\/posts"}],"about":[{"href":"https:\/\/www.brazilianpress.com\/v1\/wp-json\/wp\/v2\/types\/post"}],"author":[{"embeddable":true,"href":"https:\/\/www.brazilianpress.com\/v1\/wp-json\/wp\/v2\/users\/1"}],"replies":[{"embeddable":true,"href":"https:\/\/www.brazilianpress.com\/v1\/wp-json\/wp\/v2\/comments?post=1209"}],"version-history":[{"count":4,"href":"https:\/\/www.brazilianpress.com\/v1\/wp-json\/wp\/v2\/posts\/1209\/revisions"}],"predecessor-version":[{"id":1251,"href":"https:\/\/www.brazilianpress.com\/v1\/wp-json\/wp\/v2\/posts\/1209\/revisions\/1251"}],"wp:featuredmedia":[{"embeddable":true,"href":"https:\/\/www.brazilianpress.com\/v1\/wp-json\/wp\/v2\/media\/1213"}],"wp:attachment":[{"href":"https:\/\/www.brazilianpress.com\/v1\/wp-json\/wp\/v2\/media?parent=1209"}],"wp:term":[{"taxonomy":"category","embeddable":true,"href":"https:\/\/www.brazilianpress.com\/v1\/wp-json\/wp\/v2\/categories?post=1209"},{"taxonomy":"post_tag","embeddable":true,"href":"https:\/\/www.brazilianpress.com\/v1\/wp-json\/wp\/v2\/tags?post=1209"}],"curies":[{"name":"wp","href":"https:\/\/api.w.org\/{rel}","templated":true}]}}