{"id":12213,"date":"2015-02-05T12:21:24","date_gmt":"2015-02-05T16:21:24","guid":{"rendered":"http:\/\/www.brazilianpress.com\/v1\/?p=12213"},"modified":"2015-02-05T12:21:24","modified_gmt":"2015-02-05T16:21:24","slug":"vereador-augusto-amador-confirma-aumentou-a-violencia-no-ironbound-em-2015","status":"publish","type":"post","link":"https:\/\/www.brazilianpress.com\/v1\/2015\/02\/05\/vereador-augusto-amador-confirma-aumentou-a-violencia-no-ironbound-em-2015\/","title":{"rendered":"Vereador Augusto Amador confirma: aumentou a viol\u00eancia no Ironbound em 2015"},"content":{"rendered":"<p><img loading=\"lazy\" class=\"alignnone size-full wp-image-12214\" src=\"http:\/\/www.brazilianpress.com\/v1\/wp-content\/uploads\/2015\/02\/augusto-amador.jpg\" alt=\"augusto amador\" width=\"500\" height=\"339\" srcset=\"https:\/\/www.brazilianpress.com\/v1\/wp-content\/uploads\/2015\/02\/augusto-amador.jpg 500w, https:\/\/www.brazilianpress.com\/v1\/wp-content\/uploads\/2015\/02\/augusto-amador-300x203.jpg 300w\" sizes=\"(max-width: 500px) 100vw, 500px\" \/><\/p>\n<p><strong>Por Lala Rodrigues<\/strong><\/p>\n<p>No dia 08 de dezembro, o prefeito de Newark, fez uma declara\u00e7\u00e3o de que a viol\u00eancia no Ironbound havia diminu\u00eddo, por isso informou que transferiria 12 policiais do bairro para a \u00e1rea central da cidade. No mesmo dia Amador enviou uma carta de contesta\u00e7\u00e3o ao prefeito, colocando-se contra essa transfer\u00eancia.<!--more--><\/p>\n<p>Por\u00e9m no dia 28 de janeiro, em uma reuni\u00e3o no Clube dos A\u00e7ores, o vereador contestou essas declara\u00e7\u00f5es e as transfer\u00eancias, o Chefe de Pol\u00edcia Anthony Campos refutou as coloca\u00e7\u00f5es de Augusto Amador, confirmando as informa\u00e7\u00f5es do prefeito.<\/p>\n<p>Para comprovar sua posi\u00e7\u00e3o com refer\u00eancia \u00e0 viol\u00eancia, o vereador, como representante do bairro, apresentou um relat\u00f3rio elaborado pelo Departamento de Pol\u00edcia, onde constata que o n\u00famero de incidentes relatados por roubo em geral aumentou 60% e roubos de carros tamb\u00e9m teve um acr\u00e9scimo de 29%. Assim ele faz a seguinte coloca\u00e7\u00e3o: quem n\u00e3o est\u00e1 dizendo a verdade para a comunidade?<\/p>\n","protected":false},"excerpt":{"rendered":"<p>Por Lala Rodrigues No dia 08 de dezembro, o prefeito de Newark, fez uma declara\u00e7\u00e3o de que a viol\u00eancia no Ironbound havia diminu\u00eddo, por isso informou que transferiria 12 policiais do bairro para a \u00e1rea central da cidade. No mesmo dia Amador enviou uma carta de contesta\u00e7\u00e3o ao prefeito, colocando-se contra essa transfer\u00eancia.<\/p>\n","protected":false},"author":1,"featured_media":12214,"comment_status":"open","ping_status":"open","sticky":false,"template":"","format":"standard","meta":{"_links_to":"","_links_to_target":""},"categories":[4,1],"tags":[],"views":2149,"_links":{"self":[{"href":"https:\/\/www.brazilianpress.com\/v1\/wp-json\/wp\/v2\/posts\/12213"}],"collection":[{"href":"https:\/\/www.brazilianpress.com\/v1\/wp-json\/wp\/v2\/posts"}],"about":[{"href":"https:\/\/www.brazilianpress.com\/v1\/wp-json\/wp\/v2\/types\/post"}],"author":[{"embeddable":true,"href":"https:\/\/www.brazilianpress.com\/v1\/wp-json\/wp\/v2\/users\/1"}],"replies":[{"embeddable":true,"href":"https:\/\/www.brazilianpress.com\/v1\/wp-json\/wp\/v2\/comments?post=12213"}],"version-history":[{"count":1,"href":"https:\/\/www.brazilianpress.com\/v1\/wp-json\/wp\/v2\/posts\/12213\/revisions"}],"predecessor-version":[{"id":12215,"href":"https:\/\/www.brazilianpress.com\/v1\/wp-json\/wp\/v2\/posts\/12213\/revisions\/12215"}],"wp:featuredmedia":[{"embeddable":true,"href":"https:\/\/www.brazilianpress.com\/v1\/wp-json\/wp\/v2\/media\/12214"}],"wp:attachment":[{"href":"https:\/\/www.brazilianpress.com\/v1\/wp-json\/wp\/v2\/media?parent=12213"}],"wp:term":[{"taxonomy":"category","embeddable":true,"href":"https:\/\/www.brazilianpress.com\/v1\/wp-json\/wp\/v2\/categories?post=12213"},{"taxonomy":"post_tag","embeddable":true,"href":"https:\/\/www.brazilianpress.com\/v1\/wp-json\/wp\/v2\/tags?post=12213"}],"curies":[{"name":"wp","href":"https:\/\/api.w.org\/{rel}","templated":true}]}}