{"id":12219,"date":"2015-02-05T12:25:35","date_gmt":"2015-02-05T16:25:35","guid":{"rendered":"http:\/\/www.brazilianpress.com\/v1\/?p=12219"},"modified":"2015-02-12T09:07:30","modified_gmt":"2015-02-12T13:07:30","slug":"homem-e-assaltado-com-violencia-no-central-park","status":"publish","type":"post","link":"https:\/\/www.brazilianpress.com\/v1\/2015\/02\/05\/homem-e-assaltado-com-violencia-no-central-park\/","title":{"rendered":"Homem \u00e9 assaltado com viol\u00eancia no Central Park"},"content":{"rendered":"<p><img loading=\"lazy\" class=\"alignnone size-full wp-image-12220\" src=\"http:\/\/www.brazilianpress.com\/v1\/wp-content\/uploads\/2015\/02\/assalto-central-park.jpg\" alt=\"assalto central park\" width=\"500\" height=\"333\" srcset=\"https:\/\/www.brazilianpress.com\/v1\/wp-content\/uploads\/2015\/02\/assalto-central-park.jpg 500w, https:\/\/www.brazilianpress.com\/v1\/wp-content\/uploads\/2015\/02\/assalto-central-park-300x199.jpg 300w\" sizes=\"(max-width: 500px) 100vw, 500px\" \/><\/p>\n<p><strong><em>Roger Costa<\/em><\/strong>&#8211; Autoridades de New York divulgaram na tarde de ter\u00e7a-feira, (3), um violento assalto que ocorreu nas imedia\u00e7\u00f5es do Central Park, por volta das 8h30 da noite de segunda-feira. Os Policiais registraram o depoimento da v\u00edtima, um homem n\u00e3o identificado de 38 anos, que caminhava com seu c\u00e3o pela West Drive na esquina da 90th Street e Central Park.<!--more--><\/p>\n<p>Segundo ele, dois homens encapuzados e armados, saltaram de um ve\u00edculo com os far\u00f3is extremamente luminosos, afetando a sua vis\u00e3o e come\u00e7aram a agredi-lo com pontap\u00e9s e socos no rosto, barriga e costas e tamb\u00e9m disseram que ao chegaram ao local, encontraram a v\u00edtima em estado de p\u00e2nico, com sangramentos e o encaminharam para o Mount Sinai Hospital. O c\u00e3o n\u00e3o sofreu nenhum dano. Os ladr\u00f5es conseguiram fugir levando sua carteira com documentos, cart\u00f5es de cr\u00e9dito e o aparelho de celular. Nenhuma pris\u00e3o foi efetuada at\u00e9 o momento e os agentes do NYPD est\u00e3o analisando as imagens captadas por c\u00e2meras de seguran\u00e7a instaladas na \u00e1rea.<\/p>\n","protected":false},"excerpt":{"rendered":"<p>Roger Costa&#8211; Autoridades de New York divulgaram na tarde de ter\u00e7a-feira, (3), um violento assalto que ocorreu nas imedia\u00e7\u00f5es do Central Park, por volta das 8h30 da noite de segunda-feira. Os Policiais registraram o depoimento da v\u00edtima, um homem n\u00e3o identificado de 38 anos, que caminhava com seu c\u00e3o pela West Drive na esquina da 90th Street e Central Park.<\/p>\n","protected":false},"author":1,"featured_media":12220,"comment_status":"open","ping_status":"open","sticky":false,"template":"","format":"standard","meta":{"_links_to":"","_links_to_target":""},"categories":[4,1],"tags":[],"views":3299,"_links":{"self":[{"href":"https:\/\/www.brazilianpress.com\/v1\/wp-json\/wp\/v2\/posts\/12219"}],"collection":[{"href":"https:\/\/www.brazilianpress.com\/v1\/wp-json\/wp\/v2\/posts"}],"about":[{"href":"https:\/\/www.brazilianpress.com\/v1\/wp-json\/wp\/v2\/types\/post"}],"author":[{"embeddable":true,"href":"https:\/\/www.brazilianpress.com\/v1\/wp-json\/wp\/v2\/users\/1"}],"replies":[{"embeddable":true,"href":"https:\/\/www.brazilianpress.com\/v1\/wp-json\/wp\/v2\/comments?post=12219"}],"version-history":[{"count":1,"href":"https:\/\/www.brazilianpress.com\/v1\/wp-json\/wp\/v2\/posts\/12219\/revisions"}],"predecessor-version":[{"id":12221,"href":"https:\/\/www.brazilianpress.com\/v1\/wp-json\/wp\/v2\/posts\/12219\/revisions\/12221"}],"wp:featuredmedia":[{"embeddable":true,"href":"https:\/\/www.brazilianpress.com\/v1\/wp-json\/wp\/v2\/media\/12220"}],"wp:attachment":[{"href":"https:\/\/www.brazilianpress.com\/v1\/wp-json\/wp\/v2\/media?parent=12219"}],"wp:term":[{"taxonomy":"category","embeddable":true,"href":"https:\/\/www.brazilianpress.com\/v1\/wp-json\/wp\/v2\/categories?post=12219"},{"taxonomy":"post_tag","embeddable":true,"href":"https:\/\/www.brazilianpress.com\/v1\/wp-json\/wp\/v2\/tags?post=12219"}],"curies":[{"name":"wp","href":"https:\/\/api.w.org\/{rel}","templated":true}]}}