{"id":12222,"date":"2015-02-05T12:26:54","date_gmt":"2015-02-05T16:26:54","guid":{"rendered":"http:\/\/www.brazilianpress.com\/v1\/?p=12222"},"modified":"2015-02-12T09:36:19","modified_gmt":"2015-02-12T13:36:19","slug":"onda-de-terror-maniaco-ataca-varias-pessoas-pelas-ruas-de-manhattan","status":"publish","type":"post","link":"https:\/\/www.brazilianpress.com\/v1\/2015\/02\/05\/onda-de-terror-maniaco-ataca-varias-pessoas-pelas-ruas-de-manhattan\/","title":{"rendered":"Onda de Terror: man\u00edaco ataca v\u00e1rias pessoas pelas ruas de Manhattan"},"content":{"rendered":"<p><img loading=\"lazy\" class=\"alignnone size-full wp-image-12223\" src=\"http:\/\/www.brazilianpress.com\/v1\/wp-content\/uploads\/2015\/02\/maniaco-manhattan.jpg\" alt=\"maniaco manhattan\" width=\"500\" height=\"281\" srcset=\"https:\/\/www.brazilianpress.com\/v1\/wp-content\/uploads\/2015\/02\/maniaco-manhattan.jpg 500w, https:\/\/www.brazilianpress.com\/v1\/wp-content\/uploads\/2015\/02\/maniaco-manhattan-300x168.jpg 300w\" sizes=\"(max-width: 500px) 100vw, 500px\" \/><\/p>\n<p><strong><em>Jr. Schutt<\/em><\/strong>&#8211; Policiais em Manhattan, divulgaram o retrato falado e a foto capturada por c\u00e2meras de seguran\u00e7a do suspeito de v\u00e1rios atentados e ataques violentos ocorridos por volta da 1h00 da manh\u00e3 de quarta-feira em v\u00e1rios locais isolados na Grande Ma\u00e7\u00e3. As autoridades declararam que o homem iniciou a onda de ataques a bordo de um trem da Linha 4 na Esta\u00e7\u00e3o da Broadway com Lafayette em dire\u00e7\u00e3o norte, onde ele espancou um passageiro e cortou no rosto de outro usando um cortador de caixas (box cutters).<!--more--><\/p>\n<p>O suspeito saltou na esta\u00e7\u00e3o da 14<sup>th<\/sup> Street, onde ele atacou uma jovem de 20 anos, dando-lhe v\u00e1rios socos no rosto. Em seguida, entrou no Supermercado Food Emporium, tomou o elevador, onde estava um homem de 46 anos que se recusou a dar-lhe $2 d\u00f3lares. Ele ent\u00e3o nocauteou a v\u00edtima e cortou-lhe o rosto tamb\u00e9m do lado direito. O man\u00edaco, que continua a solta, cruzou a rua e atacou mais uma pessoa, um homem de 59 anos, que estava sentado a espera do \u00f4nibus M14. O homem recusou-se dar-lhe dinheiro e o man\u00edaco fez-lhe dois cortes no rosto usando a mesma arma. Todas as v\u00edtimas foram encaminhadas para o Bellevue Hospital em condi\u00e7\u00f5es est\u00e1veis. Investiga\u00e7\u00f5es est\u00e3o sendo apuradas e qualquer pessoa com informa\u00e7\u00e3o pode contatar o Crime Stoppers pelo telefone (800) 577-TIPS (8477). O criminoso \u00e9 descrito como negro, alto e forte, usando jaqueta e colete preto com capuz branco, blue jeans e usando t\u00eanis.<\/p>\n","protected":false},"excerpt":{"rendered":"<p>Jr. Schutt&#8211; Policiais em Manhattan, divulgaram o retrato falado e a foto capturada por c\u00e2meras de seguran\u00e7a do suspeito de v\u00e1rios atentados e ataques violentos ocorridos por volta da 1h00 da manh\u00e3 de quarta-feira em v\u00e1rios locais isolados na Grande Ma\u00e7\u00e3. As autoridades declararam que o homem iniciou a onda de ataques a bordo de um trem da Linha 4 na Esta\u00e7\u00e3o da Broadway com Lafayette em dire\u00e7\u00e3o norte, onde ele espancou um passageiro e cortou no rosto de outro usando um cortador de caixas (box cutters).<\/p>\n","protected":false},"author":1,"featured_media":12223,"comment_status":"open","ping_status":"open","sticky":false,"template":"","format":"standard","meta":{"_links_to":"","_links_to_target":""},"categories":[4,1],"tags":[],"views":2470,"_links":{"self":[{"href":"https:\/\/www.brazilianpress.com\/v1\/wp-json\/wp\/v2\/posts\/12222"}],"collection":[{"href":"https:\/\/www.brazilianpress.com\/v1\/wp-json\/wp\/v2\/posts"}],"about":[{"href":"https:\/\/www.brazilianpress.com\/v1\/wp-json\/wp\/v2\/types\/post"}],"author":[{"embeddable":true,"href":"https:\/\/www.brazilianpress.com\/v1\/wp-json\/wp\/v2\/users\/1"}],"replies":[{"embeddable":true,"href":"https:\/\/www.brazilianpress.com\/v1\/wp-json\/wp\/v2\/comments?post=12222"}],"version-history":[{"count":1,"href":"https:\/\/www.brazilianpress.com\/v1\/wp-json\/wp\/v2\/posts\/12222\/revisions"}],"predecessor-version":[{"id":12224,"href":"https:\/\/www.brazilianpress.com\/v1\/wp-json\/wp\/v2\/posts\/12222\/revisions\/12224"}],"wp:featuredmedia":[{"embeddable":true,"href":"https:\/\/www.brazilianpress.com\/v1\/wp-json\/wp\/v2\/media\/12223"}],"wp:attachment":[{"href":"https:\/\/www.brazilianpress.com\/v1\/wp-json\/wp\/v2\/media?parent=12222"}],"wp:term":[{"taxonomy":"category","embeddable":true,"href":"https:\/\/www.brazilianpress.com\/v1\/wp-json\/wp\/v2\/categories?post=12222"},{"taxonomy":"post_tag","embeddable":true,"href":"https:\/\/www.brazilianpress.com\/v1\/wp-json\/wp\/v2\/tags?post=12222"}],"curies":[{"name":"wp","href":"https:\/\/api.w.org\/{rel}","templated":true}]}}