{"id":12249,"date":"2015-02-12T08:54:20","date_gmt":"2015-02-12T12:54:20","guid":{"rendered":"http:\/\/www.brazilianpress.com\/v1\/?p=12249"},"modified":"2015-05-02T04:16:33","modified_gmt":"2015-05-02T08:16:33","slug":"social-press-12022015","status":"publish","type":"post","link":"https:\/\/www.brazilianpress.com\/v1\/2015\/02\/12\/social-press-12022015\/","title":{"rendered":"Social Press . 12\/02\/2015"},"content":{"rendered":"<p><strong><em><img loading=\"lazy\" class=\"alignnone size-full wp-image-12232\" src=\"http:\/\/www.brazilianpress.com\/v1\/wp-content\/uploads\/2015\/02\/social-press-ed1718-20150212-1.jpg\" alt=\"social press ed1718 20150212 (1)\" width=\"450\" height=\"300\" srcset=\"https:\/\/www.brazilianpress.com\/v1\/wp-content\/uploads\/2015\/02\/social-press-ed1718-20150212-1.jpg 450w, https:\/\/www.brazilianpress.com\/v1\/wp-content\/uploads\/2015\/02\/social-press-ed1718-20150212-1-300x200.jpg 300w\" sizes=\"(max-width: 450px) 100vw, 450px\" \/><br \/>\nLove Is In The Air: Celebrando 7 meses de namoro, Fernando Santos e Gracielhe Queir\u00f3z confirmaram a paix\u00e3o com um beijo maravilhoso durante almo\u00e7o no Bras\u00edlia Grill. Happy Valentine\u2019s!<\/em><\/strong><\/p>\n<p><strong><em><img loading=\"lazy\" class=\"alignnone size-full wp-image-12237\" src=\"http:\/\/www.brazilianpress.com\/v1\/wp-content\/uploads\/2015\/02\/social-press-ed1718-20150212-6.jpg\" alt=\"social press ed1718 20150212 (6)\" width=\"450\" height=\"338\" srcset=\"https:\/\/www.brazilianpress.com\/v1\/wp-content\/uploads\/2015\/02\/social-press-ed1718-20150212-6.jpg 450w, https:\/\/www.brazilianpress.com\/v1\/wp-content\/uploads\/2015\/02\/social-press-ed1718-20150212-6-300x225.jpg 300w\" sizes=\"(max-width: 450px) 100vw, 450px\" \/><br \/>\nProgramando f\u00e9rias para fugir do frio? Precisando preparar o Income Tax? O nosso amigo Edson pode ajudar-lhe com efici\u00eancia, confian\u00e7a e rapidez na Monica\u2019s Travel no 274 da Ferry Street, h\u00e1 anos servindo a comunidade de Newark.<\/em><\/strong><\/p>\n<p><strong><em><img loading=\"lazy\" class=\"alignnone size-full wp-image-12238\" src=\"http:\/\/www.brazilianpress.com\/v1\/wp-content\/uploads\/2015\/02\/social-press-ed1718-20150212-7.jpg\" alt=\"social press ed1718 20150212 (7)\" width=\"450\" height=\"300\" srcset=\"https:\/\/www.brazilianpress.com\/v1\/wp-content\/uploads\/2015\/02\/social-press-ed1718-20150212-7.jpg 450w, https:\/\/www.brazilianpress.com\/v1\/wp-content\/uploads\/2015\/02\/social-press-ed1718-20150212-7-300x200.jpg 300w\" sizes=\"(max-width: 450px) 100vw, 450px\" \/><br \/>\nArt among Friends: visiting from LA, Darianna met her New Yorkers girlfriends, Kristin, Maria and Kristine for an afternoon of modern art exploration at MoMA-Museum of Modern Arts in Manhattan. Awesome!<\/em><\/strong><!--more--><\/p>\n<p><strong><em><img loading=\"lazy\" class=\"alignnone size-full wp-image-12239\" src=\"http:\/\/www.brazilianpress.com\/v1\/wp-content\/uploads\/2015\/02\/social-press-ed1718-20150212-8.jpg\" alt=\"social press ed1718 20150212 (8)\" width=\"450\" height=\"300\" srcset=\"https:\/\/www.brazilianpress.com\/v1\/wp-content\/uploads\/2015\/02\/social-press-ed1718-20150212-8.jpg 450w, https:\/\/www.brazilianpress.com\/v1\/wp-content\/uploads\/2015\/02\/social-press-ed1718-20150212-8-300x200.jpg 300w\" sizes=\"(max-width: 450px) 100vw, 450px\" \/><br \/>\nHappy Birthday \u00e0 querida Wannely (direita), celebrando seu anivers\u00e1rio com um almo\u00e7o delicioso no Casa Nova Grill, ao lado dos amigos Geovana, a beb\u00ea Clara, Al e Emerson.<\/em><\/strong><\/p>\n<p><strong><em><img loading=\"lazy\" class=\"alignnone size-full wp-image-12241\" src=\"http:\/\/www.brazilianpress.com\/v1\/wp-content\/uploads\/2015\/02\/social-press-ed1718-20150212-10.jpg\" alt=\"social press ed1718 20150212 (10)\" width=\"450\" height=\"338\" srcset=\"https:\/\/www.brazilianpress.com\/v1\/wp-content\/uploads\/2015\/02\/social-press-ed1718-20150212-10.jpg 450w, https:\/\/www.brazilianpress.com\/v1\/wp-content\/uploads\/2015\/02\/social-press-ed1718-20150212-10-300x225.jpg 300w\" sizes=\"(max-width: 450px) 100vw, 450px\" \/><br \/>\nParab\u00e9ns ao Instrutor de Ballet Andr\u00e9 Teixeira, coordenando e motivando as pequenas bailarinas da Paganini Dance Fitness &amp; Martial Arts. Um futuro brilhante e iluminado a todos voc\u00eas!<\/em><\/strong><\/p>\n<p><strong><em><img loading=\"lazy\" class=\"alignnone size-full wp-image-12242\" src=\"http:\/\/www.brazilianpress.com\/v1\/wp-content\/uploads\/2015\/02\/social-press-ed1718-20150212-11.jpg\" alt=\"social press ed1718 20150212 (11)\" width=\"450\" height=\"338\" srcset=\"https:\/\/www.brazilianpress.com\/v1\/wp-content\/uploads\/2015\/02\/social-press-ed1718-20150212-11.jpg 450w, https:\/\/www.brazilianpress.com\/v1\/wp-content\/uploads\/2015\/02\/social-press-ed1718-20150212-11-300x225.jpg 300w\" sizes=\"(max-width: 450px) 100vw, 450px\" \/><br \/>\nDel\u00edcias do Sul: a confeiteira e cake designer Ad\u00e9lia Budniak, recebendo a visita do amigo curitibano Fernando Anselmo e o irm\u00e3o Jo\u00e3o, dando uma conferida na variedade irresist\u00edvel do Altas Horas Lanches.<\/em><\/strong><\/p>\n<p><strong><em><img loading=\"lazy\" class=\"alignnone size-full wp-image-12243\" src=\"http:\/\/www.brazilianpress.com\/v1\/wp-content\/uploads\/2015\/02\/social-press-ed1718-20150212-12.jpg\" alt=\"social press ed1718 20150212 (12)\" width=\"450\" height=\"300\" srcset=\"https:\/\/www.brazilianpress.com\/v1\/wp-content\/uploads\/2015\/02\/social-press-ed1718-20150212-12.jpg 450w, https:\/\/www.brazilianpress.com\/v1\/wp-content\/uploads\/2015\/02\/social-press-ed1718-20150212-12-300x200.jpg 300w\" sizes=\"(max-width: 450px) 100vw, 450px\" \/><br \/>\nConex\u00e3o Brasil\/USA: o casal Digecila e Vanderley, Emiliano e o empres\u00e1rio Jo\u00e3o Gustavo (direita), estiveram visitando a Terra do Tio Sam e encontraram o amigo Marcos Driver para um bate-papo animado.<\/em><\/strong><\/p>\n<p><strong><em><img loading=\"lazy\" class=\"alignnone size-full wp-image-12244\" src=\"http:\/\/www.brazilianpress.com\/v1\/wp-content\/uploads\/2015\/02\/social-press-ed1718-20150212-13.jpg\" alt=\"social press ed1718 20150212 (13)\" width=\"450\" height=\"300\" srcset=\"https:\/\/www.brazilianpress.com\/v1\/wp-content\/uploads\/2015\/02\/social-press-ed1718-20150212-13.jpg 450w, https:\/\/www.brazilianpress.com\/v1\/wp-content\/uploads\/2015\/02\/social-press-ed1718-20150212-13-300x200.jpg 300w\" sizes=\"(max-width: 450px) 100vw, 450px\" \/><br \/>\nGola\u00e7o! A galera vibrou com a vit\u00f3ria do Corinthians domingo passado, nossa amiga Niliane, a pequena fofurinha Izabelle, Everton e Fl\u00e1vio, celebrando com muita anima\u00e7\u00e3o. Just Fine!<\/em><\/strong><\/p>\n<p><strong><em><img loading=\"lazy\" class=\"alignnone size-full wp-image-12233\" src=\"http:\/\/www.brazilianpress.com\/v1\/wp-content\/uploads\/2015\/02\/social-press-ed1718-20150212-2.jpg\" alt=\"social press ed1718 20150212 (2)\" width=\"350\" height=\"467\" srcset=\"https:\/\/www.brazilianpress.com\/v1\/wp-content\/uploads\/2015\/02\/social-press-ed1718-20150212-2.jpg 350w, https:\/\/www.brazilianpress.com\/v1\/wp-content\/uploads\/2015\/02\/social-press-ed1718-20150212-2-224x300.jpg 224w\" sizes=\"(max-width: 350px) 100vw, 350px\" \/><br \/>\nO aniversariante Fernando Mosconi \u00e9 pura celebra\u00e7\u00e3o! Deus o presenteou com uma filha talentosa, a super linda Ariel, que acaba de graduar-se pela American Musical and Dramatic Academy em NY. Congratulations!<\/em><\/strong><\/p>\n<p><strong><em><img loading=\"lazy\" class=\"alignnone size-full wp-image-12234\" src=\"http:\/\/www.brazilianpress.com\/v1\/wp-content\/uploads\/2015\/02\/social-press-ed1718-20150212-3.jpg\" alt=\"social press ed1718 20150212 (3)\" width=\"350\" height=\"467\" srcset=\"https:\/\/www.brazilianpress.com\/v1\/wp-content\/uploads\/2015\/02\/social-press-ed1718-20150212-3.jpg 350w, https:\/\/www.brazilianpress.com\/v1\/wp-content\/uploads\/2015\/02\/social-press-ed1718-20150212-3-224x300.jpg 224w\" sizes=\"(max-width: 350px) 100vw, 350px\" \/><br \/>\nUma \u00f3tima dica para presentear o seu amor nesta ocasi\u00e3o especial \u00e9 o \u201cCora\u00e7\u00e3o de Chocolate\u201d decorado com muito carinho pelo especialista Rodrigo Rodrigues. Para encomendas ligue (508) 558-8418 Newark e Regi\u00e3o.<\/em><\/strong><\/p>\n<p><strong><em><img loading=\"lazy\" class=\"alignnone size-full wp-image-12235\" src=\"http:\/\/www.brazilianpress.com\/v1\/wp-content\/uploads\/2015\/02\/social-press-ed1718-20150212-4.jpg\" alt=\"social press ed1718 20150212 (4)\" width=\"450\" height=\"300\" srcset=\"https:\/\/www.brazilianpress.com\/v1\/wp-content\/uploads\/2015\/02\/social-press-ed1718-20150212-4.jpg 450w, https:\/\/www.brazilianpress.com\/v1\/wp-content\/uploads\/2015\/02\/social-press-ed1718-20150212-4-300x200.jpg 300w\" sizes=\"(max-width: 450px) 100vw, 450px\" \/><br \/>\nLindas e elegantes, as aniversariantes Grace e Vilneide celebraram ao lado da amiga Claudete no badalado Boi na Brasa. Para sorte das garotas, o cantor Gusttavo Lima sentou-se na mesa ao lado delas. Chique demais!<\/em><\/strong><\/p>\n<p><strong><em><img loading=\"lazy\" class=\"alignnone size-full wp-image-12236\" src=\"http:\/\/www.brazilianpress.com\/v1\/wp-content\/uploads\/2015\/02\/social-press-ed1718-20150212-5.jpg\" alt=\"social press ed1718 20150212 (5)\" width=\"450\" height=\"403\" srcset=\"https:\/\/www.brazilianpress.com\/v1\/wp-content\/uploads\/2015\/02\/social-press-ed1718-20150212-5.jpg 450w, https:\/\/www.brazilianpress.com\/v1\/wp-content\/uploads\/2015\/02\/social-press-ed1718-20150212-5-300x268.jpg 300w\" sizes=\"(max-width: 450px) 100vw, 450px\" \/><br \/>\nA ocasi\u00e3o dos apaixonados \u00e9 momento oportuno para presentear a pessoa amada com uma recorda\u00e7\u00e3o duradoura. Com lojas em Newark e em Manhattan, a Delson Jewelry oferece op\u00e7\u00f5es com o melhor do ouro refinado e joias elegantes para voc\u00ea confirmar o compromisso e a uni\u00e3o. Fa\u00e7a uma visita!<\/em><\/strong><\/p>\n","protected":false},"excerpt":{"rendered":"<p>Love Is In The Air: Celebrando 7 meses de namoro, Fernando Santos e Gracielhe Queir\u00f3z confirmaram a paix\u00e3o com um beijo maravilhoso durante almo\u00e7o no Bras\u00edlia Grill. Happy Valentine\u2019s! Programando f\u00e9rias para fugir do frio? Precisando preparar o Income Tax? O nosso amigo Edson pode ajudar-lhe com efici\u00eancia, confian\u00e7a e rapidez na Monica\u2019s Travel no 274 da Ferry Street, h\u00e1 anos servindo a comunidade de Newark. Art among Friends: visiting from LA, Darianna met her New Yorkers girlfriends, Kristin, Maria and Kristine for an afternoon of modern art exploration at MoMA-Museum of Modern Arts in Manhattan. Awesome!<\/p>\n","protected":false},"author":1,"featured_media":12232,"comment_status":"open","ping_status":"open","sticky":false,"template":"","format":"standard","meta":{"_links_to":"","_links_to_target":""},"categories":[1,6],"tags":[],"views":2865,"_links":{"self":[{"href":"https:\/\/www.brazilianpress.com\/v1\/wp-json\/wp\/v2\/posts\/12249"}],"collection":[{"href":"https:\/\/www.brazilianpress.com\/v1\/wp-json\/wp\/v2\/posts"}],"about":[{"href":"https:\/\/www.brazilianpress.com\/v1\/wp-json\/wp\/v2\/types\/post"}],"author":[{"embeddable":true,"href":"https:\/\/www.brazilianpress.com\/v1\/wp-json\/wp\/v2\/users\/1"}],"replies":[{"embeddable":true,"href":"https:\/\/www.brazilianpress.com\/v1\/wp-json\/wp\/v2\/comments?post=12249"}],"version-history":[{"count":2,"href":"https:\/\/www.brazilianpress.com\/v1\/wp-json\/wp\/v2\/posts\/12249\/revisions"}],"predecessor-version":[{"id":13960,"href":"https:\/\/www.brazilianpress.com\/v1\/wp-json\/wp\/v2\/posts\/12249\/revisions\/13960"}],"wp:featuredmedia":[{"embeddable":true,"href":"https:\/\/www.brazilianpress.com\/v1\/wp-json\/wp\/v2\/media\/12232"}],"wp:attachment":[{"href":"https:\/\/www.brazilianpress.com\/v1\/wp-json\/wp\/v2\/media?parent=12249"}],"wp:term":[{"taxonomy":"category","embeddable":true,"href":"https:\/\/www.brazilianpress.com\/v1\/wp-json\/wp\/v2\/categories?post=12249"},{"taxonomy":"post_tag","embeddable":true,"href":"https:\/\/www.brazilianpress.com\/v1\/wp-json\/wp\/v2\/tags?post=12249"}],"curies":[{"name":"wp","href":"https:\/\/api.w.org\/{rel}","templated":true}]}}