{"id":12255,"date":"2015-02-12T09:02:26","date_gmt":"2015-02-12T13:02:26","guid":{"rendered":"http:\/\/www.brazilianpress.com\/v1\/?p=12255"},"modified":"2015-02-12T09:02:26","modified_gmt":"2015-02-12T13:02:26","slug":"francisco-sampa-data-venia-o-quarteto-da-safadeza-os-empresarios-o-governo-o-povo-e-o-legislativo","status":"publish","type":"post","link":"https:\/\/www.brazilianpress.com\/v1\/2015\/02\/12\/francisco-sampa-data-venia-o-quarteto-da-safadeza-os-empresarios-o-governo-o-povo-e-o-legislativo\/","title":{"rendered":"Francisco Sampa: \u201cData V\u00eania\u201d: O quarteto da safadeza, os empres\u00e1rios, o governo, o povo e o legislativo"},"content":{"rendered":"<p><img loading=\"lazy\" class=\"alignright size-full wp-image-94\" src=\"http:\/\/www.brazilianpress.com\/v1\/wp-content\/uploads\/2013\/04\/francisco_sampa.jpg\" alt=\"francisco_sampa\" width=\"200\" height=\"300\" \/>Na base deste quarteto est\u00e1 boa parte do povo,\u00a0 que a troco\u00a0 de qualquer benef\u00edcio fica calado, assim\u00a0 como est\u00e1 agora diante\u00a0 do petrol\u00e3o, como\u00a0 ficou diante do mensal\u00e3o\u00a0 e outros, d\u00e9cadas passadas e pelo Brasil\u00a0 afora. Por que o povo est\u00e1 calado quieto? Por estar ciente da parcela de culpa que tem ao\u00a0 escolher o Legislativo e o Executivo, pois boa parte dos eleitores agem\u00a0 e atuam, pe\u00e7o licen\u00e7a\u00a0 para usar\u00a0 a frase que ouvi de uma senhora na \u00faltima elei\u00e7\u00e3o: \u201cS\u00e3o um bando de prostitutas de urnas, se vendem\u00a0 (no caso o voto)\u00a0 a troco de qualquer coisa&#8230; telha, tijolo, emprego\u00a0 e \u201cotras cositas mas\u201d, que moral tem para cobrar quem vendeu\u00a0 o\u00a0 voto por m\u00edseros\u00a0 reais?<!--more--><\/p>\n<p>Os empres\u00e1rios\u00a0 gananciosos e com\u00a0 grande\u00a0 n\u00edvel de incompet\u00eancia t\u00e9cnica administrativa, preferem usar\u00a0 atalhos para faturarem alto muito e r\u00e1pido com a coniv\u00eancia de funcion\u00e1rios p\u00fablicos e pol\u00edticos corruptos.<\/p>\n<p>Desde\u00a0 os anos 60,\u00a0 quando comecei\u00a0 a ler e\u00a0 tomar p\u00e9 da situa\u00e7\u00e3o\u00a0 pol\u00edtica\u00a0 do nosso pa\u00eds, nunca\u00a0 vi ou vimos algo t\u00e3o dr\u00e1stico e tenebroso, como o esc\u00e2ndalo da Petrobras, humilhante\u00a0 meu povo\u00a0 n\u00e3o foi os 7 x 1 para Alemanha, humilhante e este quadro de safadeza\u00a0 que vivemos\u00a0 agora, onde a nossa moral\u00a0 que j\u00e1 era pouca\u00a0 mundo afora, agora foi de vez para o esgoto, o Brasil por n\u00e3o pagar cotas da ONU perdeu o comando das Tropas de Paz perdeu o direito a voto em v\u00e1rios \u00f3rg\u00e3os da ONU, n\u00e3o podemos\u00a0 ter ju\u00edzes ou representantes para defender os interesses do Brasil em tribunais\u00a0 internacionais, embaixadas e consulados sob amea\u00e7as de despejo em v\u00e1rias partes do\u00a0 mundo, a culpa de tudo isso n\u00e3o \u00e9 do PT, nem do Lula, t\u00e3o pouco da\u00a0 Dilma, o culpado somos\u00a0 n\u00f3s, povo brasileiro, um bando de frouxos, folgados e coniventes.<\/p>\n<p>Nos tempos da FIG,\u00a0 na minha querida Guarulhos, numa aula de direito\u00a0 romano, descobri o significado desta frase em latim que vem desde\u00a0 os tempos\u00a0 que as legi\u00f5es\u00a0 romanas marchavam pelo mundo \u201c qui tacet,consentire videtur\u201d,\u00a0 quem cala consente, n\u00e3o \u00e9 s\u00f3 o Lula,\u00a0 a Dilma que est\u00e3o calados, n\u00f3s tamb\u00e9m\u00a0 estamos com o rabo entre as pernas, nos tamb\u00e9m\u00a0 estamos, afinal por que\u00a0 nos\u00a0 calamos diante\u00a0 de\u00a0 tanta safadeza\u00a0 com o\u00a0 pa\u00eds\u00a0 e a coisa p\u00fablica, agimos como c\u00famplices desta corja, que esta malufando , baruscando e tantos andos Brasil\u00a0 afora?<\/p>\n<p>Faltam escolas, hospitais, cadeias, seguran\u00e7a para todos e sobram corruptos e corruptores, nossas leis\u00a0 s\u00e3o fr\u00e1geis, \u201cdata v\u00eania\u201d,\u00a0 nossos legisladores s\u00e3o frouxos. Os\u00a0 meus \u00eddolos n\u00e3o morreram de overdose, mas\u00a0 nosso pa\u00eds\u00a0 est\u00e1 se acabando\u00a0 em overdose de esc\u00e2ndalos, acordem brasileiros, fa\u00e7amos alguma coisa, afinal\u00a0 em que\u00a0 pa\u00eds estamos,\u00a0construindo para\u00a0 nossos filhos e netos? Perdemos a capacidade de indigna\u00e7\u00e3o ou ser\u00e1 que nunca a tivemos? Os tamb\u00e9m\u00a0ou fazemos ou somos parte deste quarteto\u00a0 da safadeza, os empres\u00e1rios, o governo, o povo e o legislativo, sempre \u00e9 bom lembrar que na base de tudo est\u00e1 o povo e dele emana, os pol\u00edticos, os empres\u00e1rios e os legisladores \u201cdata v\u00eania\u201d frouxos,\u00a0 que fazem leis frouxas e legislam em causa pr\u00f3pria, como\u00a0 disse o grande Machado de\u00a0 Assis&#8230;\u00a0&#8220;a ocasi\u00e3o \u00a0n\u00e3o faz o ladr\u00e3o, faz o roubo. o ladr\u00e3o j\u00e1 nasce feito&#8221;. Ser\u00e1 que nascemos todos os ladr\u00f5es? Pensem nisso, at\u00e9 a pr\u00f3xima semana sampra\u00e7o, conterr\u00e2neos mundo afora.<\/p>\n","protected":false},"excerpt":{"rendered":"<p>Na base deste quarteto est\u00e1 boa parte do povo,\u00a0 que a troco\u00a0 de qualquer benef\u00edcio fica calado, assim\u00a0 como est\u00e1 agora diante\u00a0 do petrol\u00e3o, como\u00a0 ficou diante do mensal\u00e3o\u00a0 e outros, d\u00e9cadas passadas e pelo Brasil\u00a0 afora. Por que o povo est\u00e1 calado quieto? Por estar ciente da parcela de culpa que tem ao\u00a0 escolher o Legislativo e o Executivo, pois boa parte dos eleitores agem\u00a0 e atuam, pe\u00e7o licen\u00e7a\u00a0 para usar\u00a0 a frase que ouvi de uma senhora na \u00faltima elei\u00e7\u00e3o: \u201cS\u00e3o um bando de prostitutas de urnas, se vendem\u00a0 (no caso o voto)\u00a0 a troco de qualquer coisa&#8230; [&hellip;]<\/p>\n","protected":false},"author":1,"featured_media":94,"comment_status":"open","ping_status":"open","sticky":false,"template":"","format":"standard","meta":{"_links_to":"","_links_to_target":""},"categories":[5,17,1],"tags":[],"views":2309,"_links":{"self":[{"href":"https:\/\/www.brazilianpress.com\/v1\/wp-json\/wp\/v2\/posts\/12255"}],"collection":[{"href":"https:\/\/www.brazilianpress.com\/v1\/wp-json\/wp\/v2\/posts"}],"about":[{"href":"https:\/\/www.brazilianpress.com\/v1\/wp-json\/wp\/v2\/types\/post"}],"author":[{"embeddable":true,"href":"https:\/\/www.brazilianpress.com\/v1\/wp-json\/wp\/v2\/users\/1"}],"replies":[{"embeddable":true,"href":"https:\/\/www.brazilianpress.com\/v1\/wp-json\/wp\/v2\/comments?post=12255"}],"version-history":[{"count":1,"href":"https:\/\/www.brazilianpress.com\/v1\/wp-json\/wp\/v2\/posts\/12255\/revisions"}],"predecessor-version":[{"id":12256,"href":"https:\/\/www.brazilianpress.com\/v1\/wp-json\/wp\/v2\/posts\/12255\/revisions\/12256"}],"wp:featuredmedia":[{"embeddable":true,"href":"https:\/\/www.brazilianpress.com\/v1\/wp-json\/wp\/v2\/media\/94"}],"wp:attachment":[{"href":"https:\/\/www.brazilianpress.com\/v1\/wp-json\/wp\/v2\/media?parent=12255"}],"wp:term":[{"taxonomy":"category","embeddable":true,"href":"https:\/\/www.brazilianpress.com\/v1\/wp-json\/wp\/v2\/categories?post=12255"},{"taxonomy":"post_tag","embeddable":true,"href":"https:\/\/www.brazilianpress.com\/v1\/wp-json\/wp\/v2\/tags?post=12255"}],"curies":[{"name":"wp","href":"https:\/\/api.w.org\/{rel}","templated":true}]}}