{"id":12263,"date":"2015-02-12T09:09:52","date_gmt":"2015-02-12T13:09:52","guid":{"rendered":"http:\/\/www.brazilianpress.com\/v1\/?p=12263"},"modified":"2015-02-12T11:49:04","modified_gmt":"2015-02-12T15:49:04","slug":"agenda-cultural-by-roger-costa-12022015","status":"publish","type":"post","link":"https:\/\/www.brazilianpress.com\/v1\/2015\/02\/12\/agenda-cultural-by-roger-costa-12022015\/","title":{"rendered":"Agenda Cultural, by Roger Costa . 12\/02\/2015"},"content":{"rendered":"<p><img loading=\"lazy\" class=\"alignnone size-full wp-image-12264\" src=\"http:\/\/www.brazilianpress.com\/v1\/wp-content\/uploads\/2015\/02\/agenda-cultural-ed1718-20150212-2.jpg\" alt=\"agenda cultural ed1718 20150212 (2)\" width=\"500\" height=\"333\" srcset=\"https:\/\/www.brazilianpress.com\/v1\/wp-content\/uploads\/2015\/02\/agenda-cultural-ed1718-20150212-2.jpg 500w, https:\/\/www.brazilianpress.com\/v1\/wp-content\/uploads\/2015\/02\/agenda-cultural-ed1718-20150212-2-300x199.jpg 300w\" sizes=\"(max-width: 500px) 100vw, 500px\" \/><\/p>\n<p><strong>*MoMA (11 West 53<sup>rd<\/sup> Street)-<\/strong> Extra\u00edda de cole\u00e7\u00e3o privada, a mostra fotogr\u00e1fica <strong><em>\u201cModern Photographs from the Thomas Walther Collection, 1909-1949\u201d (foto) <\/em><\/strong>\u00e9 um deslumbre para os olhos, com <strong><em>imagens surrealistas, expressionistas, \u00e2ngulos arquitet\u00f4nicos<\/em><\/strong> e refer\u00eancias geom\u00e9tricas. A compila\u00e7\u00e3o de <strong><em>300 trabalhos<\/em><\/strong> de artistas renomados como Karl Blosfeldt e Germaine Krull, entre outros, tem o interesse em observar fatos e movimentos em <strong><em>ambientes urbanos e industriais, com o foco em sombras,<\/em><\/strong> paisagens, vistas incomuns e distor\u00e7\u00f5es, al\u00e9m de efeitos 3D. O resultado \u00e9 de tirar o f\u00f4lego, com \u00e2ngulos sensacionais que meditam em costumes e caracter\u00edsticas de intera\u00e7\u00e3o humana <strong><em>com sombras representando espelhos<\/em><\/strong>. Em exibi\u00e7\u00e3o na Galeria de Fotografia no 3\u00ba Piso. Apreciadores de fatos reais explorados pelas lentes de <strong><em>documentaristas emergentes ao redor do mundo <\/em><\/strong>tem a oportunidade de conferir novas produ\u00e7\u00f5es, incluindo do Brasil, M\u00e9xico e Kenya, com o <strong><em>Festival Documentary Fortnight 2015<\/em><\/strong>, de 13 a 27 de fevereiro. Neste fim de semana ser\u00e3o exibidos o mexicano <strong><em>\u201cCaf\u00e9\u201d<\/em><\/strong> e o filipino <strong><em>\u201cStorm Children, Book One\u201d.<\/em><\/strong> <strong>Visite <\/strong><a href=\"http:\/\/www.moma.org\"><strong>www.moma.org<\/strong><\/a><strong>.<\/strong><!--more--><\/p>\n<p><strong>*Brookfield Place New York (230 Vesey Street)-<\/strong> De 17 a 20 de fevereiro, \u00e0s 8h00pm, acontece mostra de <strong><em>Filmes mudos<\/em><\/strong> contempor\u00e2neos com acompanhamento musical ao vivo. Al\u00e9m de curtas com <strong><em>m\u00fasica composta por Jim Jarmusch e Carter Logan,<\/em><\/strong> o evento exibir\u00e1 o longa espanhol <strong><em>\u201cBlancanieves\u201d<\/em><\/strong> realizado em 2012. Gratuito. <strong>Visite <\/strong><a href=\"http:\/\/www.artsbrookfield.com\"><strong>www.artsbrookfield.com<\/strong><\/a><strong>.<\/strong><\/p>\n<p><strong>*The Joyce Theater (175 8th Avenue, 19th Street)-<\/strong> A renomada <strong><em>Martha Graham Dance Company<\/em><\/strong> apresenta o espet\u00e1culo <strong><em>\u201cShape &amp; Design\u201d <\/em><\/strong>at\u00e9 o proximo dia 22, celebrando o aspecto <strong><em>Modernista Americano<\/em><\/strong> que define suas influ\u00eancias em <strong><em>coreografias com aspectos esculturais<\/em><\/strong> e de arquitetura moderna. O programa inclui os cl\u00e1ssicos de est\u00e9tica geom\u00e9trica <strong><em>\u201cPanorama\u201d e \u201cChronicle\u201d,<\/em><\/strong> entre outros. Sess\u00e3o matin\u00ea no s\u00e1bado e domingo. Ingressos a partir de $10. <strong>Visite <\/strong><a href=\"http:\/\/www.joyce.org\"><strong>www.joyce.org<\/strong><\/a><strong>.<\/strong><\/p>\n<p><img loading=\"lazy\" class=\"alignnone size-full wp-image-12265\" src=\"http:\/\/www.brazilianpress.com\/v1\/wp-content\/uploads\/2015\/02\/agenda-cultural-ed1718-20150212-1.jpg\" alt=\"agenda cultural ed1718 20150212 (1)\" width=\"500\" height=\"258\" srcset=\"https:\/\/www.brazilianpress.com\/v1\/wp-content\/uploads\/2015\/02\/agenda-cultural-ed1718-20150212-1.jpg 500w, https:\/\/www.brazilianpress.com\/v1\/wp-content\/uploads\/2015\/02\/agenda-cultural-ed1718-20150212-1-300x154.jpg 300w\" sizes=\"(max-width: 500px) 100vw, 500px\" \/><\/p>\n<p><strong>*NJPAC (1 Center Street, Newark)-<\/strong> Nesta sexta-feira \u00e0s 8h00pm, o palco ser\u00e1 tomado por muito <strong><em>reggae, R&amp;B<\/em><\/strong> e dancehall com o jamaicano vencedor do <strong><em>Grammy Shaggy (foto)<\/em><\/strong>, acompanhado dos cantores <strong><em>Maxi Priest e Sanchez. <\/em><\/strong>Ap\u00f3s o sucesso com a montagem de \u201cCinderella\u201d, a companhia <strong><em>The State Ballet Theatre of Russia<\/em><\/strong> retorna para apresentar o conto <strong><em>\u201cSwan Lake\u201d<\/em><\/strong> neste domingo \u00e0s 3h00pm. O espet\u00e1culo \u00e9 <strong><em>programa ideal para a fam\u00edlia <\/em><\/strong>e crian\u00e7as com aptid\u00e3o a dan\u00e7a. Ingressos a partir de $29. <strong>Visite <\/strong><a href=\"http:\/\/www.njpac.org\"><strong>www.njpac.org<\/strong><\/a><strong>.<\/strong><\/p>\n<p><strong>*Americas Society (680 Park Avenue)-<\/strong> Acaba de ser inaugurada a mostra de design modernista <strong><em>\u201cModerno: Living in Brazil, Mexico and Venezuela\u201d <\/em><\/strong>expandindo objetos, <strong><em>m\u00f3veis e trabalhos<\/em><\/strong> de importantes artistas e designers incluindo <strong><em>Oscar Niemeyer<\/em><\/strong> concebidos no per\u00edodo de 1940-1978. <strong>Visite <\/strong><a href=\"http:\/\/www.as-coa.org\"><strong>www.as-coa.org<\/strong><\/a><strong>.<\/strong><\/p>\n","protected":false},"excerpt":{"rendered":"<p>*MoMA (11 West 53rd Street)- Extra\u00edda de cole\u00e7\u00e3o privada, a mostra fotogr\u00e1fica \u201cModern Photographs from the Thomas Walther Collection, 1909-1949\u201d (foto) \u00e9 um deslumbre para os olhos, com imagens surrealistas, expressionistas, \u00e2ngulos arquitet\u00f4nicos e refer\u00eancias geom\u00e9tricas. A compila\u00e7\u00e3o de 300 trabalhos de artistas renomados como Karl Blosfeldt e Germaine Krull, entre outros, tem o interesse em observar fatos e movimentos em ambientes urbanos e industriais, com o foco em sombras, paisagens, vistas incomuns e distor\u00e7\u00f5es, al\u00e9m de efeitos 3D. O resultado \u00e9 de tirar o f\u00f4lego, com \u00e2ngulos sensacionais que meditam em costumes e caracter\u00edsticas de intera\u00e7\u00e3o humana com sombras [&hellip;]<\/p>\n","protected":false},"author":1,"featured_media":12264,"comment_status":"open","ping_status":"open","sticky":false,"template":"","format":"standard","meta":{"_links_to":"","_links_to_target":""},"categories":[20,5,1],"tags":[],"views":2173,"_links":{"self":[{"href":"https:\/\/www.brazilianpress.com\/v1\/wp-json\/wp\/v2\/posts\/12263"}],"collection":[{"href":"https:\/\/www.brazilianpress.com\/v1\/wp-json\/wp\/v2\/posts"}],"about":[{"href":"https:\/\/www.brazilianpress.com\/v1\/wp-json\/wp\/v2\/types\/post"}],"author":[{"embeddable":true,"href":"https:\/\/www.brazilianpress.com\/v1\/wp-json\/wp\/v2\/users\/1"}],"replies":[{"embeddable":true,"href":"https:\/\/www.brazilianpress.com\/v1\/wp-json\/wp\/v2\/comments?post=12263"}],"version-history":[{"count":1,"href":"https:\/\/www.brazilianpress.com\/v1\/wp-json\/wp\/v2\/posts\/12263\/revisions"}],"predecessor-version":[{"id":12266,"href":"https:\/\/www.brazilianpress.com\/v1\/wp-json\/wp\/v2\/posts\/12263\/revisions\/12266"}],"wp:featuredmedia":[{"embeddable":true,"href":"https:\/\/www.brazilianpress.com\/v1\/wp-json\/wp\/v2\/media\/12264"}],"wp:attachment":[{"href":"https:\/\/www.brazilianpress.com\/v1\/wp-json\/wp\/v2\/media?parent=12263"}],"wp:term":[{"taxonomy":"category","embeddable":true,"href":"https:\/\/www.brazilianpress.com\/v1\/wp-json\/wp\/v2\/categories?post=12263"},{"taxonomy":"post_tag","embeddable":true,"href":"https:\/\/www.brazilianpress.com\/v1\/wp-json\/wp\/v2\/tags?post=12263"}],"curies":[{"name":"wp","href":"https:\/\/api.w.org\/{rel}","templated":true}]}}