{"id":12270,"date":"2015-02-12T09:34:13","date_gmt":"2015-02-12T13:34:13","guid":{"rendered":"http:\/\/www.brazilianpress.com\/v1\/?p=12270"},"modified":"2015-02-12T09:34:13","modified_gmt":"2015-02-12T13:34:13","slug":"cruzeiro-acerta-detalhes-para-fechar-com-joia-da-portuguesa","status":"publish","type":"post","link":"https:\/\/www.brazilianpress.com\/v1\/2015\/02\/12\/cruzeiro-acerta-detalhes-para-fechar-com-joia-da-portuguesa\/","title":{"rendered":"Cruzeiro acerta detalhes para fechar com joia da Portuguesa"},"content":{"rendered":"<p><img loading=\"lazy\" class=\"alignnone size-full wp-image-12271\" src=\"http:\/\/www.brazilianpress.com\/v1\/wp-content\/uploads\/2015\/02\/gabriel-xavier.jpg\" alt=\"gabriel xavier\" width=\"500\" height=\"300\" srcset=\"https:\/\/www.brazilianpress.com\/v1\/wp-content\/uploads\/2015\/02\/gabriel-xavier.jpg 500w, https:\/\/www.brazilianpress.com\/v1\/wp-content\/uploads\/2015\/02\/gabriel-xavier-300x180.jpg 300w\" sizes=\"(max-width: 500px) 100vw, 500px\" \/><\/p>\n<p>O Cruzeiro se acertou com o staff de Gabriel Xavier e agora negocia a libera\u00e7\u00e3o do meia-atacante junto \u00e0 Portuguesa, detentora de seus direitos econ\u00f4micos. Os clubes ainda n\u00e3o entraram em acordo, mas mant\u00eam conversas para que o apoiador deixe o Canind\u00e9 sem quaisquer imbr\u00f3glios judici\u00e1rios. H\u00e1 um consenso entre as partes para que o bicampe\u00e3o brasileiro desembolse um montante para efetuar a contrata\u00e7\u00e3o.<\/p>\n<p>As tratativas s\u00e3o conduzidas por Valdir Barbosa, gerente de futebol cruzeirense, e Il\u00eddio Lico, presidente do clube paulistano. A princ\u00edpio, a negocia\u00e7\u00e3o esbarra no valor exigido pela Portuguesa, o qual n\u00e3o \u00e9 revelado pelas partes. Com o intuito de contrat\u00e1-lo, os mineiros contam com o aporte de um investidor, mas tentam reduzir a quantia exigida.<!--more--><\/p>\n<p>Os representantes do atleta n\u00e3o confirmam, mas h\u00e1 um acordo entre eles e os dirigentes do Cruzeiro para que o atleta, de 21 anos, vista a camisa do bicampe\u00e3o nacional. Eles aguardam apenas a libera\u00e7\u00e3o da Portuguesa para ratificarem a negocia\u00e7\u00e3o.<\/p>\n<p>&#8220;O Cruzeiro n\u00e3o fez proposta, nem poderia fazer, porque o atleta ainda tem contrato com a Portuguesa. Mas \u00e9 claro que h\u00e1 um entendimento para que ele defenda o Cruzeiro. Estamos aguardando as conversas entre os clubes se encerrarem para fecharmos tudo&#8221;, afirmou Junior Pedroso, agente do apoiador.<\/p>\n<p>Gabriel Xavier moveu uma a\u00e7\u00e3o trabalhista contra a Lusa devido aos frequentes atrasos salariais. A situa\u00e7\u00e3o se tornou p\u00fablica e a sua sa\u00edda do Canind\u00e9 passa pela retirada do processo judicial, conforme apurado pela reportagem. Os pr\u00f3prios dirigentes do Cruzeiro tentam demov\u00ea-lo da ideia.\u200b<\/p>\n<p>O jogador tem 21 anos e costuma atuar pela faixa central e esquerda do gramado. Em 2014, realizou 40 jogos pela Portuguesa. Pelo Brasileiro da S\u00e9rie B, torneio em que a Lusa acabou rebaixada \u00e0 terceira divis\u00e3o, Gabriel marcou quatro gols e deu uma assist\u00eancia nos 29 compromissos jogados.<\/p>\n","protected":false},"excerpt":{"rendered":"<p>O Cruzeiro se acertou com o staff de Gabriel Xavier e agora negocia a libera\u00e7\u00e3o do meia-atacante junto \u00e0 Portuguesa, detentora de seus direitos econ\u00f4micos. Os clubes ainda n\u00e3o entraram em acordo, mas mant\u00eam conversas para que o apoiador deixe o Canind\u00e9 sem quaisquer imbr\u00f3glios judici\u00e1rios. H\u00e1 um consenso entre as partes para que o bicampe\u00e3o brasileiro desembolse um montante para efetuar a contrata\u00e7\u00e3o. As tratativas s\u00e3o conduzidas por Valdir Barbosa, gerente de futebol cruzeirense, e Il\u00eddio Lico, presidente do clube paulistano. A princ\u00edpio, a negocia\u00e7\u00e3o esbarra no valor exigido pela Portuguesa, o qual n\u00e3o \u00e9 revelado pelas partes. Com [&hellip;]<\/p>\n","protected":false},"author":1,"featured_media":12271,"comment_status":"open","ping_status":"open","sticky":false,"template":"","format":"standard","meta":{"_links_to":"","_links_to_target":""},"categories":[9,1],"tags":[],"views":1865,"_links":{"self":[{"href":"https:\/\/www.brazilianpress.com\/v1\/wp-json\/wp\/v2\/posts\/12270"}],"collection":[{"href":"https:\/\/www.brazilianpress.com\/v1\/wp-json\/wp\/v2\/posts"}],"about":[{"href":"https:\/\/www.brazilianpress.com\/v1\/wp-json\/wp\/v2\/types\/post"}],"author":[{"embeddable":true,"href":"https:\/\/www.brazilianpress.com\/v1\/wp-json\/wp\/v2\/users\/1"}],"replies":[{"embeddable":true,"href":"https:\/\/www.brazilianpress.com\/v1\/wp-json\/wp\/v2\/comments?post=12270"}],"version-history":[{"count":1,"href":"https:\/\/www.brazilianpress.com\/v1\/wp-json\/wp\/v2\/posts\/12270\/revisions"}],"predecessor-version":[{"id":12272,"href":"https:\/\/www.brazilianpress.com\/v1\/wp-json\/wp\/v2\/posts\/12270\/revisions\/12272"}],"wp:featuredmedia":[{"embeddable":true,"href":"https:\/\/www.brazilianpress.com\/v1\/wp-json\/wp\/v2\/media\/12271"}],"wp:attachment":[{"href":"https:\/\/www.brazilianpress.com\/v1\/wp-json\/wp\/v2\/media?parent=12270"}],"wp:term":[{"taxonomy":"category","embeddable":true,"href":"https:\/\/www.brazilianpress.com\/v1\/wp-json\/wp\/v2\/categories?post=12270"},{"taxonomy":"post_tag","embeddable":true,"href":"https:\/\/www.brazilianpress.com\/v1\/wp-json\/wp\/v2\/tags?post=12270"}],"curies":[{"name":"wp","href":"https:\/\/api.w.org\/{rel}","templated":true}]}}