{"id":12273,"date":"2015-02-12T09:35:48","date_gmt":"2015-02-12T13:35:48","guid":{"rendered":"http:\/\/www.brazilianpress.com\/v1\/?p=12273"},"modified":"2015-02-12T09:48:25","modified_gmt":"2015-02-12T13:48:25","slug":"cardenas-e-regularizado-e-pode-estrear-pelo-atletico-mg-ja-neste-sabado","status":"publish","type":"post","link":"https:\/\/www.brazilianpress.com\/v1\/2015\/02\/12\/cardenas-e-regularizado-e-pode-estrear-pelo-atletico-mg-ja-neste-sabado\/","title":{"rendered":"C\u00e1rdenas \u00e9 regularizado e pode estrear pelo Atl\u00e9tico-MG j\u00e1 neste s\u00e1bado"},"content":{"rendered":"<p><img loading=\"lazy\" class=\"alignnone size-full wp-image-12274\" src=\"http:\/\/www.brazilianpress.com\/v1\/wp-content\/uploads\/2015\/02\/cardenas-atletico-mg.jpg\" alt=\"cardenas atletico mg\" width=\"500\" height=\"300\" srcset=\"https:\/\/www.brazilianpress.com\/v1\/wp-content\/uploads\/2015\/02\/cardenas-atletico-mg.jpg 500w, https:\/\/www.brazilianpress.com\/v1\/wp-content\/uploads\/2015\/02\/cardenas-atletico-mg-300x180.jpg 300w\" sizes=\"(max-width: 500px) 100vw, 500px\" \/><\/p>\n<p>Terceiro refor\u00e7o do Atl\u00e9tico-MG para a temporada 2015, o colombiano Sherman C\u00e1rdenas est\u00e1 regularizado e j\u00e1 pode estrear pelo novo clube, neste s\u00e1bado (14\/2), contra o Democrata-GV, \u00e0s 19h30, no Est\u00e1dio Independ\u00eancia. Agora, a utiliza\u00e7\u00e3o do colombiano ou n\u00e3o, depende exclusivamente do t\u00e9cnico Levir Culpi.<\/p>\n<p>Nas primeiras vezes que falou sobre o jogador, o treinador atleticano manteve o mist\u00e9rio quanto a chance de colocar C\u00e1rdenas em campo no jogo v\u00e1lido pela terceira rodada do Campeonato Mineiro. Embora o meia estivesse em pr\u00e9-temporada com o Atl\u00e9tico Nacional-COL, Levir avisou que observaria e conversaria com o atleta durante a semana.<!--more--><\/p>\n<p>No jogo-treino realizado nessa segunda-feira, na Cidade do Galo, contra o Progresso, de Angola, C\u00e1rdenas participou do primeiro tempo e teve bom desempenho. Ainda um pouco t\u00edmido, devido ao pouco tempo de clube, mas com boa movimenta\u00e7\u00e3o e centralizado, com a fun\u00e7\u00e3o de armar a equipe.<\/p>\n<p>Contratado por empr\u00e9stimo junto do Atl\u00e9tico Nacional-COL, o colombiano tem v\u00ednculo com o Atl\u00e9tico at\u00e9 30\/12\/2015, j\u00e1 que ele chegou a Belo Horizonte por empr\u00e9stimo. O Atl\u00e9tico desembolsou US$ 400 mil (cerca de R$ 1,1 milh\u00e3o) para contar com C\u00e1rdenas nos pr\u00f3ximos dez meses. Os direitos do atleta est\u00e3o fixados e o Atl\u00e9tico j\u00e1 conta com um parceiro para evitar a compra, caso o colombiano tenha sucesso no Brasil.<\/p>\n<p>Apresentado na \u00faltima semana, C\u00e1rdenas chegou falando em jogar. &#8220;Estava trabalhando normalmente na Col\u00f4mbia, por isso estou em condi\u00e7\u00e3o de jogar. Estou pronto e preparado, j\u00e1 \u00e0 disposi\u00e7\u00e3o do treinador&#8221;.<\/p>\n<p>At\u00e9 a defini\u00e7\u00e3o dos relacionados para o jogo contra o Democrata-GV, o Atl\u00e9tico vai treinar mais quatro vezes. Boas oportunidades para C\u00e1rdenas mostrar que est\u00e1 pode sim ser escolhido por Levir Culpi para entrar em campo. Como na quarta-feira seguinte (18\/2) tem a estreia na Copa Libertadores e alguns titulares podem ser poupados, as chances de o colombiano estrear neste s\u00e1bado s\u00e3o grandes.<\/p>\n","protected":false},"excerpt":{"rendered":"<p>Terceiro refor\u00e7o do Atl\u00e9tico-MG para a temporada 2015, o colombiano Sherman C\u00e1rdenas est\u00e1 regularizado e j\u00e1 pode estrear pelo novo clube, neste s\u00e1bado (14\/2), contra o Democrata-GV, \u00e0s 19h30, no Est\u00e1dio Independ\u00eancia. Agora, a utiliza\u00e7\u00e3o do colombiano ou n\u00e3o, depende exclusivamente do t\u00e9cnico Levir Culpi. Nas primeiras vezes que falou sobre o jogador, o treinador atleticano manteve o mist\u00e9rio quanto a chance de colocar C\u00e1rdenas em campo no jogo v\u00e1lido pela terceira rodada do Campeonato Mineiro. Embora o meia estivesse em pr\u00e9-temporada com o Atl\u00e9tico Nacional-COL, Levir avisou que observaria e conversaria com o atleta durante a semana.<\/p>\n","protected":false},"author":1,"featured_media":12274,"comment_status":"open","ping_status":"open","sticky":false,"template":"","format":"standard","meta":{"_links_to":"","_links_to_target":""},"categories":[9,1],"tags":[],"views":2316,"_links":{"self":[{"href":"https:\/\/www.brazilianpress.com\/v1\/wp-json\/wp\/v2\/posts\/12273"}],"collection":[{"href":"https:\/\/www.brazilianpress.com\/v1\/wp-json\/wp\/v2\/posts"}],"about":[{"href":"https:\/\/www.brazilianpress.com\/v1\/wp-json\/wp\/v2\/types\/post"}],"author":[{"embeddable":true,"href":"https:\/\/www.brazilianpress.com\/v1\/wp-json\/wp\/v2\/users\/1"}],"replies":[{"embeddable":true,"href":"https:\/\/www.brazilianpress.com\/v1\/wp-json\/wp\/v2\/comments?post=12273"}],"version-history":[{"count":1,"href":"https:\/\/www.brazilianpress.com\/v1\/wp-json\/wp\/v2\/posts\/12273\/revisions"}],"predecessor-version":[{"id":12275,"href":"https:\/\/www.brazilianpress.com\/v1\/wp-json\/wp\/v2\/posts\/12273\/revisions\/12275"}],"wp:featuredmedia":[{"embeddable":true,"href":"https:\/\/www.brazilianpress.com\/v1\/wp-json\/wp\/v2\/media\/12274"}],"wp:attachment":[{"href":"https:\/\/www.brazilianpress.com\/v1\/wp-json\/wp\/v2\/media?parent=12273"}],"wp:term":[{"taxonomy":"category","embeddable":true,"href":"https:\/\/www.brazilianpress.com\/v1\/wp-json\/wp\/v2\/categories?post=12273"},{"taxonomy":"post_tag","embeddable":true,"href":"https:\/\/www.brazilianpress.com\/v1\/wp-json\/wp\/v2\/tags?post=12273"}],"curies":[{"name":"wp","href":"https:\/\/api.w.org\/{rel}","templated":true}]}}