{"id":12276,"date":"2015-02-12T09:39:15","date_gmt":"2015-02-12T13:39:15","guid":{"rendered":"http:\/\/www.brazilianpress.com\/v1\/?p=12276"},"modified":"2015-02-12T09:39:15","modified_gmt":"2015-02-12T13:39:15","slug":"em-dois-dias-mais-de-220-morrem-em-naufragios-no-mar-mediterraneo","status":"publish","type":"post","link":"https:\/\/www.brazilianpress.com\/v1\/2015\/02\/12\/em-dois-dias-mais-de-220-morrem-em-naufragios-no-mar-mediterraneo\/","title":{"rendered":"Em dois dias, mais de 220 morrem em naufr\u00e1gios no mar Mediterr\u00e2neo"},"content":{"rendered":"<p><img loading=\"lazy\" class=\"alignnone size-full wp-image-12277\" src=\"http:\/\/www.brazilianpress.com\/v1\/wp-content\/uploads\/2015\/02\/naufragio-imigrantes-mediterraneo.jpg\" alt=\"naufragio imigrantes mediterraneo\" width=\"500\" height=\"281\" srcset=\"https:\/\/www.brazilianpress.com\/v1\/wp-content\/uploads\/2015\/02\/naufragio-imigrantes-mediterraneo.jpg 500w, https:\/\/www.brazilianpress.com\/v1\/wp-content\/uploads\/2015\/02\/naufragio-imigrantes-mediterraneo-300x168.jpg 300w\" sizes=\"(max-width: 500px) 100vw, 500px\" \/><\/p>\n<p>Mais de 200 imigrantes s\u00e3o considerados desaparecidos ap\u00f3s o naufr\u00e1gio de duas embarca\u00e7\u00f5es no mar Mediterr\u00e2neo, na Costa da L\u00edbia. A porta-voz na It\u00e1lia do Alto Comissariado das Na\u00e7\u00f5es Unidas para os Refugiados (ACNUR), classificou o naufr\u00e1gio como uma trag\u00e9dia horr\u00edvel.<\/p>\n<p>\u2013\u00a0H\u00e1 nove s\u00e3os e salvos depois de passar quatro dias no mar. Os outros 203 foram levados pelas ondas \u2013 anunciou a porta-voz em sua conta no Witter.<!--more--><\/p>\n<p>Os nove sobreviventes, que falam franc\u00eas e provavelmente s\u00e3o africanos, chegaram nesta quarta a ilha de Lampedusa, na It\u00e1lia.<\/p>\n<p>As primeiras informa\u00e7\u00f5es obtidas pela Organiza\u00e7\u00e3o Internacional para as Migra\u00e7\u00f5es (OIM), os s\u00e3o de que no s\u00e1bado, mais de 200 pessoas partiram em dois botes pneum\u00e1ticos, de uma praia da L\u00edbia, que viraram, provavelmente na segunda-feira.<\/p>\n<p>A guarda costeira italiana socorreu no domingo, na mesma regi\u00e3o, outra embarca\u00e7\u00e3o que havia partido da L\u00edbia e transportava 100 emigrantes. Quando a guarda costeira chegou, sete deles j\u00e1 estavam mortos e outros 22 faleceram no trajeto at\u00e9 Lampedusa.<\/p>\n","protected":false},"excerpt":{"rendered":"<p>Mais de 200 imigrantes s\u00e3o considerados desaparecidos ap\u00f3s o naufr\u00e1gio de duas embarca\u00e7\u00f5es no mar Mediterr\u00e2neo, na Costa da L\u00edbia. A porta-voz na It\u00e1lia do Alto Comissariado das Na\u00e7\u00f5es Unidas para os Refugiados (ACNUR), classificou o naufr\u00e1gio como uma trag\u00e9dia horr\u00edvel. \u2013\u00a0H\u00e1 nove s\u00e3os e salvos depois de passar quatro dias no mar. Os outros 203 foram levados pelas ondas \u2013 anunciou a porta-voz em sua conta no Witter.<\/p>\n","protected":false},"author":1,"featured_media":12277,"comment_status":"open","ping_status":"open","sticky":false,"template":"","format":"standard","meta":{"_links_to":"","_links_to_target":""},"categories":[8,1],"tags":[],"views":2451,"_links":{"self":[{"href":"https:\/\/www.brazilianpress.com\/v1\/wp-json\/wp\/v2\/posts\/12276"}],"collection":[{"href":"https:\/\/www.brazilianpress.com\/v1\/wp-json\/wp\/v2\/posts"}],"about":[{"href":"https:\/\/www.brazilianpress.com\/v1\/wp-json\/wp\/v2\/types\/post"}],"author":[{"embeddable":true,"href":"https:\/\/www.brazilianpress.com\/v1\/wp-json\/wp\/v2\/users\/1"}],"replies":[{"embeddable":true,"href":"https:\/\/www.brazilianpress.com\/v1\/wp-json\/wp\/v2\/comments?post=12276"}],"version-history":[{"count":1,"href":"https:\/\/www.brazilianpress.com\/v1\/wp-json\/wp\/v2\/posts\/12276\/revisions"}],"predecessor-version":[{"id":12278,"href":"https:\/\/www.brazilianpress.com\/v1\/wp-json\/wp\/v2\/posts\/12276\/revisions\/12278"}],"wp:featuredmedia":[{"embeddable":true,"href":"https:\/\/www.brazilianpress.com\/v1\/wp-json\/wp\/v2\/media\/12277"}],"wp:attachment":[{"href":"https:\/\/www.brazilianpress.com\/v1\/wp-json\/wp\/v2\/media?parent=12276"}],"wp:term":[{"taxonomy":"category","embeddable":true,"href":"https:\/\/www.brazilianpress.com\/v1\/wp-json\/wp\/v2\/categories?post=12276"},{"taxonomy":"post_tag","embeddable":true,"href":"https:\/\/www.brazilianpress.com\/v1\/wp-json\/wp\/v2\/tags?post=12276"}],"curies":[{"name":"wp","href":"https:\/\/api.w.org\/{rel}","templated":true}]}}