{"id":1240,"date":"2013-06-20T11:38:00","date_gmt":"2013-06-20T15:38:00","guid":{"rendered":"http:\/\/www.brazilianpress.com\/v1\/?p=1240"},"modified":"2013-06-20T11:38:00","modified_gmt":"2013-06-20T15:38:00","slug":"bate-papo-exclusivo-com-o-cineasta-premiado-pedro-almodovar","status":"publish","type":"post","link":"https:\/\/www.brazilianpress.com\/v1\/2013\/06\/20\/bate-papo-exclusivo-com-o-cineasta-premiado-pedro-almodovar\/","title":{"rendered":"Bate-Papo Exclusivo com o Cineasta Premiado Pedro Almodovar"},"content":{"rendered":"<p><i><span style=\"text-decoration: underline;\">Roger Costa<\/span><\/i>&#8211; O cineasta Pedro Almodovar \u00e9 o diretor espanhol de maior reconhecimento internacional desde Luis Bu\u00f1uel. Nascido em La Mancha em 1949, Almodovar mudou-se para Madrid em 1968, com o objetivo de fazer cinema. Sem dinheiro para pagar os estudos, ele conseguiu comprar uma c\u00e2mera Super 8, com o dinheiro que economizou trabalhando numa companhia telef\u00f4nica. Durante 1972 e 1978, ele produziu curtas que chamou a aten\u00e7\u00e3o ao redor do mundo por seu contexto de Movimento Pop, criado durante os anos do Governo Franco. <!--more--><\/p>\n<p><img loading=\"lazy\" class=\"alignnone size-full wp-image-1241\" alt=\"pedro almodovar exclusivo entrevista\" src=\"http:\/\/www.brazilianpress.com\/v1\/wp-content\/uploads\/2013\/06\/pedro-almodovar-exclusivo-entrevista.jpg\" width=\"500\" height=\"346\" srcset=\"https:\/\/www.brazilianpress.com\/v1\/wp-content\/uploads\/2013\/06\/pedro-almodovar-exclusivo-entrevista.jpg 500w, https:\/\/www.brazilianpress.com\/v1\/wp-content\/uploads\/2013\/06\/pedro-almodovar-exclusivo-entrevista-300x207.jpg 300w\" sizes=\"(max-width: 500px) 100vw, 500px\" \/><\/p>\n<p>Seu primeiro longa-metragem, \u201cPepi Luci Bom\u201d foi lan\u00e7ado em 1980. Desde ent\u00e3o Almodovar, j\u00e1 realizou 33 filmes como diretor, muitos outros como produtor e roteirista, venceu 2 Oscar, e conquistou fama mundial com seus filmes t\u00e3o populares ao redor do globo. Sua pr\u00f3xima com\u00e9dia, \u201cI\u2019m So Excited\u201d \u00e9 um dos filmes mais aguardados do ver\u00e3o, entra em cartaz no pr\u00f3ximo dia 28. Tive o prazer de conhec\u00ea-lo h\u00e1 algumas semanas atr\u00e1s durante sua visita a New York para promover o filme e bater um papo descontra\u00eddo sobre sua carreira, a consagra\u00e7\u00e3o, seus ideais e tamb\u00e9m a concep\u00e7\u00e3o da nova com\u00e9dia.<\/p>\n<p><b>*O homossexualismo \u00e9 uma caracter\u00edstica em seus filmes. Como esse fato \u00e9 encarado na Espanha?<\/b><\/p>\n<p>-L\u00e1 existe muito machismo, a sociedade ainda se mostra conservadora, especialmente as mulheres, n\u00e3o s\u00e3o aceitas, \u00e9 um caso complicado. Mesmo com tantas mudan\u00e7as, o pa\u00eds continua homof\u00f3bico e a igreja est\u00e1 muito preocupada com esse fato, para proteger as fam\u00edlias. Existe uma revolu\u00e7\u00e3o sexual acontecendo neste momento, no entanto, a homossexualidade \u00e9 algo fortemente vis\u00edvel, mas o problema da aceita\u00e7\u00e3o \u00e9 grande na Espanha. No caso de \u201cI\u2019m So Excited\u201d, tento demonstrar a bisexualidade como parte de nossa sociedade, muitos n\u00e3o falam a respeito, mas existe muito l\u00e1.<\/p>\n<p><b>*O movimento de express\u00e3o criado nos anos 70, influenciou grande parte de seus filmes. Onde esse aspecto se encaixa no novo filme?<\/b><\/p>\n<p>-O filme \u00e9 uma homenagem aquele per\u00edodo marcante na hist\u00f3ria pol\u00edtica da Espanha, onde todos os aspectos est\u00e3o unidos a bordo de um avi\u00e3o sem destino, e resolvem tomar o famoso coquetel alucin\u00f3geno para melhor aproveitarem a viagem.<\/p>\n<p><b>*Existe alguma met\u00e1fora acerca da sociedade espanhola e a crise econ\u00f4mica entre os acontecimentos dentro do avi\u00e3o?<\/b><\/p>\n<p>-Eu constru\u00ed o filme com o objetivo de servir como uma v\u00e1lvula de escape \u00e0 realidade, e tudo ocorre entre as nuvens, lugar mais irreal imposs\u00edvel. O fato do avi\u00e3o estar dando voltas em c\u00edrculos, buscando um lugar seguro para pousar, sem certeza do que h\u00e1 de acontecer, \u00e9 uma met\u00e1fora \u00e0 sociedade espanhola e os impactos que vivemos neste momento. O aeroporto abandonado tamb\u00e9m \u00e9 uma met\u00e1fora, pois ele existe, est\u00e1 presente, mas n\u00e3o funciona. Na Espanha temos 17 aeroportos nessas condi\u00e7\u00f5es.<\/p>\n<p><b>*Me fale um pouco sobre seu relacionamento com a Bahia.<\/b><\/p>\n<p>-Eu amo a Bahia, e sempre sonhei em fazer uma sequ\u00eancia de algum filme l\u00e1 em alguma daquelas pra\u00e7as. Minha experi\u00eancia l\u00e1 tem sido atrav\u00e9s de Caetano Veloso, que me convida e me apresenta a cidade, me apresenta a v\u00e1rias personalidades, m\u00fasicos, artistas, mas acima de tudo, o que mais me toca, \u00e9 quando lembro da imagem dos tocadores de tambor pelas ruas. Nunca presenciei algo t\u00e3o primitivo e ao mesmo tempo comovente assim em minha vida. Foi uma experi\u00eancia impactante.<\/p>\n<p><b>*Tem planos de realizar algum filme fora da Espanha?<\/b><\/p>\n<p>-Alimento a tenta\u00e7\u00e3o de fazer um filme brasileiro. Caetano costuma brincar que ele \u00e9 o cineasta brasileiro, e eu replico que sou \u201co cineasta brasileiro que vive fora de l\u00e1\u201d. Sinto-me parte do Brasil, me identifico muito com essa exuber\u00e2ncia em todos os aspectos da natureza, da arquitetura, da cultura, da alegria do povo. Tive a oportunidade de fazer um filme aqui nos Estados Unidos, (o drama \u201cThe Paperboy\u201d) mas sem querer criticar ningu\u00e9m, o filme, o elenco era tudo um grande equ\u00edvoco. Quero muito fazer um filme aqui, trabalhar com grandes estrelas como Jessica Chastain, Meryl Streep ou Kate Winslet, essas atrizes t\u00eam aquela luz, aquela pele pr\u00f3pria para as lentes do cinema, que absorve toda a luz.<\/p>\n","protected":false},"excerpt":{"rendered":"<p>Roger Costa&#8211; O cineasta Pedro Almodovar \u00e9 o diretor espanhol de maior reconhecimento internacional desde Luis Bu\u00f1uel. Nascido em La Mancha em 1949, Almodovar mudou-se para Madrid em 1968, com o objetivo de fazer cinema. Sem dinheiro para pagar os estudos, ele conseguiu comprar uma c\u00e2mera Super 8, com o dinheiro que economizou trabalhando numa companhia telef\u00f4nica. Durante 1972 e 1978, ele produziu curtas que chamou a aten\u00e7\u00e3o ao redor do mundo por seu contexto de Movimento Pop, criado durante os anos do Governo Franco.<\/p>\n","protected":false},"author":1,"featured_media":1241,"comment_status":"open","ping_status":"open","sticky":false,"template":"","format":"standard","meta":{"_links_to":"","_links_to_target":""},"categories":[4,1],"tags":[],"views":2638,"_links":{"self":[{"href":"https:\/\/www.brazilianpress.com\/v1\/wp-json\/wp\/v2\/posts\/1240"}],"collection":[{"href":"https:\/\/www.brazilianpress.com\/v1\/wp-json\/wp\/v2\/posts"}],"about":[{"href":"https:\/\/www.brazilianpress.com\/v1\/wp-json\/wp\/v2\/types\/post"}],"author":[{"embeddable":true,"href":"https:\/\/www.brazilianpress.com\/v1\/wp-json\/wp\/v2\/users\/1"}],"replies":[{"embeddable":true,"href":"https:\/\/www.brazilianpress.com\/v1\/wp-json\/wp\/v2\/comments?post=1240"}],"version-history":[{"count":1,"href":"https:\/\/www.brazilianpress.com\/v1\/wp-json\/wp\/v2\/posts\/1240\/revisions"}],"predecessor-version":[{"id":1242,"href":"https:\/\/www.brazilianpress.com\/v1\/wp-json\/wp\/v2\/posts\/1240\/revisions\/1242"}],"wp:featuredmedia":[{"embeddable":true,"href":"https:\/\/www.brazilianpress.com\/v1\/wp-json\/wp\/v2\/media\/1241"}],"wp:attachment":[{"href":"https:\/\/www.brazilianpress.com\/v1\/wp-json\/wp\/v2\/media?parent=1240"}],"wp:term":[{"taxonomy":"category","embeddable":true,"href":"https:\/\/www.brazilianpress.com\/v1\/wp-json\/wp\/v2\/categories?post=1240"},{"taxonomy":"post_tag","embeddable":true,"href":"https:\/\/www.brazilianpress.com\/v1\/wp-json\/wp\/v2\/tags?post=1240"}],"curies":[{"name":"wp","href":"https:\/\/api.w.org\/{rel}","templated":true}]}}