{"id":1252,"date":"2013-06-20T11:40:26","date_gmt":"2013-06-20T15:40:26","guid":{"rendered":"http:\/\/www.brazilianpress.com\/v1\/?p=1252"},"modified":"2013-06-20T11:47:11","modified_gmt":"2013-06-20T15:47:11","slug":"senador-dos-eua-que-defende-reforma-imigratoria-faz-discurso-inedito-em-espanhol","status":"publish","type":"post","link":"https:\/\/www.brazilianpress.com\/v1\/2013\/06\/20\/senador-dos-eua-que-defende-reforma-imigratoria-faz-discurso-inedito-em-espanhol\/","title":{"rendered":"Senador dos EUA que defende reforma imigrat\u00f3ria faz discurso in\u00e9dito em espanhol"},"content":{"rendered":"<p>O senador Timothy M. Kaine, democrata do Estado americano da Virg\u00ednia, realizou um in\u00e9dito discurso em espanhol na tribuna do Senado em defesa do projeto de\u00a0reforma imigrat\u00f3ria\u00a0, prestes a ser votado nos EUA. O ato simb\u00f3lico foi uma manifesta\u00e7\u00e3o em defesa do projeto, que visa a normalizar a situa\u00e7\u00e3o de cerca de 11 milh\u00f5es de imigrantes sem documentos nos EUA, a grande maioria deles de origem hisp\u00e2nica.<!--more--><\/p>\n<p><img class=\"alignnone  wp-image-1253\" alt=\"imigracao\" src=\"http:\/\/www.brazilianpress.com\/v1\/wp-content\/uploads\/2013\/06\/imigracao.jpg\" width=\"500\" srcset=\"https:\/\/www.brazilianpress.com\/v1\/wp-content\/uploads\/2013\/06\/imigracao.jpg 652w, https:\/\/www.brazilianpress.com\/v1\/wp-content\/uploads\/2013\/06\/imigracao-300x187.jpg 300w\" sizes=\"(max-width: 652px) 100vw, 652px\" \/><\/p>\n<p>Foi a primeira vez que um senador em exerc\u00edcio realizou um discurso em espanhol na C\u00e2mara alta dos EUA. Algo que nem mesmo os tr\u00eas senadores de origem hisp\u00e2nica da Casa haviam realizado. Na ter\u00e7a-feira, o Senado aprovou por maioria dar in\u00edcio ao debate ao projeto de lei conhecido como &#8220;Seguran\u00e7a na Fronteira, Oportunidade Econ\u00f4mica e Moderniza\u00e7\u00e3o Migrat\u00f3ria&#8221;.<\/p>\n<p>Em seu discurso, Kaine disse tamb\u00e9m: &#8220;Creio ser apropriado alguns minutos para explicar a legisla\u00e7\u00e3o em espanhol, uma l\u00edngua que vem sendo falada neste pa\u00eds desde que mission\u00e1rios espanh\u00f3is fundaram San Augustin, na Fl\u00f3rida, em 1565. O espanhol tamb\u00e9m \u00e9 falado por quase 40 milh\u00f5es de americanos que investiram muito no resultado deste debate.&#8221;<\/p>\n<p><strong>Feito in\u00e9dito<\/strong><\/p>\n<p>De acordo com os registros da Biblioteca do Congresso, nunca antes um senador havia discursado para seus colegas em um outro idioma durante uma sess\u00e3o legislativa. Em 2005, a ex-senadora Mel Mart\u00ednez, que \u00e9 de origem cubana, incluiu algumas palavras em espanhol durante um pronunciamento. Em 2004, o senador por Dakota do Sul Thomas Daschle pediu uma tradu\u00e7\u00e3o simult\u00e2nea em lakota &#8211; o idioma do povo ind\u00edgena sioux &#8211; de seu discurso realizado em ingl\u00eas.<\/p>\n<p>No in\u00edcio, quando Kaine foi viver em Virg\u00ednia, a assessoria do pol\u00edtico conta que ele falava espanhol apenas ocasionalmente, quando algu\u00e9m precisava de alguma tradu\u00e7\u00e3o, mas por causa das mudan\u00e7as demogr\u00e1ficas registradas no Estado, ele conversa com algu\u00e9m quase que diariamente em espanhol.<\/p>\n<p>Sua campanha pol\u00edtica para o Senado incluiu propaganda pol\u00edtica em espanhol para o r\u00e1dio e para a TV. Na regi\u00e3o de Virg\u00ednia, situada perto da capital americana,\u00a0Washington DC, vivem quase 1 milh\u00e3o de imigrantes, em sua maioria de origem hisp\u00e2nica, muitos deles trabalhadores vitais para a economia agr\u00edcola desse Estado rural.<\/p>\n<p>Acredita-se que o debate sobre reforma imigrat\u00f3ria no Senado dure todo o m\u00eas de junho. Caso seja aprovado no Senado, o projeto passa para a C\u00e2mara dos Representantes, onde ele conta com uma forte oposi\u00e7\u00e3o por parte de representantes republicanos, que constituem a maioria na Casa.<\/p>\n","protected":false},"excerpt":{"rendered":"<p>O senador Timothy M. Kaine, democrata do Estado americano da Virg\u00ednia, realizou um in\u00e9dito discurso em espanhol na tribuna do Senado em defesa do projeto de\u00a0reforma imigrat\u00f3ria\u00a0, prestes a ser votado nos EUA. O ato simb\u00f3lico foi uma manifesta\u00e7\u00e3o em defesa do projeto, que visa a normalizar a situa\u00e7\u00e3o de cerca de 11 milh\u00f5es de imigrantes sem documentos nos EUA, a grande maioria deles de origem hisp\u00e2nica.<\/p>\n","protected":false},"author":1,"featured_media":1253,"comment_status":"open","ping_status":"open","sticky":false,"template":"","format":"standard","meta":{"_links_to":"","_links_to_target":""},"categories":[4,1],"tags":[],"views":2353,"_links":{"self":[{"href":"https:\/\/www.brazilianpress.com\/v1\/wp-json\/wp\/v2\/posts\/1252"}],"collection":[{"href":"https:\/\/www.brazilianpress.com\/v1\/wp-json\/wp\/v2\/posts"}],"about":[{"href":"https:\/\/www.brazilianpress.com\/v1\/wp-json\/wp\/v2\/types\/post"}],"author":[{"embeddable":true,"href":"https:\/\/www.brazilianpress.com\/v1\/wp-json\/wp\/v2\/users\/1"}],"replies":[{"embeddable":true,"href":"https:\/\/www.brazilianpress.com\/v1\/wp-json\/wp\/v2\/comments?post=1252"}],"version-history":[{"count":2,"href":"https:\/\/www.brazilianpress.com\/v1\/wp-json\/wp\/v2\/posts\/1252\/revisions"}],"predecessor-version":[{"id":1259,"href":"https:\/\/www.brazilianpress.com\/v1\/wp-json\/wp\/v2\/posts\/1252\/revisions\/1259"}],"wp:featuredmedia":[{"embeddable":true,"href":"https:\/\/www.brazilianpress.com\/v1\/wp-json\/wp\/v2\/media\/1253"}],"wp:attachment":[{"href":"https:\/\/www.brazilianpress.com\/v1\/wp-json\/wp\/v2\/media?parent=1252"}],"wp:term":[{"taxonomy":"category","embeddable":true,"href":"https:\/\/www.brazilianpress.com\/v1\/wp-json\/wp\/v2\/categories?post=1252"},{"taxonomy":"post_tag","embeddable":true,"href":"https:\/\/www.brazilianpress.com\/v1\/wp-json\/wp\/v2\/tags?post=1252"}],"curies":[{"name":"wp","href":"https:\/\/api.w.org\/{rel}","templated":true}]}}