{"id":12686,"date":"2015-03-05T11:50:50","date_gmt":"2015-03-05T15:50:50","guid":{"rendered":"http:\/\/www.brazilianpress.com\/v1\/?p=12686"},"modified":"2015-03-05T12:16:23","modified_gmt":"2015-03-05T16:16:23","slug":"agenda-cultural-by-roger-costa-05032015","status":"publish","type":"post","link":"https:\/\/www.brazilianpress.com\/v1\/2015\/03\/05\/agenda-cultural-by-roger-costa-05032015\/","title":{"rendered":"Agenda Cultural, by Roger Costa . 05\/03\/2015"},"content":{"rendered":"<p><img loading=\"lazy\" class=\"alignnone size-full wp-image-12687\" src=\"http:\/\/www.brazilianpress.com\/v1\/wp-content\/uploads\/2015\/03\/agenda-cultural-ed1721-20150305-2.jpg\" alt=\"agenda cultural ed1721 20150305 (2)\" width=\"500\" height=\"258\" srcset=\"https:\/\/www.brazilianpress.com\/v1\/wp-content\/uploads\/2015\/03\/agenda-cultural-ed1721-20150305-2.jpg 500w, https:\/\/www.brazilianpress.com\/v1\/wp-content\/uploads\/2015\/03\/agenda-cultural-ed1721-20150305-2-300x155.jpg 300w\" sizes=\"(max-width: 500px) 100vw, 500px\" \/><\/p>\n<p><strong>*NJPAC (1 Center Street, Newark)-<\/strong> Considerada a <strong><em>Rainha da Soul Music<\/em><\/strong> e uma das int\u00e9rpretes americanas mais influentes no mundo, <strong>Aretha Franklin (foto)<\/strong> apresenta-se exclusivamente em New Jersey no pr\u00f3ximo s\u00e1bado <strong><em>dia 14, \u00e0s 8h00pm<\/em><\/strong>. Dona de um repert\u00f3rio diversificado, de escolhas inusitadas marcantes, passeando por estilos musicais como <strong><em>pop, soul, rock, blues, jazz, gospel e registrando momentos preciosos<\/em><\/strong> na hist\u00f3ria da m\u00fasica, a cantora vem contagiando as plateias desde que iniciou carreira ainda garotinha em Detroit. A artista \u00e9 vencedora de 19 pr\u00eamios Grammy e <strong><em>foi a primeira mulher a ingressar o Rock and Roll Hall of Fame.<\/em><\/strong> Ingresso a partir de $40. <strong>Visite <a href=\"http:\/\/www.njpac.org\">www.njpac.org<\/a>.<\/strong><!--more--><\/p>\n<p><strong>*Americas Society (680 Park Avenue)-<\/strong> Hoje a partir das 7h00 da noite acontece a abertura da nova <strong><em>Temporada de Literatura<\/em><\/strong>, celebrando a chegada da primavera com a apresenta\u00e7\u00e3o de <strong>\u201cCuba in Splinters: Eleven Stories from the New Cuba\u201d<\/strong>. O programa tem a participa\u00e7\u00e3o do editor Orlando Pardo, a escritora Lizabel M\u00f3nica e colaboradora Hillary Gulley para abordarem <strong><em>aspectos modernos<\/em><\/strong> na nova literatura e as mudan\u00e7as <strong><em>pol\u00edticas entre Cuba e EUA<\/em><\/strong>. Ingresso $10. <strong>Visite <\/strong><a href=\"http:\/\/www.as-coa.org\"><strong>www.as-coa.org<\/strong><\/a><strong>.<\/strong><\/p>\n<p><strong>*Museum of Moving Image (36-01 35th Avenue, Astoria)-<\/strong> Ser\u00e1 inaugurada no pr\u00f3ximo dia 14 a mostra em grande escala de <strong>\u201cMatthew Weiner\u2019s Mad Men\u201d,<\/strong> que aborda os <strong><em>bastidores, curiosidades e processo de cria\u00e7\u00e3o da famosa s\u00e9rie de TV<\/em><\/strong>, coincidindo com a estreia da temporada final. A exibi\u00e7\u00e3o apresenta v\u00e1rias pe\u00e7as usadas na produ\u00e7\u00e3o da s\u00e9rie, incluindo o cen\u00e1rio\/escrit\u00f3rio, <strong><em>figurinos, v\u00eddeos, fotografias, notas e materiais de pesquisa<\/em><\/strong>. O criador da s\u00e9rie, Weiner participar\u00e1 de evento especial no dia 20. <strong>Visite <\/strong><a href=\"http:\/\/www.movingimage.us\"><strong>www.movingimage.us<\/strong><\/a><strong>.<\/strong><\/p>\n<p><strong>*The Joyce Theater (175 8th Avenue, 19th Street)-<\/strong> Continua em cartaz at\u00e9 o pr\u00f3ximo domingo o espet\u00e1culo de <strong><em>dan\u00e7a moderna<\/em><\/strong> da renomada e <strong>aplaudida companhia cubana MalPaso<\/strong> e estreia na ter\u00e7a-feira o espet\u00e1culo \u201cEvent\u201d marcando o debut do grupo <strong>Le Centre National de Danse Contemporaine-Angers (CNDC)<\/strong> sob dire\u00e7\u00e3o de Robert Swinston comandando segmentos de autoria do core\u00f3grafo Merce Cunningham. Ingressos a partir de $10. <strong>Visite <\/strong><a href=\"http:\/\/www.joyce.org\"><strong>www.joyce.org<\/strong><\/a><strong>.<\/strong><\/p>\n<p><img loading=\"lazy\" class=\"alignnone size-full wp-image-12688\" src=\"http:\/\/www.brazilianpress.com\/v1\/wp-content\/uploads\/2015\/03\/agenda-cultural-ed1721-20150305-1.jpg\" alt=\"agenda cultural ed1721 20150305 (1)\" width=\"500\" height=\"281\" srcset=\"https:\/\/www.brazilianpress.com\/v1\/wp-content\/uploads\/2015\/03\/agenda-cultural-ed1721-20150305-1.jpg 500w, https:\/\/www.brazilianpress.com\/v1\/wp-content\/uploads\/2015\/03\/agenda-cultural-ed1721-20150305-1-300x169.jpg 300w\" sizes=\"(max-width: 500px) 100vw, 500px\" \/><\/p>\n<p><strong>*MoMA (11 West 53<sup>rd<\/sup> Street)-<\/strong> O cineasta alem\u00e3o <strong>Win Wenders (foto)<\/strong> \u00e9 celebrado com grande retrospectiva de sua brilhante carreira, at\u00e9 o pr\u00f3ximo dia 17 com t\u00edtulos sensacionais como \u201cParis, Texas\u201d, \u201cWings of Desire\u201d. <strong>No s\u00e1bado \u00e0s 7h45pm<\/strong>, ele e o brasileiro <strong><em>Juliano Salgado estar\u00e3o presentes para introduzirem o projeto \u201cThe Salt of the Earth\u201d,<\/em><\/strong> document\u00e1rio indicado ao Oscar 2015. Acaba de ser inaugurada no 3\u00ba Piso, a <strong>exposi\u00e7\u00e3o de design moderno<\/strong> <strong>\u201cThis is For Everyone: Design Experiments for the Common Good\u201d<\/strong>, compila\u00e7\u00e3o de trabalhos de grande porte, esculturas, objetos do uso di\u00e1rio e inova\u00e7\u00f5es para o consumo, revelando novas inven\u00e7\u00f5es pr\u00e1ticas na arte. <strong>Visite <\/strong><a href=\"http:\/\/www.moma.org\"><strong>www.moma.org<\/strong><\/a><\/p>\n","protected":false},"excerpt":{"rendered":"<p>*NJPAC (1 Center Street, Newark)- Considerada a Rainha da Soul Music e uma das int\u00e9rpretes americanas mais influentes no mundo, Aretha Franklin (foto) apresenta-se exclusivamente em New Jersey no pr\u00f3ximo s\u00e1bado dia 14, \u00e0s 8h00pm. Dona de um repert\u00f3rio diversificado, de escolhas inusitadas marcantes, passeando por estilos musicais como pop, soul, rock, blues, jazz, gospel e registrando momentos preciosos na hist\u00f3ria da m\u00fasica, a cantora vem contagiando as plateias desde que iniciou carreira ainda garotinha em Detroit. A artista \u00e9 vencedora de 19 pr\u00eamios Grammy e foi a primeira mulher a ingressar o Rock and Roll Hall of Fame. Ingresso [&hellip;]<\/p>\n","protected":false},"author":1,"featured_media":12687,"comment_status":"open","ping_status":"open","sticky":false,"template":"","format":"standard","meta":{"_links_to":"","_links_to_target":""},"categories":[20,1],"tags":[],"views":2580,"_links":{"self":[{"href":"https:\/\/www.brazilianpress.com\/v1\/wp-json\/wp\/v2\/posts\/12686"}],"collection":[{"href":"https:\/\/www.brazilianpress.com\/v1\/wp-json\/wp\/v2\/posts"}],"about":[{"href":"https:\/\/www.brazilianpress.com\/v1\/wp-json\/wp\/v2\/types\/post"}],"author":[{"embeddable":true,"href":"https:\/\/www.brazilianpress.com\/v1\/wp-json\/wp\/v2\/users\/1"}],"replies":[{"embeddable":true,"href":"https:\/\/www.brazilianpress.com\/v1\/wp-json\/wp\/v2\/comments?post=12686"}],"version-history":[{"count":1,"href":"https:\/\/www.brazilianpress.com\/v1\/wp-json\/wp\/v2\/posts\/12686\/revisions"}],"predecessor-version":[{"id":12689,"href":"https:\/\/www.brazilianpress.com\/v1\/wp-json\/wp\/v2\/posts\/12686\/revisions\/12689"}],"wp:featuredmedia":[{"embeddable":true,"href":"https:\/\/www.brazilianpress.com\/v1\/wp-json\/wp\/v2\/media\/12687"}],"wp:attachment":[{"href":"https:\/\/www.brazilianpress.com\/v1\/wp-json\/wp\/v2\/media?parent=12686"}],"wp:term":[{"taxonomy":"category","embeddable":true,"href":"https:\/\/www.brazilianpress.com\/v1\/wp-json\/wp\/v2\/categories?post=12686"},{"taxonomy":"post_tag","embeddable":true,"href":"https:\/\/www.brazilianpress.com\/v1\/wp-json\/wp\/v2\/tags?post=12686"}],"curies":[{"name":"wp","href":"https:\/\/api.w.org\/{rel}","templated":true}]}}