{"id":12690,"date":"2015-03-05T11:54:58","date_gmt":"2015-03-05T15:54:58","guid":{"rendered":"http:\/\/www.brazilianpress.com\/v1\/?p=12690"},"modified":"2015-03-05T11:54:58","modified_gmt":"2015-03-05T15:54:58","slug":"sp-corre-para-renovar-com-m-bastos-com-luis-fabiano-e-muricy-e-diferente","status":"publish","type":"post","link":"https:\/\/www.brazilianpress.com\/v1\/2015\/03\/05\/sp-corre-para-renovar-com-m-bastos-com-luis-fabiano-e-muricy-e-diferente\/","title":{"rendered":"SP corre para renovar com M. Bastos. Com Luis Fabiano e Muricy, \u00e9 diferente"},"content":{"rendered":"<p><img loading=\"lazy\" class=\"alignnone size-full wp-image-12691\" src=\"http:\/\/www.brazilianpress.com\/v1\/wp-content\/uploads\/2015\/03\/michel-bastos-sao-paulo.jpg\" alt=\"_michel bastos sao paulo\" width=\"500\" height=\"300\" srcset=\"https:\/\/www.brazilianpress.com\/v1\/wp-content\/uploads\/2015\/03\/michel-bastos-sao-paulo.jpg 500w, https:\/\/www.brazilianpress.com\/v1\/wp-content\/uploads\/2015\/03\/michel-bastos-sao-paulo-300x180.jpg 300w\" sizes=\"(max-width: 500px) 100vw, 500px\" \/><\/p>\n<p>Titular absoluto no S\u00e3o Paulo e com tr\u00eas gols marcados em 2015, Michel Bastos \u00e9 hoje uma das pe\u00e7as mais importantes de Muricy Ramalho. As boas atua\u00e7\u00f5es fazem com que a diretoria s\u00e3o paulina j\u00e1 se mobilize para renovar o contrato do jogador, que vence no fim do ano.<\/p>\n<p>Na semana passada, o meia j\u00e1 foi avisado que o clube quer renovar seu contrato \u2013 sinalizou de volta que tamb\u00e9m pretende permanecer. As conversas devem come\u00e7ar em breve: a diretoria quer oficializar o novo v\u00ednculo antes de julho, quando Michel fica livre para assinar um pr\u00e9-contrato com outro clube.<!--more--><\/p>\n<p>Com Michel Bastos na meia, o S\u00e3o Paulo tem cinco vit\u00f3rias e dois empates em 2015. A \u00fanica derrota na temporada foi justamente contra o Corinthians, quando o camisa 7 atuou na lateral esquerda.<\/p>\n<p>A diretoria s\u00e3o-paulina trabalha com a possiblidade de que Michel, mesmo aos 32 anos, acabe recebendo uma convoca\u00e7\u00e3o para a sele\u00e7\u00e3o brasileira pelas atua\u00e7\u00f5es no S\u00e3o Paulo \u2013 foi titular com Dunga na Copa do Mundo de 2010. Isso geraria exposi\u00e7\u00e3o, o que torna ainda mais importante uma renova\u00e7\u00e3o antes do meio do ano.<\/p>\n<p>Michel Bastos n\u00e3o \u00e9 o \u00fanico jogador que tem contrato at\u00e9 o fim de 2015: o atacante Luis Fabiano tamb\u00e9m. O caso do camisa 9, por\u00e9m, \u00e9 diferente, e o S\u00e3o Paulo prefere aguardar at\u00e9 mais perto do final da temporada.<\/p>\n<p>A ideia \u00e9 avaliar o desempenho do centroavante, al\u00e9m de sua vontade de permanecer. Em janeiro, o Fabuloso n\u00e3o mostrou muito otimismo, e disse at\u00e9 que n\u00e3o descartaria defender um rival.<\/p>\n<p>&#8220;&#8221;Nunca diga jamais, voc\u00ea n\u00e3o sabe o que pode acontecer. Quero jogar mais tr\u00eas anos de futebol, estando livre, tudo pode acontecer. Antes de tudo, escolho o S\u00e3o Paulo, \u00e9 sempre a primeira op\u00e7\u00e3o, mas a gente nao sabe o que pode acontecer. Fui procurado por tr\u00eas clubes, dois do Brasil e um de fora, mas deixo claro que n\u00e3o \u00e9 o momento&#8221;.<\/p>\n<p>A situa\u00e7\u00e3o de Muricy Ramalho, que tamb\u00e9m tem v\u00ednculo at\u00e9 dezembro, \u00e9 similar \u00e0 de Luis Fabiano. O treinador ter\u00e1 sua situa\u00e7\u00e3o analisada mais adiante, e dificilmente deve permanecer caso o S\u00e3o Paulo n\u00e3o conquiste um t\u00edtulo de express\u00e3o.<\/p>\n<p>Al\u00e9m disso, no domingo, o treinador disse que, ap\u00f3s o fim de seu contrato, quer descansar e ficar com a fam\u00edlia por pelo menos tr\u00eas meses, a n\u00e3o ser que apare\u00e7a uma proposta irrecus\u00e1vel.<\/p>\n<p>&#8220;No m\u00ednimo, uns tr\u00eas meses. \u00c9 claro que pode chegar uma baita proposta maluca no fim do ano, mas o meu pensamento \u00e9 de parar, at\u00e9 para cuidar da minha sa\u00fade&#8221;, disse ao jornal Di\u00e1rio de S\u00e3o Paulo.<\/p>\n<p>Dependendo do desempenho do time em 2015, a proposta pode ser do pr\u00f3prio S\u00e3o Paulo. A decis\u00e3o, por\u00e9m, s\u00f3 deve acontecer mais perto do fim do ano.<\/p>\n","protected":false},"excerpt":{"rendered":"<p>Titular absoluto no S\u00e3o Paulo e com tr\u00eas gols marcados em 2015, Michel Bastos \u00e9 hoje uma das pe\u00e7as mais importantes de Muricy Ramalho. As boas atua\u00e7\u00f5es fazem com que a diretoria s\u00e3o paulina j\u00e1 se mobilize para renovar o contrato do jogador, que vence no fim do ano. Na semana passada, o meia j\u00e1 foi avisado que o clube quer renovar seu contrato \u2013 sinalizou de volta que tamb\u00e9m pretende permanecer. As conversas devem come\u00e7ar em breve: a diretoria quer oficializar o novo v\u00ednculo antes de julho, quando Michel fica livre para assinar um pr\u00e9-contrato com outro clube.<\/p>\n","protected":false},"author":1,"featured_media":12691,"comment_status":"open","ping_status":"open","sticky":false,"template":"","format":"standard","meta":{"_links_to":"","_links_to_target":""},"categories":[9,1],"tags":[],"views":1964,"_links":{"self":[{"href":"https:\/\/www.brazilianpress.com\/v1\/wp-json\/wp\/v2\/posts\/12690"}],"collection":[{"href":"https:\/\/www.brazilianpress.com\/v1\/wp-json\/wp\/v2\/posts"}],"about":[{"href":"https:\/\/www.brazilianpress.com\/v1\/wp-json\/wp\/v2\/types\/post"}],"author":[{"embeddable":true,"href":"https:\/\/www.brazilianpress.com\/v1\/wp-json\/wp\/v2\/users\/1"}],"replies":[{"embeddable":true,"href":"https:\/\/www.brazilianpress.com\/v1\/wp-json\/wp\/v2\/comments?post=12690"}],"version-history":[{"count":1,"href":"https:\/\/www.brazilianpress.com\/v1\/wp-json\/wp\/v2\/posts\/12690\/revisions"}],"predecessor-version":[{"id":12692,"href":"https:\/\/www.brazilianpress.com\/v1\/wp-json\/wp\/v2\/posts\/12690\/revisions\/12692"}],"wp:featuredmedia":[{"embeddable":true,"href":"https:\/\/www.brazilianpress.com\/v1\/wp-json\/wp\/v2\/media\/12691"}],"wp:attachment":[{"href":"https:\/\/www.brazilianpress.com\/v1\/wp-json\/wp\/v2\/media?parent=12690"}],"wp:term":[{"taxonomy":"category","embeddable":true,"href":"https:\/\/www.brazilianpress.com\/v1\/wp-json\/wp\/v2\/categories?post=12690"},{"taxonomy":"post_tag","embeddable":true,"href":"https:\/\/www.brazilianpress.com\/v1\/wp-json\/wp\/v2\/tags?post=12690"}],"curies":[{"name":"wp","href":"https:\/\/api.w.org\/{rel}","templated":true}]}}