{"id":12693,"date":"2015-03-05T11:56:43","date_gmt":"2015-03-05T15:56:43","guid":{"rendered":"http:\/\/www.brazilianpress.com\/v1\/?p=12693"},"modified":"2015-03-05T11:56:43","modified_gmt":"2015-03-05T15:56:43","slug":"praticamente-sem-jogar-em-2015-lateral-busca-entrosamento-em-quatro-dias","status":"publish","type":"post","link":"https:\/\/www.brazilianpress.com\/v1\/2015\/03\/05\/praticamente-sem-jogar-em-2015-lateral-busca-entrosamento-em-quatro-dias\/","title":{"rendered":"Praticamente sem jogar em 2015, lateral busca entrosamento em quatro dias"},"content":{"rendered":"<p><img loading=\"lazy\" class=\"alignright size-medium wp-image-12694\" src=\"http:\/\/www.brazilianpress.com\/v1\/wp-content\/uploads\/2015\/03\/douglas-santos-atletico-mg-300x204.jpg\" alt=\"_douglas santos atletico mg\" width=\"300\" height=\"204\" srcset=\"https:\/\/www.brazilianpress.com\/v1\/wp-content\/uploads\/2015\/03\/douglas-santos-atletico-mg-300x204.jpg 300w, https:\/\/www.brazilianpress.com\/v1\/wp-content\/uploads\/2015\/03\/douglas-santos-atletico-mg.jpg 441w\" sizes=\"(max-width: 300px) 100vw, 300px\" \/><\/p>\n<p>Apesar da boa partida realizada por Lucas C\u00e2ndido no \u00faltimo final de semana, a torcida atleticana espera ansiosamente pelo retorno de Douglas Santos no time do Atl\u00e9tico-MG. O lateral torceu o joelho esquerdo ainda no primeiro jogo da temporada, diante do Tupi, e pode ser um dos refor\u00e7os no time titular diante do Cruzeiro, neste domingo, no Mineir\u00e3o. Mas, apesar das chances reais de retorno, o jogador ir\u00e1 precisar pegar o ritmo dos companheiros e retomar o entrosamento do ano passado, j\u00e1 que seu contato com os principais jogadores aconteceu praticamente apenas nos treinos da pr\u00e9-temporada.<!--more--><\/p>\n<p>A les\u00e3o de Douglas Santos aconteceu ainda no primeiro tempo da estreia atleticana na temporada. Aos 39 minutos de jogo contra o Tupi, o jogador foi substitu\u00eddo por Pedro Botelho e iniciou um processo de recupera\u00e7\u00e3o que durou pouco mais de um m\u00eas.<\/p>\n<p>Na \u00faltima semana, o lateral iniciou o processo de transi\u00e7\u00e3o para a parte f\u00edsica, ainda sem ser totalmente liberado do departamento m\u00e9dico. No treinamento da \u00faltima segunda-feira, enquanto os jogadores titulares fizeram um treinamento regenerativo na academia da Cidade do Galo, Douglas participou de um coletivo junto com os reservas. Desta forma, a partir desta quarta, o lateral far\u00e1 o primeiro dos quatro treinos com os companheiros do time titular para tentar entrosar novamente no grupo.<\/p>\n<p>&#8220;S\u00f3 vamos saber sobre isso dentro de campo. Mas estou voltando aos treinamentos, teremos coletivos, treinos t\u00e1ticos, ent\u00e3o com isso j\u00e1 poderei conhecer melhor meus companheiros. O principal \u00e9 voltar a ter a confian\u00e7a&#8221; falou o lateral.<\/p>\n<p>Na \u00faltima ter\u00e7a-feira, como \u00e9 de costume no clube, os jogadores ganharam folga, geralmente concedida 48 horas ap\u00f3s o \u00faltimo confronto do time. Por isso, as atividades na Cidade do Galo voltam na tarde desta quarta-feira, com as primeiras atividades t\u00e1ticas e t\u00e9cnicas visando o cl\u00e1ssico do final de semana. Al\u00e9m de Douglas Santos, a presen\u00e7a de Lucas Pratto tamb\u00e9m se torna poss\u00edvel no jogo, por\u00e9m com chances menores e menos reais de acontecer.<\/p>\n","protected":false},"excerpt":{"rendered":"<p>Apesar da boa partida realizada por Lucas C\u00e2ndido no \u00faltimo final de semana, a torcida atleticana espera ansiosamente pelo retorno de Douglas Santos no time do Atl\u00e9tico-MG. O lateral torceu o joelho esquerdo ainda no primeiro jogo da temporada, diante do Tupi, e pode ser um dos refor\u00e7os no time titular diante do Cruzeiro, neste domingo, no Mineir\u00e3o. Mas, apesar das chances reais de retorno, o jogador ir\u00e1 precisar pegar o ritmo dos companheiros e retomar o entrosamento do ano passado, j\u00e1 que seu contato com os principais jogadores aconteceu praticamente apenas nos treinos da pr\u00e9-temporada.<\/p>\n","protected":false},"author":1,"featured_media":12694,"comment_status":"open","ping_status":"open","sticky":false,"template":"","format":"standard","meta":{"_links_to":"","_links_to_target":""},"categories":[9,1],"tags":[],"views":2092,"_links":{"self":[{"href":"https:\/\/www.brazilianpress.com\/v1\/wp-json\/wp\/v2\/posts\/12693"}],"collection":[{"href":"https:\/\/www.brazilianpress.com\/v1\/wp-json\/wp\/v2\/posts"}],"about":[{"href":"https:\/\/www.brazilianpress.com\/v1\/wp-json\/wp\/v2\/types\/post"}],"author":[{"embeddable":true,"href":"https:\/\/www.brazilianpress.com\/v1\/wp-json\/wp\/v2\/users\/1"}],"replies":[{"embeddable":true,"href":"https:\/\/www.brazilianpress.com\/v1\/wp-json\/wp\/v2\/comments?post=12693"}],"version-history":[{"count":1,"href":"https:\/\/www.brazilianpress.com\/v1\/wp-json\/wp\/v2\/posts\/12693\/revisions"}],"predecessor-version":[{"id":12695,"href":"https:\/\/www.brazilianpress.com\/v1\/wp-json\/wp\/v2\/posts\/12693\/revisions\/12695"}],"wp:featuredmedia":[{"embeddable":true,"href":"https:\/\/www.brazilianpress.com\/v1\/wp-json\/wp\/v2\/media\/12694"}],"wp:attachment":[{"href":"https:\/\/www.brazilianpress.com\/v1\/wp-json\/wp\/v2\/media?parent=12693"}],"wp:term":[{"taxonomy":"category","embeddable":true,"href":"https:\/\/www.brazilianpress.com\/v1\/wp-json\/wp\/v2\/categories?post=12693"},{"taxonomy":"post_tag","embeddable":true,"href":"https:\/\/www.brazilianpress.com\/v1\/wp-json\/wp\/v2\/tags?post=12693"}],"curies":[{"name":"wp","href":"https:\/\/api.w.org\/{rel}","templated":true}]}}