{"id":12696,"date":"2015-03-05T11:58:01","date_gmt":"2015-03-05T15:58:01","guid":{"rendered":"http:\/\/www.brazilianpress.com\/v1\/?p=12696"},"modified":"2015-03-05T12:10:46","modified_gmt":"2015-03-05T16:10:46","slug":"saiba-como-abel-interferiu-em-reforco-que-chegou-para-mudar-o-cruzeiro","status":"publish","type":"post","link":"https:\/\/www.brazilianpress.com\/v1\/2015\/03\/05\/saiba-como-abel-interferiu-em-reforco-que-chegou-para-mudar-o-cruzeiro\/","title":{"rendered":"Saiba como Abel interferiu em refor\u00e7o que chegou para mudar o Cruzeiro"},"content":{"rendered":"<p><img loading=\"lazy\" class=\"alignnone size-full wp-image-12697\" src=\"http:\/\/www.brazilianpress.com\/v1\/wp-content\/uploads\/2015\/03\/willians-cruzeiro.jpg\" alt=\"_willians cruzeiro\" width=\"500\" height=\"300\" srcset=\"https:\/\/www.brazilianpress.com\/v1\/wp-content\/uploads\/2015\/03\/willians-cruzeiro.jpg 500w, https:\/\/www.brazilianpress.com\/v1\/wp-content\/uploads\/2015\/03\/willians-cruzeiro-300x180.jpg 300w\" sizes=\"(max-width: 500px) 100vw, 500px\" \/><\/p>\n<p>Abel Braga n\u00e3o tem uma rela\u00e7\u00e3o t\u00e3o estreita com o Cruzeiro, embora tenha defendido o clube na d\u00e9cada de 1980, quando ainda era jogador. No entanto, foi respons\u00e1vel direto pela contrata\u00e7\u00e3o de Willians, volante que chegou \u00e0 Toca da Raposa II para dar uma nova cara ao time bicampe\u00e3o brasileiro consecutivo.<\/p>\n<p>O meio-campista foi contratado a pedido de Marcelo Oliveira devido ao seu estilo de vibra\u00e7\u00e3o e ra\u00e7a, fatores os quais considera essenciais para a forma\u00e7\u00e3o da equipe. O aval de Abel, seu treinador durante a temporada passada, no Internacional, foi fundamental para que o acordo tenha ocorrido. O atleta \u00e9 quem revela a situa\u00e7\u00e3o e destaca a participa\u00e7\u00e3o do ex-t\u00e9cnico.<!--more--><\/p>\n<p>&#8220;Sou um jogador tranquilo. Foram atr\u00e1s do Abel (Braga), que foi meu treinador. O Marcelo (Oliveira) foi atr\u00e1s, perguntou como eu sou dentro e fora de campo, coisas desse tipo. O Abel me rasgou elogios, porque eu sempre ajudei o Inter no ano passado. Quando jogador e treinador se fecham, tudo vai bem. O Abel era assim comigo. A gente sempre conversou, teve di\u00e1logo. Quando treinador e jogador se entendem, d\u00e1 tudo certo&#8221;, dissE.<\/p>\n<p>Um dos respons\u00e1veis diretos pela negocia\u00e7\u00e3o, o supervisor de futebol Benecy Queiroz relata que a aprova\u00e7\u00e3o de Abel Braga, amigo de Tico dos Santos, auxiliar t\u00e9cnico de Marcelo Oliveira, contribuiu para o desfecho positivo.<\/p>\n<p>&#8220;Isso \u00e9 norma nossa, o treinador conversar com o antigo treinador. O assistente do Abel (Braga) \u00e9 cunhado do Tico. Ent\u00e3o, ele passou para n\u00f3s todas as informa\u00e7\u00f5es referentes ao comportamento do jogador fora de campo. E as informa\u00e7\u00f5es foram as melhores poss\u00edveis, o que contribuiu bastante para o acordo&#8221;, contou \u00e0 reportagem.<\/p>\n<p>Quanto ao estilo solicitado por Marcelo Oliveira, o jogador demonstrou na partida desta ter\u00e7a-feira, diante do Hurac\u00e1n, da Argentina, pelo grupo 3 da Libertadores, que segue \u00e0 risca o que foi pedido pelo t\u00e9cnico. N\u00e3o \u00e9 \u00e0 toa que deixou o campo como atleta que mais desarmou, com cinco roubadas de bola.<\/p>\n<p>&#8220;Quando eu vim para o Cruzeiro, a diretoria confiou no meu scout e na pessoa que sou. Quando me contrataram, eu sabia que seria um grande momento da minha vida, por jogar no Cruzeiro, campe\u00e3o brasileiro duas vezes seguidas. Espero agregar em campo. Os n\u00fameros confirmam que sempre fui brigador, lutador. Nunca desisto na minha carreira. Espero que eu possa fazer um grande ano com a equipe do Cruzeiro&#8221;, comentou.<\/p>\n<p>&#8220;Eu vim para somar com o grupo. Fiz a minha carreira de forma sensata, mas sempre ganhei t\u00edtulos. Fiquei feliz por ter entrado e por poder ajudar a equipe em minha estreia&#8221;, acrescentou o meio-campista.<\/p>\n<p>Neste domingo, diante do Atl\u00e9tico-MG, pela sexta rodada do Campeonato Mineiro, Willians ter\u00e1 que transportar para campo tudo o que disse fora dele com o intuito de fazer com que o Cruzeiro ven\u00e7a o arquirrival pela primeira vez desde julho de 2013.<\/p>\n","protected":false},"excerpt":{"rendered":"<p>Abel Braga n\u00e3o tem uma rela\u00e7\u00e3o t\u00e3o estreita com o Cruzeiro, embora tenha defendido o clube na d\u00e9cada de 1980, quando ainda era jogador. No entanto, foi respons\u00e1vel direto pela contrata\u00e7\u00e3o de Willians, volante que chegou \u00e0 Toca da Raposa II para dar uma nova cara ao time bicampe\u00e3o brasileiro consecutivo. O meio-campista foi contratado a pedido de Marcelo Oliveira devido ao seu estilo de vibra\u00e7\u00e3o e ra\u00e7a, fatores os quais considera essenciais para a forma\u00e7\u00e3o da equipe. O aval de Abel, seu treinador durante a temporada passada, no Internacional, foi fundamental para que o acordo tenha ocorrido. O atleta [&hellip;]<\/p>\n","protected":false},"author":1,"featured_media":12697,"comment_status":"open","ping_status":"open","sticky":false,"template":"","format":"standard","meta":{"_links_to":"","_links_to_target":""},"categories":[9,1],"tags":[],"views":1967,"_links":{"self":[{"href":"https:\/\/www.brazilianpress.com\/v1\/wp-json\/wp\/v2\/posts\/12696"}],"collection":[{"href":"https:\/\/www.brazilianpress.com\/v1\/wp-json\/wp\/v2\/posts"}],"about":[{"href":"https:\/\/www.brazilianpress.com\/v1\/wp-json\/wp\/v2\/types\/post"}],"author":[{"embeddable":true,"href":"https:\/\/www.brazilianpress.com\/v1\/wp-json\/wp\/v2\/users\/1"}],"replies":[{"embeddable":true,"href":"https:\/\/www.brazilianpress.com\/v1\/wp-json\/wp\/v2\/comments?post=12696"}],"version-history":[{"count":1,"href":"https:\/\/www.brazilianpress.com\/v1\/wp-json\/wp\/v2\/posts\/12696\/revisions"}],"predecessor-version":[{"id":12698,"href":"https:\/\/www.brazilianpress.com\/v1\/wp-json\/wp\/v2\/posts\/12696\/revisions\/12698"}],"wp:featuredmedia":[{"embeddable":true,"href":"https:\/\/www.brazilianpress.com\/v1\/wp-json\/wp\/v2\/media\/12697"}],"wp:attachment":[{"href":"https:\/\/www.brazilianpress.com\/v1\/wp-json\/wp\/v2\/media?parent=12696"}],"wp:term":[{"taxonomy":"category","embeddable":true,"href":"https:\/\/www.brazilianpress.com\/v1\/wp-json\/wp\/v2\/categories?post=12696"},{"taxonomy":"post_tag","embeddable":true,"href":"https:\/\/www.brazilianpress.com\/v1\/wp-json\/wp\/v2\/tags?post=12696"}],"curies":[{"name":"wp","href":"https:\/\/api.w.org\/{rel}","templated":true}]}}