{"id":12702,"date":"2015-03-05T12:03:50","date_gmt":"2015-03-05T16:03:50","guid":{"rendered":"http:\/\/www.brazilianpress.com\/v1\/?p=12702"},"modified":"2015-03-05T12:03:50","modified_gmt":"2015-03-05T16:03:50","slug":"coreia-do-norte-dispara-misseis-e-promete-ataques-impiedosos","status":"publish","type":"post","link":"https:\/\/www.brazilianpress.com\/v1\/2015\/03\/05\/coreia-do-norte-dispara-misseis-e-promete-ataques-impiedosos\/","title":{"rendered":"Coreia do Norte dispara m\u00edsseis e promete &#8220;ataques impiedosos&#8221;"},"content":{"rendered":"<p><img loading=\"lazy\" class=\"alignnone size-full wp-image-12703\" src=\"http:\/\/www.brazilianpress.com\/v1\/wp-content\/uploads\/2015\/03\/coreia-do-norte.jpg\" alt=\"_coreia do norte\" width=\"500\" height=\"302\" srcset=\"https:\/\/www.brazilianpress.com\/v1\/wp-content\/uploads\/2015\/03\/coreia-do-norte.jpg 500w, https:\/\/www.brazilianpress.com\/v1\/wp-content\/uploads\/2015\/03\/coreia-do-norte-300x181.jpg 300w\" sizes=\"(max-width: 500px) 100vw, 500px\" \/><\/p>\n<p>A Coreia do Norte disparou, na segunda-feira,\u00a0dois m\u00edsseis em dire\u00e7\u00e3o ao mar e prometeu &#8220;ataques impiedosos&#8221; contra os Estados Unidos e a Coreia do Sul, no in\u00edcio de exerc\u00edcios militares dos dois aliados. Os disparos foram acompanhados por um aviso do Ex\u00e9rcito Popular da Coreia do Norte (KPA).<\/p>\n<p>\u2013 A situa\u00e7\u00e3o da pen\u00ednsula coreana est\u00e1, mais uma vez, a dois dedos do in\u00edcio de uma guerra. Os \u00fanicos meios de resposta \u00e0 agress\u00e3o dos imperialistas americanos e aliados n\u00e3o s\u00e3o nem o di\u00e1logo, nem a paz. S\u00f3 podemos responder com ataques impiedosos\u00a0\u2013\u00a0afirmou a ag\u00eancia oficial norte-coreana KCNA, que cita um porta-voz do KPA.<!--more--><\/p>\n<p>O Ex\u00e9rcito sul-coreano informou que os dois m\u00edsseis norte-coreanos, com alcance de cerca de 500 quil\u00f4metros, foram disparados da cidade portu\u00e1ria ocidental Nampo e ca\u00edram no mar, ao largo da costa oriental. Em declara\u00e7\u00e3o, Washington e Seul disseram que os disparos de m\u00edsseis s\u00e3o &#8220;uma provoca\u00e7\u00e3o&#8221;.<\/p>\n<p>Para Pyongyang, os exerc\u00edcios militares dos Estados Unidos e da Coreia do Sul s\u00e3o ensaios para uma invas\u00e3o do seu territ\u00f3rio. Os dois aliados afirmam tratar-se de manobras puramente defensivas.<\/p>\n<p>A Coreia do Norte amea\u00e7a repetidamente atacar, com meios nucleares, os Estados Unidos. Embora o programa nuclear norte-coreano n\u00e3o seja conhecido, peritos norte-americanos estimam que Pyongyang tenha entre dez e 16 armas nucleares. A Coreia do Norte fez, at\u00e9 agora, tr\u00eas ensaios nucleares em 2006, 2009 e 2013.<\/p>\n<p>Os exerc\u00edcios militares conjuntos, chamados Foal Eagle, v\u00e3o durar oito semanas em manobras de treino a\u00e9reas, terrestres e mar\u00edtimas, para as quais foram mobilizados cerca de 200 mil soldados sul-coreanos e 3.700 norte-americanos. Come\u00e7a tamb\u00e9m nesta segunda um exerc\u00edcio conjunto de simula\u00e7\u00f5es\u00a0\u2013 Key Resolve, durante uma semana.<\/p>\n<p>Em janeiro, Pyongyang prop\u00f4s a suspens\u00e3o de ensaios nucleares se as manobras militares conjuntas deste ano fossem canceladas. Washington rejeitou a proposta, que considerou uma &#8220;amea\u00e7a impl\u00edcita&#8221; de uma quarta explos\u00e3o at\u00f4mica.<\/p>\n<p>As rela\u00e7\u00f5es entre os dois vizinhos deterioraram-se desde 2010, ano marcado por dois incidentes graves: o bombardeio em mar\u00e7o de uma corveta sul-coreana, atribu\u00eddo a Pyongyang por um inqu\u00e9rito internacional (46 mortos), e o bombardeio de uma ilha sul-coreana pelo Norte em novembro (quatro mortos). (ABr)<\/p>\n<p>As duas Coreias continuam tecnicamente em guerra, uma vez que o conflito de 1950-53 terminou com a assinatura de um armist\u00edcio e n\u00e3o de um tratado de paz.<\/p>\n","protected":false},"excerpt":{"rendered":"<p>A Coreia do Norte disparou, na segunda-feira,\u00a0dois m\u00edsseis em dire\u00e7\u00e3o ao mar e prometeu &#8220;ataques impiedosos&#8221; contra os Estados Unidos e a Coreia do Sul, no in\u00edcio de exerc\u00edcios militares dos dois aliados. Os disparos foram acompanhados por um aviso do Ex\u00e9rcito Popular da Coreia do Norte (KPA). \u2013 A situa\u00e7\u00e3o da pen\u00ednsula coreana est\u00e1, mais uma vez, a dois dedos do in\u00edcio de uma guerra. Os \u00fanicos meios de resposta \u00e0 agress\u00e3o dos imperialistas americanos e aliados n\u00e3o s\u00e3o nem o di\u00e1logo, nem a paz. S\u00f3 podemos responder com ataques impiedosos\u00a0\u2013\u00a0afirmou a ag\u00eancia oficial norte-coreana KCNA, que cita um [&hellip;]<\/p>\n","protected":false},"author":1,"featured_media":12703,"comment_status":"open","ping_status":"open","sticky":false,"template":"","format":"standard","meta":{"_links_to":"","_links_to_target":""},"categories":[8,1],"tags":[],"views":2079,"_links":{"self":[{"href":"https:\/\/www.brazilianpress.com\/v1\/wp-json\/wp\/v2\/posts\/12702"}],"collection":[{"href":"https:\/\/www.brazilianpress.com\/v1\/wp-json\/wp\/v2\/posts"}],"about":[{"href":"https:\/\/www.brazilianpress.com\/v1\/wp-json\/wp\/v2\/types\/post"}],"author":[{"embeddable":true,"href":"https:\/\/www.brazilianpress.com\/v1\/wp-json\/wp\/v2\/users\/1"}],"replies":[{"embeddable":true,"href":"https:\/\/www.brazilianpress.com\/v1\/wp-json\/wp\/v2\/comments?post=12702"}],"version-history":[{"count":1,"href":"https:\/\/www.brazilianpress.com\/v1\/wp-json\/wp\/v2\/posts\/12702\/revisions"}],"predecessor-version":[{"id":12704,"href":"https:\/\/www.brazilianpress.com\/v1\/wp-json\/wp\/v2\/posts\/12702\/revisions\/12704"}],"wp:featuredmedia":[{"embeddable":true,"href":"https:\/\/www.brazilianpress.com\/v1\/wp-json\/wp\/v2\/media\/12703"}],"wp:attachment":[{"href":"https:\/\/www.brazilianpress.com\/v1\/wp-json\/wp\/v2\/media?parent=12702"}],"wp:term":[{"taxonomy":"category","embeddable":true,"href":"https:\/\/www.brazilianpress.com\/v1\/wp-json\/wp\/v2\/categories?post=12702"},{"taxonomy":"post_tag","embeddable":true,"href":"https:\/\/www.brazilianpress.com\/v1\/wp-json\/wp\/v2\/tags?post=12702"}],"curies":[{"name":"wp","href":"https:\/\/api.w.org\/{rel}","templated":true}]}}