{"id":12705,"date":"2015-03-05T12:04:47","date_gmt":"2015-03-05T16:04:47","guid":{"rendered":"http:\/\/www.brazilianpress.com\/v1\/?p=12705"},"modified":"2015-03-05T12:57:30","modified_gmt":"2015-03-05T16:57:30","slug":"estado-islamico-divulga-video-da-execucao-de-quatro-sunitas-no-iraque","status":"publish","type":"post","link":"https:\/\/www.brazilianpress.com\/v1\/2015\/03\/05\/estado-islamico-divulga-video-da-execucao-de-quatro-sunitas-no-iraque\/","title":{"rendered":"Estado Isl\u00e2mico divulga v\u00eddeo da execu\u00e7\u00e3o de quatro sunitas no Iraque"},"content":{"rendered":"<p><img loading=\"lazy\" class=\"alignnone size-full wp-image-12706\" src=\"http:\/\/www.brazilianpress.com\/v1\/wp-content\/uploads\/2015\/03\/estado-islamico.jpg\" alt=\"_estado islamico\" width=\"500\" height=\"333\" srcset=\"https:\/\/www.brazilianpress.com\/v1\/wp-content\/uploads\/2015\/03\/estado-islamico.jpg 500w, https:\/\/www.brazilianpress.com\/v1\/wp-content\/uploads\/2015\/03\/estado-islamico-300x200.jpg 300w\" sizes=\"(max-width: 500px) 100vw, 500px\" \/><\/p>\n<p>A organiza\u00e7\u00e3o radical mu\u00e7ulmana Estado Isl\u00e2mico (EI) divulgou na segunda-feira o v\u00eddeo da execu\u00e7\u00e3o de quatro membros de uma tribo sunita na regi\u00e3o de Tikrit, onde acontece uma grande ofensiva do ex\u00e9rcito iraquiano, acusando-os de colaborar com o Governo do Iraque.<\/p>\n<p>Os radicais mu\u00e7ulmanos do EI controlam desde o m\u00eas de junho a cidade de Tikrit, ao norte de Bagdad, onde dezenas de milhares de soldados tentam\u00a0se\u00a0recuperar. No v\u00eddeo, divulgado por contas de Twitter favor\u00e1veis ao EI, os quatro homens s\u00e3o descritos como integrantes de uma tribo batizada com o mesmo nome de uma vila situada ao norte de Tikrit.<!--more--><\/p>\n<p>\u201cExecu\u00e7\u00e3o de uma c\u00e9lula Sahwa (do grupo anti-jihadista) de al-Alam\u201d, lia-se em um cartaz pouco antes de um homem, com a cara coberta, atirar contra a nuca dos quatro homens. Em dezembro, o EI divulgou fotos que mostram a execu\u00e7\u00e3o de 13 membros supostamente da mesma tribo.<\/p>\n<p>Segundo fontes militares, v\u00e1rios grupos de combatentes de tribos sunitas opositoras aos radicais tomam parte da ofensiva do ex\u00e9rcito iraquiano para libertar Tikrit, ao lado de unidades da pol\u00edcia, e mil\u00edcias e de volunt\u00e1rios xiitas. No domingo, o primeiro-ministro iraquiano, Haider al-Abadi, anunciou que estava em marcha uma opera\u00e7\u00e3o e apelou aos habitantes de Tikrit que se revoltassem contra o Estado Isl\u00e2mico.<\/p>\n","protected":false},"excerpt":{"rendered":"<p>A organiza\u00e7\u00e3o radical mu\u00e7ulmana Estado Isl\u00e2mico (EI) divulgou na segunda-feira o v\u00eddeo da execu\u00e7\u00e3o de quatro membros de uma tribo sunita na regi\u00e3o de Tikrit, onde acontece uma grande ofensiva do ex\u00e9rcito iraquiano, acusando-os de colaborar com o Governo do Iraque. Os radicais mu\u00e7ulmanos do EI controlam desde o m\u00eas de junho a cidade de Tikrit, ao norte de Bagdad, onde dezenas de milhares de soldados tentam\u00a0se\u00a0recuperar. No v\u00eddeo, divulgado por contas de Twitter favor\u00e1veis ao EI, os quatro homens s\u00e3o descritos como integrantes de uma tribo batizada com o mesmo nome de uma vila situada ao norte de Tikrit.<\/p>\n","protected":false},"author":1,"featured_media":12706,"comment_status":"open","ping_status":"open","sticky":false,"template":"","format":"standard","meta":{"_links_to":"","_links_to_target":""},"categories":[8,1],"tags":[],"views":2950,"_links":{"self":[{"href":"https:\/\/www.brazilianpress.com\/v1\/wp-json\/wp\/v2\/posts\/12705"}],"collection":[{"href":"https:\/\/www.brazilianpress.com\/v1\/wp-json\/wp\/v2\/posts"}],"about":[{"href":"https:\/\/www.brazilianpress.com\/v1\/wp-json\/wp\/v2\/types\/post"}],"author":[{"embeddable":true,"href":"https:\/\/www.brazilianpress.com\/v1\/wp-json\/wp\/v2\/users\/1"}],"replies":[{"embeddable":true,"href":"https:\/\/www.brazilianpress.com\/v1\/wp-json\/wp\/v2\/comments?post=12705"}],"version-history":[{"count":1,"href":"https:\/\/www.brazilianpress.com\/v1\/wp-json\/wp\/v2\/posts\/12705\/revisions"}],"predecessor-version":[{"id":12707,"href":"https:\/\/www.brazilianpress.com\/v1\/wp-json\/wp\/v2\/posts\/12705\/revisions\/12707"}],"wp:featuredmedia":[{"embeddable":true,"href":"https:\/\/www.brazilianpress.com\/v1\/wp-json\/wp\/v2\/media\/12706"}],"wp:attachment":[{"href":"https:\/\/www.brazilianpress.com\/v1\/wp-json\/wp\/v2\/media?parent=12705"}],"wp:term":[{"taxonomy":"category","embeddable":true,"href":"https:\/\/www.brazilianpress.com\/v1\/wp-json\/wp\/v2\/categories?post=12705"},{"taxonomy":"post_tag","embeddable":true,"href":"https:\/\/www.brazilianpress.com\/v1\/wp-json\/wp\/v2\/tags?post=12705"}],"curies":[{"name":"wp","href":"https:\/\/api.w.org\/{rel}","templated":true}]}}