{"id":12708,"date":"2015-03-05T12:07:48","date_gmt":"2015-03-05T16:07:48","guid":{"rendered":"http:\/\/www.brazilianpress.com\/v1\/?p=12708"},"modified":"2015-03-05T12:07:48","modified_gmt":"2015-03-05T16:07:48","slug":"em-culto-da-universal-jovens-gladiadores-se-dizem-prontos-para-a-batalha","status":"publish","type":"post","link":"https:\/\/www.brazilianpress.com\/v1\/2015\/03\/05\/em-culto-da-universal-jovens-gladiadores-se-dizem-prontos-para-a-batalha\/","title":{"rendered":"Em culto da Universal, jovens &#8216;gladiadores&#8217; se dizem &#8216;prontos para a batalha&#8217;"},"content":{"rendered":"<p><img loading=\"lazy\" class=\"alignnone size-full wp-image-12709\" src=\"http:\/\/www.brazilianpress.com\/v1\/wp-content\/uploads\/2015\/03\/jovens.jpg\" alt=\"_jovens\" width=\"500\" height=\"368\" srcset=\"https:\/\/www.brazilianpress.com\/v1\/wp-content\/uploads\/2015\/03\/jovens.jpg 500w, https:\/\/www.brazilianpress.com\/v1\/wp-content\/uploads\/2015\/03\/jovens-300x221.jpg 300w\" sizes=\"(max-width: 500px) 100vw, 500px\" \/><\/p>\n<p>Um v\u00eddeo publicado pela Igreja Universal do Reino de Deus (IURD) do Cear\u00e1 na internet mostra jovens marchando, batendo contin\u00eancia e gritando que est\u00e3o &#8220;prontos para a batalha&#8221; durante um culto realizado em Fortaleza.<\/p>\n<p>Os jovens fazem parte de um programa da igreja chamado Gladiadores do Altar, voltado \u00e0 prepara\u00e7\u00e3o de rapazes de &#8220;diversas idades para servir a Deus no Altar&#8221;, segundo informa o site da IURD. O programa, que \u00e9 ligado \u00e0 For\u00e7a Jovem Universal, foi lan\u00e7ado no ano passado.<\/p>\n<p><!--more-->&#8220;O projeto realiza reuni\u00f5es semanais com os rapazes que est\u00e3o dispostos a abrir m\u00e3o de suas vidas para que outras pessoas sejam ajudadas, cumprindo assim o que Jesus disse: &#8216;Ide por todo mundo e pregai o evangelho a toda criatura'&#8221;, diz o site da Universal. A igreja publicou o v\u00eddeo no Facebook no dia 15 de fevereiro e, at\u00e9 a noite de segunda-feira, 2, tinha mais de 921 mil visualiza\u00e7\u00f5es. Na grava\u00e7\u00e3o, dezenas de rapazes surgem marchando at\u00e9 o p\u00e9 do altar, onde fazem uma esp\u00e9cie de juramento, no qual afirmam que &#8220;est\u00e3o prontos para a batalha&#8221;.<\/p>\n<p>&#8220;Gra\u00e7as ao Senhor hoje estamos aqui prontos para a batalha, e decididos a te servir. Somos gladiadores do seu altar. Isso \u00e9 uma decis\u00e3o. Todos os dias enfrentamos o inferno confiantes em sua santa prote\u00e7\u00e3o&#8221;, gritam os jovens. Ao fim do discurso, perguntados pelo condutor do juramento &#8220;o que os gladiadores querem?&#8221;, eles respondem em coro: &#8220;O altar, o altar, o altar&#8221;.<\/p>\n<p>O deputado federal Jean Wyllys (PSOL-RJ) postou uma foto dos Gladiadores do Altar em seu perfil do Instagram, com um texto no qual se diz chocado com a &#8220;mil\u00edcia&#8221; que, segundo ele, vem sendo formada pelo &#8220;fundamentalismo religioso do Pa\u00eds&#8221;. &#8220;O fundamentalismo crist\u00e3o no Brasil tem amea\u00e7ado as liberdades individuais, a diversidade sexual e as manifesta\u00e7\u00f5es culturais laicas. Agora ele est\u00e1 formando uma mil\u00edcia que, por enquanto, atende pelo nome de &#8216;Gladiadores do Altar'&#8221;, escreveu o parlamentar. &#8220;Quando come\u00e7arem a executar os &#8216;infi\u00e9is&#8217; e ateus e empurrarem os homossexuais de torres altas como vem fazendo o fundamentalismo isl\u00e2mico no Oriente M\u00e9dio? N\u00e3o \u00e9 porque tem a palavra &#8216;crist\u00e3o&#8217; na express\u00e3o que o fundamentalismo crist\u00e3o deixa de ser perigoso e n\u00e3o far\u00e1 o que j\u00e1 faz o fundamentalismo isl\u00e2mico.&#8221; A reportagem do jornal\u00a0O Estado de S. Paulo\u00a0entrou em contato na segunda-feira, 2, com a Igreja Universal do Reino de Deus, mas n\u00e3o foi atendida pela assessoria de imprensa. As informa\u00e7\u00f5es s\u00e3o do jornal\u00a0O Estado de S. Paulo.<\/p>\n","protected":false},"excerpt":{"rendered":"<p>Um v\u00eddeo publicado pela Igreja Universal do Reino de Deus (IURD) do Cear\u00e1 na internet mostra jovens marchando, batendo contin\u00eancia e gritando que est\u00e3o &#8220;prontos para a batalha&#8221; durante um culto realizado em Fortaleza. Os jovens fazem parte de um programa da igreja chamado Gladiadores do Altar, voltado \u00e0 prepara\u00e7\u00e3o de rapazes de &#8220;diversas idades para servir a Deus no Altar&#8221;, segundo informa o site da IURD. O programa, que \u00e9 ligado \u00e0 For\u00e7a Jovem Universal, foi lan\u00e7ado no ano passado.<\/p>\n","protected":false},"author":1,"featured_media":12709,"comment_status":"open","ping_status":"open","sticky":false,"template":"","format":"standard","meta":{"_links_to":"","_links_to_target":""},"categories":[7,1],"tags":[],"views":2114,"_links":{"self":[{"href":"https:\/\/www.brazilianpress.com\/v1\/wp-json\/wp\/v2\/posts\/12708"}],"collection":[{"href":"https:\/\/www.brazilianpress.com\/v1\/wp-json\/wp\/v2\/posts"}],"about":[{"href":"https:\/\/www.brazilianpress.com\/v1\/wp-json\/wp\/v2\/types\/post"}],"author":[{"embeddable":true,"href":"https:\/\/www.brazilianpress.com\/v1\/wp-json\/wp\/v2\/users\/1"}],"replies":[{"embeddable":true,"href":"https:\/\/www.brazilianpress.com\/v1\/wp-json\/wp\/v2\/comments?post=12708"}],"version-history":[{"count":1,"href":"https:\/\/www.brazilianpress.com\/v1\/wp-json\/wp\/v2\/posts\/12708\/revisions"}],"predecessor-version":[{"id":12710,"href":"https:\/\/www.brazilianpress.com\/v1\/wp-json\/wp\/v2\/posts\/12708\/revisions\/12710"}],"wp:featuredmedia":[{"embeddable":true,"href":"https:\/\/www.brazilianpress.com\/v1\/wp-json\/wp\/v2\/media\/12709"}],"wp:attachment":[{"href":"https:\/\/www.brazilianpress.com\/v1\/wp-json\/wp\/v2\/media?parent=12708"}],"wp:term":[{"taxonomy":"category","embeddable":true,"href":"https:\/\/www.brazilianpress.com\/v1\/wp-json\/wp\/v2\/categories?post=12708"},{"taxonomy":"post_tag","embeddable":true,"href":"https:\/\/www.brazilianpress.com\/v1\/wp-json\/wp\/v2\/tags?post=12708"}],"curies":[{"name":"wp","href":"https:\/\/api.w.org\/{rel}","templated":true}]}}