{"id":12720,"date":"2015-03-05T12:14:17","date_gmt":"2015-03-05T16:14:17","guid":{"rendered":"http:\/\/www.brazilianpress.com\/v1\/?p=12720"},"modified":"2015-03-12T08:38:47","modified_gmt":"2015-03-12T12:38:47","slug":"assaltante-ataca-morador-com-chave-de-fenda-em-new-jersey","status":"publish","type":"post","link":"https:\/\/www.brazilianpress.com\/v1\/2015\/03\/05\/assaltante-ataca-morador-com-chave-de-fenda-em-new-jersey\/","title":{"rendered":"Assaltante ataca morador com chave de fenda em New Jersey"},"content":{"rendered":"<p><img loading=\"lazy\" class=\"alignnone size-full wp-image-12721\" src=\"http:\/\/www.brazilianpress.com\/v1\/wp-content\/uploads\/2015\/03\/ladrao-nj.jpg\" alt=\"_ladrao nj\" width=\"500\" height=\"281\" srcset=\"https:\/\/www.brazilianpress.com\/v1\/wp-content\/uploads\/2015\/03\/ladrao-nj.jpg 500w, https:\/\/www.brazilianpress.com\/v1\/wp-content\/uploads\/2015\/03\/ladrao-nj-300x169.jpg 300w\" sizes=\"(max-width: 500px) 100vw, 500px\" \/><\/p>\n<p>As autoridades procuram um suspeito de roubar v\u00e1rias casas e de atacar um homem com uma chave de fenda. Jerry Flynn, 56 anos, foi esfaqueado com uma chave de fenda depois que ele confrontou o ladr\u00e3o, que descobriu escondido no mato segunda-feira em sua casa em Stephan Road, disseram as autoridades.<!--more--> Flynn confessou \u00e0s autoridades que ele tentou segurar o suspeito que fugiu para n\u00e3o ser preso e que o encontro terminou em pancadaria. Flynn disse que depois de ser ferido seguiu o suspeito em seu carro, mas depois o perdeu de vista. A pol\u00edcia do distrito suspeita que o mesmo indiv\u00edduo realizou dois outros assaltos na regi\u00e3o, incluindo uma em Burnt Tavern Road e disseram que n\u00e3o \u00e9 comum um ataque de ladr\u00e3o durante o dia.<\/p>\n","protected":false},"excerpt":{"rendered":"<p>As autoridades procuram um suspeito de roubar v\u00e1rias casas e de atacar um homem com uma chave de fenda. Jerry Flynn, 56 anos, foi esfaqueado com uma chave de fenda depois que ele confrontou o ladr\u00e3o, que descobriu escondido no mato segunda-feira em sua casa em Stephan Road, disseram as autoridades.<\/p>\n","protected":false},"author":1,"featured_media":12721,"comment_status":"open","ping_status":"open","sticky":false,"template":"","format":"standard","meta":{"_links_to":"","_links_to_target":""},"categories":[1,10],"tags":[],"views":2317,"_links":{"self":[{"href":"https:\/\/www.brazilianpress.com\/v1\/wp-json\/wp\/v2\/posts\/12720"}],"collection":[{"href":"https:\/\/www.brazilianpress.com\/v1\/wp-json\/wp\/v2\/posts"}],"about":[{"href":"https:\/\/www.brazilianpress.com\/v1\/wp-json\/wp\/v2\/types\/post"}],"author":[{"embeddable":true,"href":"https:\/\/www.brazilianpress.com\/v1\/wp-json\/wp\/v2\/users\/1"}],"replies":[{"embeddable":true,"href":"https:\/\/www.brazilianpress.com\/v1\/wp-json\/wp\/v2\/comments?post=12720"}],"version-history":[{"count":1,"href":"https:\/\/www.brazilianpress.com\/v1\/wp-json\/wp\/v2\/posts\/12720\/revisions"}],"predecessor-version":[{"id":12722,"href":"https:\/\/www.brazilianpress.com\/v1\/wp-json\/wp\/v2\/posts\/12720\/revisions\/12722"}],"wp:featuredmedia":[{"embeddable":true,"href":"https:\/\/www.brazilianpress.com\/v1\/wp-json\/wp\/v2\/media\/12721"}],"wp:attachment":[{"href":"https:\/\/www.brazilianpress.com\/v1\/wp-json\/wp\/v2\/media?parent=12720"}],"wp:term":[{"taxonomy":"category","embeddable":true,"href":"https:\/\/www.brazilianpress.com\/v1\/wp-json\/wp\/v2\/categories?post=12720"},{"taxonomy":"post_tag","embeddable":true,"href":"https:\/\/www.brazilianpress.com\/v1\/wp-json\/wp\/v2\/tags?post=12720"}],"curies":[{"name":"wp","href":"https:\/\/api.w.org\/{rel}","templated":true}]}}