{"id":12732,"date":"2015-03-05T12:24:39","date_gmt":"2015-03-05T16:24:39","guid":{"rendered":"http:\/\/www.brazilianpress.com\/v1\/?p=12732"},"modified":"2015-03-05T12:24:39","modified_gmt":"2015-03-05T16:24:39","slug":"fadiga-cronica-e-uma-doenca-biologica-nao-psicologica","status":"publish","type":"post","link":"https:\/\/www.brazilianpress.com\/v1\/2015\/03\/05\/fadiga-cronica-e-uma-doenca-biologica-nao-psicologica\/","title":{"rendered":"Fadiga cr\u00f4nica \u00e9 uma doen\u00e7a biol\u00f3gica, n\u00e3o psicol\u00f3gica"},"content":{"rendered":"<p><img loading=\"lazy\" class=\"alignnone size-full wp-image-12733\" src=\"http:\/\/www.brazilianpress.com\/v1\/wp-content\/uploads\/2015\/03\/fadiga.jpg\" alt=\"fadiga\" width=\"500\" height=\"325\" srcset=\"https:\/\/www.brazilianpress.com\/v1\/wp-content\/uploads\/2015\/03\/fadiga.jpg 500w, https:\/\/www.brazilianpress.com\/v1\/wp-content\/uploads\/2015\/03\/fadiga-300x195.jpg 300w\" sizes=\"(max-width: 500px) 100vw, 500px\" \/><\/p>\n<p>A fadiga cr\u00f4nica \u00e9 uma doen\u00e7a biol\u00f3gica e n\u00e3o psicol\u00f3gica, que pode ser identificada por marcadores no sangue &#8211; segundo um estudo publicado na \u00fatima sexta-feira que alimenta as esperan\u00e7as de descoberta de tratamento.<\/p>\n<p>A descoberta \u00e9 &#8220;a primeira prova f\u00edsica s\u00f3lida&#8221; de que esta s\u00edndrome \u00e9 &#8220;uma doen\u00e7a biol\u00f3gica e n\u00e3o uma desordem psicol\u00f3gica&#8221; e que a enfermidade comporta &#8220;distintas etapas&#8221;, afirmam os autores da pesquisa realizada pela Escola Mailman de Sa\u00fade P\u00fablica, na universidade de Columbia.<!--more--><\/p>\n<p>O estudo foi publicado na revista especializada Science Advances.<\/p>\n<p>Sem causa nem tratamento conhecidos, a s\u00edndrome da fadiga cr\u00f4nica, conhecida como encefalomielitis (ME\/CFS), deixa os cientistas perplexos h\u00e1 tempos.<\/p>\n<p>Al\u00e9m de um cansa\u00e7o constante, provoca dores de cabe\u00e7a e musculares e dificuldades para se concentrar.<\/p>\n<p>&#8220;Agora temos a confirma\u00e7\u00e3o de algo que milh\u00f5es de pessoas que sofrem com a doen\u00e7a j\u00e1 sabiam: a ME\/CFS n\u00e3o \u00e9 psicol\u00f3gica&#8221;, afirma Mady Hornig, professor associado em epidemiologia da Escola Mailman e principal autor do estudo.<\/p>\n<p>&#8220;Nossos resultados devem acelerar o processo para estabelecer um diagn\u00f3stico (&#8230;) e descobrir novos tratamentos, j\u00e1 que pode se concentrar nesses marcadores sangu\u00edneos&#8221;, acrescentou.<\/p>\n<p>Os pesquisadores examinaram os n\u00edveis de 51 marcadores do sistema imunol\u00f3gico no plasma de 298 pacientes e 348 pessoas saud\u00e1veis.<\/p>\n<p>Descobriram que o sangue dos pacientes que sofrem de fadiga cr\u00f4nica h\u00e1 tr\u00eas anos ou menos apresentavam n\u00edveis mais elevados de mol\u00e9culas chamadas citoquinas, o que n\u00e3o ocorre com quem n\u00e3o tem a doen\u00e7a.<\/p>\n","protected":false},"excerpt":{"rendered":"<p>A fadiga cr\u00f4nica \u00e9 uma doen\u00e7a biol\u00f3gica e n\u00e3o psicol\u00f3gica, que pode ser identificada por marcadores no sangue &#8211; segundo um estudo publicado na \u00fatima sexta-feira que alimenta as esperan\u00e7as de descoberta de tratamento. A descoberta \u00e9 &#8220;a primeira prova f\u00edsica s\u00f3lida&#8221; de que esta s\u00edndrome \u00e9 &#8220;uma doen\u00e7a biol\u00f3gica e n\u00e3o uma desordem psicol\u00f3gica&#8221; e que a enfermidade comporta &#8220;distintas etapas&#8221;, afirmam os autores da pesquisa realizada pela Escola Mailman de Sa\u00fade P\u00fablica, na universidade de Columbia.<\/p>\n","protected":false},"author":1,"featured_media":12733,"comment_status":"open","ping_status":"open","sticky":false,"template":"","format":"standard","meta":{"_links_to":"","_links_to_target":""},"categories":[4,1],"tags":[],"views":1924,"_links":{"self":[{"href":"https:\/\/www.brazilianpress.com\/v1\/wp-json\/wp\/v2\/posts\/12732"}],"collection":[{"href":"https:\/\/www.brazilianpress.com\/v1\/wp-json\/wp\/v2\/posts"}],"about":[{"href":"https:\/\/www.brazilianpress.com\/v1\/wp-json\/wp\/v2\/types\/post"}],"author":[{"embeddable":true,"href":"https:\/\/www.brazilianpress.com\/v1\/wp-json\/wp\/v2\/users\/1"}],"replies":[{"embeddable":true,"href":"https:\/\/www.brazilianpress.com\/v1\/wp-json\/wp\/v2\/comments?post=12732"}],"version-history":[{"count":1,"href":"https:\/\/www.brazilianpress.com\/v1\/wp-json\/wp\/v2\/posts\/12732\/revisions"}],"predecessor-version":[{"id":12734,"href":"https:\/\/www.brazilianpress.com\/v1\/wp-json\/wp\/v2\/posts\/12732\/revisions\/12734"}],"wp:featuredmedia":[{"embeddable":true,"href":"https:\/\/www.brazilianpress.com\/v1\/wp-json\/wp\/v2\/media\/12733"}],"wp:attachment":[{"href":"https:\/\/www.brazilianpress.com\/v1\/wp-json\/wp\/v2\/media?parent=12732"}],"wp:term":[{"taxonomy":"category","embeddable":true,"href":"https:\/\/www.brazilianpress.com\/v1\/wp-json\/wp\/v2\/categories?post=12732"},{"taxonomy":"post_tag","embeddable":true,"href":"https:\/\/www.brazilianpress.com\/v1\/wp-json\/wp\/v2\/tags?post=12732"}],"curies":[{"name":"wp","href":"https:\/\/api.w.org\/{rel}","templated":true}]}}