{"id":12741,"date":"2015-03-05T12:34:17","date_gmt":"2015-03-05T16:34:17","guid":{"rendered":"http:\/\/www.brazilianpress.com\/v1\/?p=12741"},"modified":"2015-03-05T12:34:17","modified_gmt":"2015-03-05T16:34:17","slug":"facebook-acrescentara-ferramenta-na-rede-que-ajuda-a-prevenir-suicidio-de-usuario","status":"publish","type":"post","link":"https:\/\/www.brazilianpress.com\/v1\/2015\/03\/05\/facebook-acrescentara-ferramenta-na-rede-que-ajuda-a-prevenir-suicidio-de-usuario\/","title":{"rendered":"Facebook acrescentar\u00e1 ferramenta na rede que ajuda a prevenir suic\u00eddio de usu\u00e1rio"},"content":{"rendered":"<p><img loading=\"lazy\" class=\"alignnone size-full wp-image-12742\" src=\"http:\/\/www.brazilianpress.com\/v1\/wp-content\/uploads\/2015\/03\/facebook-suicidio.jpg\" alt=\"facebook suicidio\" width=\"500\" height=\"209\" srcset=\"https:\/\/www.brazilianpress.com\/v1\/wp-content\/uploads\/2015\/03\/facebook-suicidio.jpg 500w, https:\/\/www.brazilianpress.com\/v1\/wp-content\/uploads\/2015\/03\/facebook-suicidio-300x125.jpg 300w\" sizes=\"(max-width: 500px) 100vw, 500px\" \/><\/p>\n<p>Algumas pessoas que pensam em suic\u00eddio podem dar sinais aos amigos, seja pessoalmente, por WhatsApp ou at\u00e9 mesmo por meio de posts no Facebook. Pensando nisso, a empresa anunciou em sua p\u00e1gina\u00a0uma nova ferramenta com a inten\u00e7\u00e3o de dar suporte\u00a0a usu\u00e1rios que postam algum conte\u00fado preocupante, que poderia induzir ao suic\u00eddio. Vai funcionar de forma colaborativa. <!--more-->Se seu amigo postar alguma mensagem suspeita, voc\u00ea ter\u00e1 uma op\u00e7\u00e3o no post de informar ao pr\u00f3prio Facebook, como se fosse selecionar um alerta de spam. A pr\u00f3xima vez que o usu\u00e1rio logar no Facebook, uma mensagem aparecer\u00e1 dizendo que algu\u00e9m est\u00e1 preocupado com ele (a), e encorajando-o a duas op\u00e7\u00f5es: falar com um amigo ou especialista, ou ter dicas de como lidar com situa\u00e7\u00f5es dif\u00edceis. O site tamb\u00e9m apresentar\u00e1 o contato de institui\u00e7\u00f5es que fizeram parte da parceria para criar a ferramenta.<\/p>\n<p>Mas para quem j\u00e1 est\u00e1 pensando em zoar o amigo que posta uma m\u00fasica meio depressiva ou sair tirando o sarro alheio, pode parar por a\u00ed.\u00a0Todos os posts que forem alertados passar\u00e3o por uma avalia\u00e7\u00e3o\u00a0para checar se o conte\u00fado \u00e9 realmente considerado perigoso a quem posta ou n\u00e3o. Por enquanto, a ferramenta s\u00f3 ir\u00e1 funcionar nos Estados Unidos e est\u00e1 sendo estudada em outros pa\u00edses. No Brasil\u00a0a rede j\u00e1 possui um canal de den\u00fancia\u00a0de posts com esse perfil. O conte\u00fado tamb\u00e9m \u00e9 avaliado e ent\u00e3o indica contatos com fontes de preven\u00e7\u00e3o de suic\u00eddio pr\u00f3ximas de onde o usu\u00e1rio est\u00e1. <em>Precisa de ajuda? No Brasil, ligue para o<\/em><em>\u00a0<\/em><em>CVV &#8211; Centro de Valoriza\u00e7\u00e3o da Vida<\/em><em>\u00a0<\/em><em>no telefone 141, a liga\u00e7\u00e3o \u00e9 gratuita.<\/em><\/p>\n","protected":false},"excerpt":{"rendered":"<p>Algumas pessoas que pensam em suic\u00eddio podem dar sinais aos amigos, seja pessoalmente, por WhatsApp ou at\u00e9 mesmo por meio de posts no Facebook. Pensando nisso, a empresa anunciou em sua p\u00e1gina\u00a0uma nova ferramenta com a inten\u00e7\u00e3o de dar suporte\u00a0a usu\u00e1rios que postam algum conte\u00fado preocupante, que poderia induzir ao suic\u00eddio. Vai funcionar de forma colaborativa.<\/p>\n","protected":false},"author":1,"featured_media":12742,"comment_status":"open","ping_status":"open","sticky":false,"template":"","format":"standard","meta":{"_links_to":"","_links_to_target":""},"categories":[4,1],"tags":[],"views":2091,"_links":{"self":[{"href":"https:\/\/www.brazilianpress.com\/v1\/wp-json\/wp\/v2\/posts\/12741"}],"collection":[{"href":"https:\/\/www.brazilianpress.com\/v1\/wp-json\/wp\/v2\/posts"}],"about":[{"href":"https:\/\/www.brazilianpress.com\/v1\/wp-json\/wp\/v2\/types\/post"}],"author":[{"embeddable":true,"href":"https:\/\/www.brazilianpress.com\/v1\/wp-json\/wp\/v2\/users\/1"}],"replies":[{"embeddable":true,"href":"https:\/\/www.brazilianpress.com\/v1\/wp-json\/wp\/v2\/comments?post=12741"}],"version-history":[{"count":1,"href":"https:\/\/www.brazilianpress.com\/v1\/wp-json\/wp\/v2\/posts\/12741\/revisions"}],"predecessor-version":[{"id":12743,"href":"https:\/\/www.brazilianpress.com\/v1\/wp-json\/wp\/v2\/posts\/12741\/revisions\/12743"}],"wp:featuredmedia":[{"embeddable":true,"href":"https:\/\/www.brazilianpress.com\/v1\/wp-json\/wp\/v2\/media\/12742"}],"wp:attachment":[{"href":"https:\/\/www.brazilianpress.com\/v1\/wp-json\/wp\/v2\/media?parent=12741"}],"wp:term":[{"taxonomy":"category","embeddable":true,"href":"https:\/\/www.brazilianpress.com\/v1\/wp-json\/wp\/v2\/categories?post=12741"},{"taxonomy":"post_tag","embeddable":true,"href":"https:\/\/www.brazilianpress.com\/v1\/wp-json\/wp\/v2\/tags?post=12741"}],"curies":[{"name":"wp","href":"https:\/\/api.w.org\/{rel}","templated":true}]}}