{"id":12744,"date":"2015-03-05T12:50:12","date_gmt":"2015-03-05T16:50:12","guid":{"rendered":"http:\/\/www.brazilianpress.com\/v1\/?p=12744"},"modified":"2015-03-05T12:50:12","modified_gmt":"2015-03-05T16:50:12","slug":"rapidinhas-rapidinhas-rapidinhas-por-alethea-rodrigues-7","status":"publish","type":"post","link":"https:\/\/www.brazilianpress.com\/v1\/2015\/03\/05\/rapidinhas-rapidinhas-rapidinhas-por-alethea-rodrigues-7\/","title":{"rendered":"Rapidinhas, Rapidinhas, Rapidinhas, por Alethea Rodrigues"},"content":{"rendered":"<p><img loading=\"lazy\" class=\"alignnone size-full wp-image-12745\" src=\"http:\/\/www.brazilianpress.com\/v1\/wp-content\/uploads\/2015\/03\/luana-piovani.jpg\" alt=\"luana piovani\" width=\"500\" height=\"288\" srcset=\"https:\/\/www.brazilianpress.com\/v1\/wp-content\/uploads\/2015\/03\/luana-piovani.jpg 500w, https:\/\/www.brazilianpress.com\/v1\/wp-content\/uploads\/2015\/03\/luana-piovani-300x173.jpg 300w\" sizes=\"(max-width: 500px) 100vw, 500px\" \/><\/p>\n<p>\u2022\u2022\u2022 Pedro Scooby e\u00a0Luana Piovani\u00a0ser\u00e3o pais pela segunda vez. Dessa vez de g\u00eameos! O surfista postou uma foto em seu perfil no Instagram da atriz com a m\u00e3o na barriga junto com o filho do casal, Dom, de dois anos de idade. Na legenda, apenas &#8220;bom dia&#8221; e uma m\u00e3ozinha com o n\u00famero dois. A atriz tamb\u00e9m colocou a mesma foto e escreveu: #gratid\u00e3o #obrigada senhor #fam\u00edlia completa. Luana ainda contou aos f\u00e3s que o filho mais velho est\u00e1 muito feliz e n\u00e3o v\u00ea a hora dos irm\u00e3ozinhos chegarem.<!--more--><\/p>\n<p>\u2022\u2022\u2022 Rolou pega\u00e7\u00e3o no casamento de Thiaguinho e Fernanda Souza: Anitta e Luan Santana ficaram juntos. O clima come\u00e7ou a rolar, segundo duas pessoas que viram a cena, durante o show do grupo Fundo de Quintal. Depois, na hora que come\u00e7ou a tocar funk, a cantora dan\u00e7ou para o sertanejo. Ela estava t\u00e3o sensual, empinando o bumbum e tudo, que n\u00e3o teve como Luan resistir. Os dois passaram boa parte da festa juntos perto do bar que ficava em frente ao palco tomando caipirinha. Em um determinado momento, quando come\u00e7aram a se beijar em um cantinho, um rapaz que certamente era amigo deles, ficou dan\u00e7ando na frente fazendo cabaninha para os dois n\u00e3o ficarem t\u00e3o expostos. Anitta e Luan foram embora juntos no carro dele dirigido pelo motorista do menino. Na hora de esperar o carro chegar, em frente ao buf\u00ea, os cantores ficaram aos beijos e ela ainda brincava com o topete dele.<\/p>\n<p><img loading=\"lazy\" class=\"alignright size-medium wp-image-12746\" src=\"http:\/\/www.brazilianpress.com\/v1\/wp-content\/uploads\/2015\/03\/ronaldo-fenomeno-celina-locks-200x300.jpg\" alt=\"ronaldo fenomeno celina locks\" width=\"200\" height=\"300\" srcset=\"https:\/\/www.brazilianpress.com\/v1\/wp-content\/uploads\/2015\/03\/ronaldo-fenomeno-celina-locks-200x300.jpg 200w, https:\/\/www.brazilianpress.com\/v1\/wp-content\/uploads\/2015\/03\/ronaldo-fenomeno-celina-locks.jpg 448w\" sizes=\"(max-width: 200px) 100vw, 200px\" \/>\u2022\u2022\u2022 Celina Locks ganhou os holofotes e a curiosidade do p\u00fablico ao\u00a0aparecer ao lado de Ronaldo como sua nova namorada em um camarote no carnaval do Rio de Janeiro na \u00faltima semana. Simp\u00e1tica e bem articulada, a modelo foi uma das convidadas vip do lan\u00e7amento da nova cole\u00e7\u00e3o da grife Le Lis Blanc, nesta semana, em S\u00e3o Paulo e falou sobre o ass\u00e9dio instant\u00e2neo da imprensa ap\u00f3s virar a nova &#8220;senhora Ronaldo&#8221;. &#8220;Foi muito natural, eu sou modelo, estou acostumada com fotos, entrevistas, n\u00e3o mudou muito a minha vida. No final, a nossa rela\u00e7\u00e3o \u00e9 basicamente s\u00f3 eu e ele&#8221;, explicou. J\u00e1 sobre a fama e novos trabalhos, a modelo de 23 anos tamb\u00e9m parece manter o p\u00e9 no ch\u00e3o. &#8220;Eu tive uma educa\u00e7\u00e3o maravilhosa, meus pais sempre me ensinaram os valores, a ter humildade. Isso que est\u00e1 acontecendo \u00e9 natural, n\u00e3o vai mudar quem eu sou e a minha ess\u00eancia&#8221;, afirmou.<\/p>\n<p>\u2022\u2022\u2022 Durante uma entrevista pol\u00eamica no programa The Jonathan Ross Show, a popstar Madonna deixou muita gente de queixo ca\u00eddo ao revelar que deu autoriza\u00e7\u00e3o para os filhos mais velhos, Lourdes Maria e Rocco consumirem drogas. A\u00a0cantora\u00a0disse que ela j\u00e1 provou v\u00e1rias drogas, mas que n\u00e3o tinha gostado e por esse motivo hoje em dia n\u00e3o \u00e9 usu\u00e1ria de nenhum tipo. Mas Madonna explicou que, como ela poderia proibir os filhos, se ela j\u00e1 havia experimentado?\u00a0&#8220;Seria um absurdo que eu lhes diga que n\u00e3o consumam drogas, quando eu as consumi. N\u00e3o sou\u00a0f\u00e3\u00a0das drogas, mas as provei h\u00e1 alguns anos e n\u00e3o gostei. O \u00fanico conselho que eu dou para a minha filha foi &#8216;tome decis\u00f5es s\u00e1bias, se voc\u00ea provar as drogas, que seja com modera\u00e7\u00e3o e sem misturar com bebida alco\u00f3lica&#8221;.<\/p>\n","protected":false},"excerpt":{"rendered":"<p>\u2022\u2022\u2022 Pedro Scooby e\u00a0Luana Piovani\u00a0ser\u00e3o pais pela segunda vez. Dessa vez de g\u00eameos! O surfista postou uma foto em seu perfil no Instagram da atriz com a m\u00e3o na barriga junto com o filho do casal, Dom, de dois anos de idade. Na legenda, apenas &#8220;bom dia&#8221; e uma m\u00e3ozinha com o n\u00famero dois. A atriz tamb\u00e9m colocou a mesma foto e escreveu: #gratid\u00e3o #obrigada senhor #fam\u00edlia completa. Luana ainda contou aos f\u00e3s que o filho mais velho est\u00e1 muito feliz e n\u00e3o v\u00ea a hora dos irm\u00e3ozinhos chegarem.<\/p>\n","protected":false},"author":1,"featured_media":12745,"comment_status":"open","ping_status":"open","sticky":false,"template":"","format":"standard","meta":{"_links_to":"","_links_to_target":""},"categories":[4,1],"tags":[],"views":2407,"_links":{"self":[{"href":"https:\/\/www.brazilianpress.com\/v1\/wp-json\/wp\/v2\/posts\/12744"}],"collection":[{"href":"https:\/\/www.brazilianpress.com\/v1\/wp-json\/wp\/v2\/posts"}],"about":[{"href":"https:\/\/www.brazilianpress.com\/v1\/wp-json\/wp\/v2\/types\/post"}],"author":[{"embeddable":true,"href":"https:\/\/www.brazilianpress.com\/v1\/wp-json\/wp\/v2\/users\/1"}],"replies":[{"embeddable":true,"href":"https:\/\/www.brazilianpress.com\/v1\/wp-json\/wp\/v2\/comments?post=12744"}],"version-history":[{"count":1,"href":"https:\/\/www.brazilianpress.com\/v1\/wp-json\/wp\/v2\/posts\/12744\/revisions"}],"predecessor-version":[{"id":12747,"href":"https:\/\/www.brazilianpress.com\/v1\/wp-json\/wp\/v2\/posts\/12744\/revisions\/12747"}],"wp:featuredmedia":[{"embeddable":true,"href":"https:\/\/www.brazilianpress.com\/v1\/wp-json\/wp\/v2\/media\/12745"}],"wp:attachment":[{"href":"https:\/\/www.brazilianpress.com\/v1\/wp-json\/wp\/v2\/media?parent=12744"}],"wp:term":[{"taxonomy":"category","embeddable":true,"href":"https:\/\/www.brazilianpress.com\/v1\/wp-json\/wp\/v2\/categories?post=12744"},{"taxonomy":"post_tag","embeddable":true,"href":"https:\/\/www.brazilianpress.com\/v1\/wp-json\/wp\/v2\/tags?post=12744"}],"curies":[{"name":"wp","href":"https:\/\/api.w.org\/{rel}","templated":true}]}}