{"id":12748,"date":"2015-03-05T12:53:32","date_gmt":"2015-03-05T16:53:32","guid":{"rendered":"http:\/\/www.brazilianpress.com\/v1\/?p=12748"},"modified":"2015-04-23T10:45:13","modified_gmt":"2015-04-23T14:45:13","slug":"fatos-fotos-by-rejes-salomao-05032015","status":"publish","type":"post","link":"https:\/\/www.brazilianpress.com\/v1\/2015\/03\/05\/fatos-fotos-by-rejes-salomao-05032015\/","title":{"rendered":"Fatos &#038; Fotos, by Rejes Salom\u00e3o . 05\/03\/2015"},"content":{"rendered":"<p><img src=\"http:\/\/www.brazilianpress.com\/v1\/wp-content\/uploads\/2014\/12\/fatos-fotos-rejes-salomao.jpg\" alt=\"fatos fotos rejes salomao\" \/><\/p>\n<p><strong>Estes foram alguns registros da d\u00e9cima sexta feijoada do Rejes, evento que aconteceu no Concept restaurante em Valadares, evento contou os empres\u00e1rios de toda regi\u00e3o, pol\u00edticos, formadores de opini\u00e3o e muita gente bonita !!!! Foi um Grande sucesso alem de servido uma Deliciosa feijoada os convidados poderam curtir show de Mpb com Maguinho da ilha e sertanejo com M\u00e1rcio Robert, agora \u00e9 esperar a pr\u00f3xima !!!<\/strong><!--more--><\/p>\n<p><img loading=\"lazy\" class=\"alignnone size-full wp-image-12760\" src=\"http:\/\/www.brazilianpress.com\/v1\/wp-content\/uploads\/2015\/03\/rejes-ed1721-20150305-11.jpg\" alt=\"rejes ed1721 20150305 (11)\" width=\"450\" height=\"450\" srcset=\"https:\/\/www.brazilianpress.com\/v1\/wp-content\/uploads\/2015\/03\/rejes-ed1721-20150305-11.jpg 450w, https:\/\/www.brazilianpress.com\/v1\/wp-content\/uploads\/2015\/03\/rejes-ed1721-20150305-11-150x150.jpg 150w, https:\/\/www.brazilianpress.com\/v1\/wp-content\/uploads\/2015\/03\/rejes-ed1721-20150305-11-300x300.jpg 300w\" sizes=\"(max-width: 450px) 100vw, 450px\" \/> <img loading=\"lazy\" class=\"alignnone size-full wp-image-12759\" src=\"http:\/\/www.brazilianpress.com\/v1\/wp-content\/uploads\/2015\/03\/rejes-ed1721-20150305-10.jpg\" alt=\"rejes ed1721 20150305 (10)\" width=\"450\" height=\"300\" srcset=\"https:\/\/www.brazilianpress.com\/v1\/wp-content\/uploads\/2015\/03\/rejes-ed1721-20150305-10.jpg 450w, https:\/\/www.brazilianpress.com\/v1\/wp-content\/uploads\/2015\/03\/rejes-ed1721-20150305-10-300x200.jpg 300w\" sizes=\"(max-width: 450px) 100vw, 450px\" \/> <img loading=\"lazy\" class=\"alignnone size-full wp-image-12758\" src=\"http:\/\/www.brazilianpress.com\/v1\/wp-content\/uploads\/2015\/03\/rejes-ed1721-20150305-9.jpg\" alt=\"rejes ed1721 20150305 (9)\" width=\"450\" height=\"300\" srcset=\"https:\/\/www.brazilianpress.com\/v1\/wp-content\/uploads\/2015\/03\/rejes-ed1721-20150305-9.jpg 450w, https:\/\/www.brazilianpress.com\/v1\/wp-content\/uploads\/2015\/03\/rejes-ed1721-20150305-9-300x200.jpg 300w\" sizes=\"(max-width: 450px) 100vw, 450px\" \/> <img loading=\"lazy\" class=\"alignnone size-full wp-image-12757\" src=\"http:\/\/www.brazilianpress.com\/v1\/wp-content\/uploads\/2015\/03\/rejes-ed1721-20150305-8.jpg\" alt=\"rejes ed1721 20150305 (8)\" width=\"450\" height=\"300\" srcset=\"https:\/\/www.brazilianpress.com\/v1\/wp-content\/uploads\/2015\/03\/rejes-ed1721-20150305-8.jpg 450w, https:\/\/www.brazilianpress.com\/v1\/wp-content\/uploads\/2015\/03\/rejes-ed1721-20150305-8-300x200.jpg 300w\" sizes=\"(max-width: 450px) 100vw, 450px\" \/> <img loading=\"lazy\" class=\"alignnone size-full wp-image-12756\" src=\"http:\/\/www.brazilianpress.com\/v1\/wp-content\/uploads\/2015\/03\/rejes-ed1721-20150305-7.jpg\" alt=\"rejes ed1721 20150305 (7)\" width=\"450\" height=\"300\" srcset=\"https:\/\/www.brazilianpress.com\/v1\/wp-content\/uploads\/2015\/03\/rejes-ed1721-20150305-7.jpg 450w, https:\/\/www.brazilianpress.com\/v1\/wp-content\/uploads\/2015\/03\/rejes-ed1721-20150305-7-300x200.jpg 300w\" sizes=\"(max-width: 450px) 100vw, 450px\" \/> <img loading=\"lazy\" class=\"alignnone size-full wp-image-12755\" src=\"http:\/\/www.brazilianpress.com\/v1\/wp-content\/uploads\/2015\/03\/rejes-ed1721-20150305-6.jpg\" alt=\"rejes ed1721 20150305 (6)\" width=\"450\" height=\"300\" srcset=\"https:\/\/www.brazilianpress.com\/v1\/wp-content\/uploads\/2015\/03\/rejes-ed1721-20150305-6.jpg 450w, https:\/\/www.brazilianpress.com\/v1\/wp-content\/uploads\/2015\/03\/rejes-ed1721-20150305-6-300x200.jpg 300w\" sizes=\"(max-width: 450px) 100vw, 450px\" \/> <img loading=\"lazy\" class=\"alignnone size-full wp-image-12754\" src=\"http:\/\/www.brazilianpress.com\/v1\/wp-content\/uploads\/2015\/03\/rejes-ed1721-20150305-5.jpg\" alt=\"rejes ed1721 20150305 (5)\" width=\"450\" height=\"300\" srcset=\"https:\/\/www.brazilianpress.com\/v1\/wp-content\/uploads\/2015\/03\/rejes-ed1721-20150305-5.jpg 450w, https:\/\/www.brazilianpress.com\/v1\/wp-content\/uploads\/2015\/03\/rejes-ed1721-20150305-5-300x200.jpg 300w\" sizes=\"(max-width: 450px) 100vw, 450px\" \/> <img loading=\"lazy\" class=\"alignnone size-full wp-image-12753\" src=\"http:\/\/www.brazilianpress.com\/v1\/wp-content\/uploads\/2015\/03\/rejes-ed1721-20150305-4.jpg\" alt=\"rejes ed1721 20150305 (4)\" width=\"450\" height=\"300\" srcset=\"https:\/\/www.brazilianpress.com\/v1\/wp-content\/uploads\/2015\/03\/rejes-ed1721-20150305-4.jpg 450w, https:\/\/www.brazilianpress.com\/v1\/wp-content\/uploads\/2015\/03\/rejes-ed1721-20150305-4-300x200.jpg 300w\" sizes=\"(max-width: 450px) 100vw, 450px\" \/> <img loading=\"lazy\" class=\"alignnone size-full wp-image-12752\" src=\"http:\/\/www.brazilianpress.com\/v1\/wp-content\/uploads\/2015\/03\/rejes-ed1721-20150305-3.jpg\" alt=\"rejes ed1721 20150305 (3)\" width=\"450\" height=\"450\" srcset=\"https:\/\/www.brazilianpress.com\/v1\/wp-content\/uploads\/2015\/03\/rejes-ed1721-20150305-3.jpg 450w, https:\/\/www.brazilianpress.com\/v1\/wp-content\/uploads\/2015\/03\/rejes-ed1721-20150305-3-150x150.jpg 150w, https:\/\/www.brazilianpress.com\/v1\/wp-content\/uploads\/2015\/03\/rejes-ed1721-20150305-3-300x300.jpg 300w\" sizes=\"(max-width: 450px) 100vw, 450px\" \/> <img loading=\"lazy\" class=\"alignnone size-full wp-image-12751\" src=\"http:\/\/www.brazilianpress.com\/v1\/wp-content\/uploads\/2015\/03\/rejes-ed1721-20150305-2.jpg\" alt=\"rejes ed1721 20150305 (2)\" width=\"450\" height=\"299\" srcset=\"https:\/\/www.brazilianpress.com\/v1\/wp-content\/uploads\/2015\/03\/rejes-ed1721-20150305-2.jpg 450w, https:\/\/www.brazilianpress.com\/v1\/wp-content\/uploads\/2015\/03\/rejes-ed1721-20150305-2-300x199.jpg 300w\" sizes=\"(max-width: 450px) 100vw, 450px\" \/> <img loading=\"lazy\" class=\"alignnone size-full wp-image-12750\" src=\"http:\/\/www.brazilianpress.com\/v1\/wp-content\/uploads\/2015\/03\/rejes-ed1721-20150305-1.jpg\" alt=\"rejes ed1721 20150305 (1)\" width=\"450\" height=\"300\" srcset=\"https:\/\/www.brazilianpress.com\/v1\/wp-content\/uploads\/2015\/03\/rejes-ed1721-20150305-1.jpg 450w, https:\/\/www.brazilianpress.com\/v1\/wp-content\/uploads\/2015\/03\/rejes-ed1721-20150305-1-300x200.jpg 300w\" sizes=\"(max-width: 450px) 100vw, 450px\" \/> <img loading=\"lazy\" class=\"alignnone size-full wp-image-12749\" src=\"http:\/\/www.brazilianpress.com\/v1\/wp-content\/uploads\/2015\/03\/rejes-ed1721-20150305-12.jpg\" alt=\"rejes ed1721 20150305 (12)\" width=\"450\" height=\"450\" srcset=\"https:\/\/www.brazilianpress.com\/v1\/wp-content\/uploads\/2015\/03\/rejes-ed1721-20150305-12.jpg 450w, https:\/\/www.brazilianpress.com\/v1\/wp-content\/uploads\/2015\/03\/rejes-ed1721-20150305-12-150x150.jpg 150w, https:\/\/www.brazilianpress.com\/v1\/wp-content\/uploads\/2015\/03\/rejes-ed1721-20150305-12-300x300.jpg 300w\" sizes=\"(max-width: 450px) 100vw, 450px\" \/><\/p>\n","protected":false},"excerpt":{"rendered":"<p>Estes foram alguns registros da d\u00e9cima sexta feijoada do Rejes, evento que aconteceu no Concept restaurante em Valadares, evento contou os empres\u00e1rios de toda regi\u00e3o, pol\u00edticos, formadores de opini\u00e3o e muita gente bonita !!!! Foi um Grande sucesso alem de servido uma Deliciosa feijoada os convidados poderam curtir show de Mpb com Maguinho da ilha e sertanejo com M\u00e1rcio Robert, agora \u00e9 esperar a pr\u00f3xima !!!<\/p>\n","protected":false},"author":1,"featured_media":12755,"comment_status":"open","ping_status":"open","sticky":false,"template":"","format":"standard","meta":{"_links_to":"","_links_to_target":""},"categories":[4,19,1],"tags":[],"views":2821,"_links":{"self":[{"href":"https:\/\/www.brazilianpress.com\/v1\/wp-json\/wp\/v2\/posts\/12748"}],"collection":[{"href":"https:\/\/www.brazilianpress.com\/v1\/wp-json\/wp\/v2\/posts"}],"about":[{"href":"https:\/\/www.brazilianpress.com\/v1\/wp-json\/wp\/v2\/types\/post"}],"author":[{"embeddable":true,"href":"https:\/\/www.brazilianpress.com\/v1\/wp-json\/wp\/v2\/users\/1"}],"replies":[{"embeddable":true,"href":"https:\/\/www.brazilianpress.com\/v1\/wp-json\/wp\/v2\/comments?post=12748"}],"version-history":[{"count":1,"href":"https:\/\/www.brazilianpress.com\/v1\/wp-json\/wp\/v2\/posts\/12748\/revisions"}],"predecessor-version":[{"id":12761,"href":"https:\/\/www.brazilianpress.com\/v1\/wp-json\/wp\/v2\/posts\/12748\/revisions\/12761"}],"wp:featuredmedia":[{"embeddable":true,"href":"https:\/\/www.brazilianpress.com\/v1\/wp-json\/wp\/v2\/media\/12755"}],"wp:attachment":[{"href":"https:\/\/www.brazilianpress.com\/v1\/wp-json\/wp\/v2\/media?parent=12748"}],"wp:term":[{"taxonomy":"category","embeddable":true,"href":"https:\/\/www.brazilianpress.com\/v1\/wp-json\/wp\/v2\/categories?post=12748"},{"taxonomy":"post_tag","embeddable":true,"href":"https:\/\/www.brazilianpress.com\/v1\/wp-json\/wp\/v2\/tags?post=12748"}],"curies":[{"name":"wp","href":"https:\/\/api.w.org\/{rel}","templated":true}]}}