{"id":12787,"date":"2015-03-12T08:38:04","date_gmt":"2015-03-12T12:38:04","guid":{"rendered":"http:\/\/www.brazilianpress.com\/v1\/?p=12787"},"modified":"2015-03-19T11:15:15","modified_gmt":"2015-03-19T15:15:15","slug":"social-press-12032015","status":"publish","type":"post","link":"https:\/\/www.brazilianpress.com\/v1\/2015\/03\/12\/social-press-12032015\/","title":{"rendered":"Social Press . 12\/03\/2015"},"content":{"rendered":"<p><strong><em><img loading=\"lazy\" class=\"alignnone size-full wp-image-12775\" src=\"http:\/\/www.brazilianpress.com\/v1\/wp-content\/uploads\/2015\/03\/social-press-ed1722-20150312-1.jpg\" alt=\"social press ed1722 20150312 (1)\" width=\"450\" height=\"300\" srcset=\"https:\/\/www.brazilianpress.com\/v1\/wp-content\/uploads\/2015\/03\/social-press-ed1722-20150312-1.jpg 450w, https:\/\/www.brazilianpress.com\/v1\/wp-content\/uploads\/2015\/03\/social-press-ed1722-20150312-1-300x200.jpg 300w\" sizes=\"(max-width: 450px) 100vw, 450px\" \/><br \/>\nEm pose exclusiva, a dupla indicada ao Oscar 2015, o mestre alem\u00e3o Wim Wenders e Juliano Ribeiro Salgado durante apresenta\u00e7\u00e3o do projeto \u201cThe Salt of The Earth\u201d no MoMA s\u00e1bado passado.<\/em><\/strong><\/p>\n<p><strong><em><img loading=\"lazy\" class=\"alignnone size-full wp-image-12781\" src=\"http:\/\/www.brazilianpress.com\/v1\/wp-content\/uploads\/2015\/03\/social-press-ed1722-20150312-7.jpg\" alt=\"social press ed1722 20150312 (7)\" width=\"450\" height=\"300\" srcset=\"https:\/\/www.brazilianpress.com\/v1\/wp-content\/uploads\/2015\/03\/social-press-ed1722-20150312-7.jpg 450w, https:\/\/www.brazilianpress.com\/v1\/wp-content\/uploads\/2015\/03\/social-press-ed1722-20150312-7-300x200.jpg 300w\" sizes=\"(max-width: 450px) 100vw, 450px\" \/><br \/>\nNew Designs: Adriana, a propriet\u00e1ria do C\u00ea Qui Sabe, recebeu a visita de M\u00e1rcia Poder, para conferir a nova linha de j\u00f3ias inspiradas pela Primavera. Para conhecer ligue (201) 681-9374.<\/em><\/strong><\/p>\n<p><strong><em><img loading=\"lazy\" class=\"alignnone size-full wp-image-12782\" src=\"http:\/\/www.brazilianpress.com\/v1\/wp-content\/uploads\/2015\/03\/social-press-ed1722-20150312-8.jpg\" alt=\"social press ed1722 20150312 (8)\" width=\"400\" height=\"356\" srcset=\"https:\/\/www.brazilianpress.com\/v1\/wp-content\/uploads\/2015\/03\/social-press-ed1722-20150312-8.jpg 400w, https:\/\/www.brazilianpress.com\/v1\/wp-content\/uploads\/2015\/03\/social-press-ed1722-20150312-8-300x267.jpg 300w\" sizes=\"(max-width: 400px) 100vw, 400px\" \/><br \/>\nForte abra\u00e7o a essa dupla gente fina, Mois\u00e9s e Israel, s\u00f3 o nome dos caras j\u00e1 diz tudo, homens de f\u00e9, firmeza e super amigos. Deus Aben\u00e7oe!<\/em><\/strong><!--more--><\/p>\n<p><strong><em><img loading=\"lazy\" class=\"alignnone size-full wp-image-12783\" src=\"http:\/\/www.brazilianpress.com\/v1\/wp-content\/uploads\/2015\/03\/social-press-ed1722-20150312-9.jpg\" alt=\"social press ed1722 20150312 (9)\" width=\"400\" height=\"412\" srcset=\"https:\/\/www.brazilianpress.com\/v1\/wp-content\/uploads\/2015\/03\/social-press-ed1722-20150312-9.jpg 400w, https:\/\/www.brazilianpress.com\/v1\/wp-content\/uploads\/2015\/03\/social-press-ed1722-20150312-9-291x300.jpg 291w\" sizes=\"(max-width: 400px) 100vw, 400px\" \/><br \/>\nNossa amiga super gr\u00e1vida, amante de cinema e rock n\u2019roll Caroline e a mam\u00e3e Denise Lyra aproveitaram uma tarde de beleza no Alzira\u2019s Salon.<\/em><\/strong><\/p>\n<p><strong><em><img loading=\"lazy\" class=\"alignnone size-full wp-image-12784\" src=\"http:\/\/www.brazilianpress.com\/v1\/wp-content\/uploads\/2015\/03\/social-press-ed1722-20150312-10.jpg\" alt=\"social press ed1722 20150312 (10)\" width=\"400\" height=\"395\" srcset=\"https:\/\/www.brazilianpress.com\/v1\/wp-content\/uploads\/2015\/03\/social-press-ed1722-20150312-10.jpg 400w, https:\/\/www.brazilianpress.com\/v1\/wp-content\/uploads\/2015\/03\/social-press-ed1722-20150312-10-300x296.jpg 300w\" sizes=\"(max-width: 400px) 100vw, 400px\" \/><br \/>\nEssa dupla \u00e9 sucesso! O camarada bom cantor Angelo Marcos e o filh\u00e3o Marcos Vinicius Teixeira curtindo a vida e saboreando as del\u00edcias do Altas Horas Lanches numa tarde de s\u00e1bado!<\/em><\/strong><\/p>\n<p><strong><em><img loading=\"lazy\" class=\"alignnone size-full wp-image-12785\" src=\"http:\/\/www.brazilianpress.com\/v1\/wp-content\/uploads\/2015\/03\/social-press-ed1722-20150312-11.jpg\" alt=\"social press ed1722 20150312 (11)\" width=\"450\" height=\"300\" srcset=\"https:\/\/www.brazilianpress.com\/v1\/wp-content\/uploads\/2015\/03\/social-press-ed1722-20150312-11.jpg 450w, https:\/\/www.brazilianpress.com\/v1\/wp-content\/uploads\/2015\/03\/social-press-ed1722-20150312-11-300x200.jpg 300w\" sizes=\"(max-width: 450px) 100vw, 450px\" \/><br \/>\nCristina, Neusa, Cla\u00fadia e a garotada Samuel, Davi e Z\u00e9 Ant\u00f4nio foram conferir as novidades da lanchonete brasileira Comil\u00e3o na Jabez Street em Newark. Confira!<\/em><\/strong><\/p>\n<p><strong><em><img loading=\"lazy\" class=\"alignnone size-full wp-image-12786\" src=\"http:\/\/www.brazilianpress.com\/v1\/wp-content\/uploads\/2015\/03\/social-press-ed1722-20150312-12.jpg\" alt=\"social press ed1722 20150312 (12)\" width=\"350\" height=\"526\" srcset=\"https:\/\/www.brazilianpress.com\/v1\/wp-content\/uploads\/2015\/03\/social-press-ed1722-20150312-12.jpg 350w, https:\/\/www.brazilianpress.com\/v1\/wp-content\/uploads\/2015\/03\/social-press-ed1722-20150312-12-200x300.jpg 200w\" sizes=\"(max-width: 350px) 100vw, 350px\" \/><br \/>\nA rep\u00f3rter correspondente BP Eul\u00e1lia Albuquerque enfrentou o frio ao lado do baiano Junior Schutt, e prestigiaram a companhia de Dan\u00e7a cubana MalPaso no Joyce Theater quinta passada.<\/em><\/strong><\/p>\n<p><strong><em><img loading=\"lazy\" class=\"alignnone size-full wp-image-12788\" src=\"http:\/\/www.brazilianpress.com\/v1\/wp-content\/uploads\/2015\/03\/social-press-ed1722-20150312-13.jpg\" alt=\"social press ed1722 20150312 (13)\" width=\"450\" height=\"386\" srcset=\"https:\/\/www.brazilianpress.com\/v1\/wp-content\/uploads\/2015\/03\/social-press-ed1722-20150312-13.jpg 450w, https:\/\/www.brazilianpress.com\/v1\/wp-content\/uploads\/2015\/03\/social-press-ed1722-20150312-13-300x257.jpg 300w\" sizes=\"(max-width: 450px) 100vw, 450px\" \/><br \/>\nA Diretora do BP Daniele de Souza fugiu do frio e est\u00e1 aproveitando f\u00e9rias ensolaradas pelas Minas Gerais ao lado de familiares. Bom Demais!<\/em><\/strong><\/p>\n<p><strong><em><img loading=\"lazy\" class=\"alignnone size-full wp-image-12789\" src=\"http:\/\/www.brazilianpress.com\/v1\/wp-content\/uploads\/2015\/03\/social-press-ed1722-20150312-14.jpg\" alt=\"social press ed1722 20150312 (14)\" width=\"450\" height=\"328\" srcset=\"https:\/\/www.brazilianpress.com\/v1\/wp-content\/uploads\/2015\/03\/social-press-ed1722-20150312-14.jpg 450w, https:\/\/www.brazilianpress.com\/v1\/wp-content\/uploads\/2015\/03\/social-press-ed1722-20150312-14-300x219.jpg 300w\" sizes=\"(max-width: 450px) 100vw, 450px\" \/><br \/>\nA bel\u00edssima atriz e diretora francesa M\u00e9lanie Laurent em bate-papo durante o Rendez-Vous French Cinema no Lincoln Center, ao lado de Stephen Whitty (Star-Ledger), domingo passado.<\/em><\/strong><\/p>\n<p><strong><em><img loading=\"lazy\" class=\"alignnone size-full wp-image-12776\" src=\"http:\/\/www.brazilianpress.com\/v1\/wp-content\/uploads\/2015\/03\/social-press-ed1722-20150312-2.jpg\" alt=\"social press ed1722 20150312 (2)\" width=\"450\" height=\"301\" srcset=\"https:\/\/www.brazilianpress.com\/v1\/wp-content\/uploads\/2015\/03\/social-press-ed1722-20150312-2.jpg 450w, https:\/\/www.brazilianpress.com\/v1\/wp-content\/uploads\/2015\/03\/social-press-ed1722-20150312-2-300x201.jpg 300w\" sizes=\"(max-width: 450px) 100vw, 450px\" \/><br \/>\nMotivados para ajudar irm\u00e3s franciscanas na luta contra o Ebola na \u00c1frica, a Igreja Saint James realizou Baile de Masc\u00e1ras beneficente s\u00e1bado passado, com muita anima\u00e7\u00e3o.<\/em><\/strong><\/p>\n<p><strong><em><img loading=\"lazy\" class=\"alignnone size-full wp-image-12777\" src=\"http:\/\/www.brazilianpress.com\/v1\/wp-content\/uploads\/2015\/03\/social-press-ed1722-20150312-3.jpg\" alt=\"social press ed1722 20150312 (3)\" width=\"400\" height=\"533\" srcset=\"https:\/\/www.brazilianpress.com\/v1\/wp-content\/uploads\/2015\/03\/social-press-ed1722-20150312-3.jpg 400w, https:\/\/www.brazilianpress.com\/v1\/wp-content\/uploads\/2015\/03\/social-press-ed1722-20150312-3-225x300.jpg 225w\" sizes=\"(max-width: 400px) 100vw, 400px\" \/><br \/>\nA jovem Priscilla Takahashi participou de campeonato de BJJ no Baruch e faturou destaque e pr\u00eamios por seu desempenho. Congratulations Girl!<\/em><\/strong><\/p>\n<p><strong><em><img loading=\"lazy\" class=\"alignnone size-full wp-image-12778\" src=\"http:\/\/www.brazilianpress.com\/v1\/wp-content\/uploads\/2015\/03\/social-press-ed1722-20150312-4.jpg\" alt=\"social press ed1722 20150312 (4)\" width=\"450\" height=\"300\" srcset=\"https:\/\/www.brazilianpress.com\/v1\/wp-content\/uploads\/2015\/03\/social-press-ed1722-20150312-4.jpg 450w, https:\/\/www.brazilianpress.com\/v1\/wp-content\/uploads\/2015\/03\/social-press-ed1722-20150312-4-300x200.jpg 300w\" sizes=\"(max-width: 450px) 100vw, 450px\" \/><br \/>\nResidentes na Philadelphia, Kelly e Marcos e as crian\u00e7as Brenda e Keyla, aproveitaram a visita ao Ironbound para descobrir a famosa culin\u00e1ria do Casa Nova Grill, restaurante cart\u00e3o-postal da tradi\u00e7\u00e3o brasileira.<\/em><\/strong><\/p>\n<p><strong><em><img loading=\"lazy\" class=\"alignnone size-full wp-image-12779\" src=\"http:\/\/www.brazilianpress.com\/v1\/wp-content\/uploads\/2015\/03\/social-press-ed1722-20150312-5.jpg\" alt=\"social press ed1722 20150312 (5)\" width=\"400\" height=\"400\" srcset=\"https:\/\/www.brazilianpress.com\/v1\/wp-content\/uploads\/2015\/03\/social-press-ed1722-20150312-5.jpg 400w, https:\/\/www.brazilianpress.com\/v1\/wp-content\/uploads\/2015\/03\/social-press-ed1722-20150312-5-150x150.jpg 150w, https:\/\/www.brazilianpress.com\/v1\/wp-content\/uploads\/2015\/03\/social-press-ed1722-20150312-5-300x300.jpg 300w\" sizes=\"(max-width: 400px) 100vw, 400px\" \/><br \/>\nSauda\u00e7\u00f5es \u00e0 galera pernambucana de Newark, que homenagearam a terra natal com uma programa\u00e7\u00e3o divertida e recheada de boa comida domingo passado.<\/em><\/strong><\/p>\n<p><strong><em><img loading=\"lazy\" class=\"alignnone size-full wp-image-12780\" src=\"http:\/\/www.brazilianpress.com\/v1\/wp-content\/uploads\/2015\/03\/social-press-ed1722-20150312-6.jpg\" alt=\"social press ed1722 20150312 (6)\" width=\"350\" height=\"407\" srcset=\"https:\/\/www.brazilianpress.com\/v1\/wp-content\/uploads\/2015\/03\/social-press-ed1722-20150312-6.jpg 350w, https:\/\/www.brazilianpress.com\/v1\/wp-content\/uploads\/2015\/03\/social-press-ed1722-20150312-6-258x300.jpg 258w\" sizes=\"(max-width: 350px) 100vw, 350px\" \/><br \/>\nO competente m\u00fasico Max Feitosa apresenta-se todos os fins de semana na Churrascaria Boi na Brasa no Mall da Adams. Com ritmo contagiante e a participa\u00e7\u00e3o de convidados \u00e9 uma \u00f3tima dica para uma noite de boa m\u00fasica.<\/em><\/strong><\/p>\n<p><strong><em><img loading=\"lazy\" class=\"alignnone size-full wp-image-12790\" src=\"http:\/\/www.brazilianpress.com\/v1\/wp-content\/uploads\/2015\/03\/social-press-ed1722-20150312-15.jpg\" alt=\"social press ed1722 20150312 (15)\" width=\"450\" height=\"338\" srcset=\"https:\/\/www.brazilianpress.com\/v1\/wp-content\/uploads\/2015\/03\/social-press-ed1722-20150312-15.jpg 450w, https:\/\/www.brazilianpress.com\/v1\/wp-content\/uploads\/2015\/03\/social-press-ed1722-20150312-15-300x225.jpg 300w\" sizes=\"(max-width: 450px) 100vw, 450px\" \/><br \/>\nMacorni Maia e Johanna da TAME melhor Cia Aerea equatoriana falando sobre passagens com destino a Brasil apartir de $500.<br \/>\n<\/em><\/strong><\/p>\n","protected":false},"excerpt":{"rendered":"<p>Em pose exclusiva, a dupla indicada ao Oscar 2015, o mestre alem\u00e3o Wim Wenders e Juliano Ribeiro Salgado durante apresenta\u00e7\u00e3o do projeto \u201cThe Salt of The Earth\u201d no MoMA s\u00e1bado passado. New Designs: Adriana, a propriet\u00e1ria do C\u00ea Qui Sabe, recebeu a visita de M\u00e1rcia Poder, para conferir a nova linha de j\u00f3ias inspiradas pela Primavera. Para conhecer ligue (201) 681-9374. Forte abra\u00e7o a essa dupla gente fina, Mois\u00e9s e Israel, s\u00f3 o nome dos caras j\u00e1 diz tudo, homens de f\u00e9, firmeza e super amigos. Deus Aben\u00e7oe!<\/p>\n","protected":false},"author":1,"featured_media":12775,"comment_status":"open","ping_status":"open","sticky":false,"template":"","format":"standard","meta":{"_links_to":"","_links_to_target":""},"categories":[1,6],"tags":[],"views":2555,"_links":{"self":[{"href":"https:\/\/www.brazilianpress.com\/v1\/wp-json\/wp\/v2\/posts\/12787"}],"collection":[{"href":"https:\/\/www.brazilianpress.com\/v1\/wp-json\/wp\/v2\/posts"}],"about":[{"href":"https:\/\/www.brazilianpress.com\/v1\/wp-json\/wp\/v2\/types\/post"}],"author":[{"embeddable":true,"href":"https:\/\/www.brazilianpress.com\/v1\/wp-json\/wp\/v2\/users\/1"}],"replies":[{"embeddable":true,"href":"https:\/\/www.brazilianpress.com\/v1\/wp-json\/wp\/v2\/comments?post=12787"}],"version-history":[{"count":1,"href":"https:\/\/www.brazilianpress.com\/v1\/wp-json\/wp\/v2\/posts\/12787\/revisions"}],"predecessor-version":[{"id":12794,"href":"https:\/\/www.brazilianpress.com\/v1\/wp-json\/wp\/v2\/posts\/12787\/revisions\/12794"}],"wp:featuredmedia":[{"embeddable":true,"href":"https:\/\/www.brazilianpress.com\/v1\/wp-json\/wp\/v2\/media\/12775"}],"wp:attachment":[{"href":"https:\/\/www.brazilianpress.com\/v1\/wp-json\/wp\/v2\/media?parent=12787"}],"wp:term":[{"taxonomy":"category","embeddable":true,"href":"https:\/\/www.brazilianpress.com\/v1\/wp-json\/wp\/v2\/categories?post=12787"},{"taxonomy":"post_tag","embeddable":true,"href":"https:\/\/www.brazilianpress.com\/v1\/wp-json\/wp\/v2\/tags?post=12787"}],"curies":[{"name":"wp","href":"https:\/\/api.w.org\/{rel}","templated":true}]}}