{"id":12801,"date":"2015-03-12T09:26:23","date_gmt":"2015-03-12T13:26:23","guid":{"rendered":"http:\/\/www.brazilianpress.com\/v1\/?p=12801"},"modified":"2015-03-12T09:26:23","modified_gmt":"2015-03-12T13:26:23","slug":"francisco-sampa-brasil-bandido-e-ladrao-e-o-que-mais-tem-em-nossa-nacao","status":"publish","type":"post","link":"https:\/\/www.brazilianpress.com\/v1\/2015\/03\/12\/francisco-sampa-brasil-bandido-e-ladrao-e-o-que-mais-tem-em-nossa-nacao\/","title":{"rendered":"Francisco Sampa: Brasil&#8230; bandido e ladr\u00e3o \u00e9 o que mais tem em nossa na\u00e7\u00e3o!"},"content":{"rendered":"<p><img loading=\"lazy\" class=\"alignright size-full wp-image-94\" src=\"http:\/\/www.brazilianpress.com\/v1\/wp-content\/uploads\/2013\/04\/francisco_sampa.jpg\" alt=\"francisco_sampa\" width=\"200\" height=\"300\" \/>\u00c9 uma triste realidade\u00a0que constatamos nas 24 horas do dia. Isso vem desde os idos de 22 de abril de 1500. Estamos prestes a completar 515 anos de hist\u00f3ria desde que Cabral c\u00e1 chegou,\u00a0 como dizem l\u00e1 pelas margens do Tejo da Lisboa, velha cidade cheia de encanto e beleza. N\u00e3o me venham culpar os Tuga, j\u00e1 somos independentes h\u00e1 193 anos, quase\u00a0 dois s\u00e9culos livres da influ\u00eancia dos colonizadores de al\u00e9m mar. Vamos celebrar 126 anos da Proclama\u00e7\u00e3o da Rep\u00fablica, mas n\u00e3o celebramos um dia sem sermos roubados por todos os lados e de todas as formas.<!--more--><\/p>\n<p>O povo que se diz\u00a0 ludibriado, roubado e achincalhado, quando pode mete a m\u00e3o e tira\u00a0 uma lasquinha, faz o seu mini botim, saqueia cargas de caminh\u00f5es acidentados, pula catraca, come e sai sem pagar, trabalha 8 horas e diz para o patr\u00e3o que trabalhou 10. Patr\u00e3o faz o sujeito trabalhar 12\u00a0 horas, mas diz que s\u00f3 vai pagar\u00a0 10. \u00c9 um Deus nos acuda,\u00a0 um salve-se quem puder. Todo mundo roubando todo\u00a0 mundo. Valha-me nosso senhor Jesus Cristo. Cada um rouba de acordo com a facilidade e o acesso. Quem tem acesso a muito (empres\u00e1rios e pol\u00edticos) rouba muito, veja o caso Mensal\u00e3o e Petrobras. Quem tem acesso a pouco rouba pouco, mas boa parte da na\u00e7\u00e3o mete a m\u00e3o no bolso ou em algo que\u00a0 n\u00e3o lhe pertence. Que moral\u00a0 querem ter para cobrar dos homens\u00a0 dos executivos, legislativos e judici\u00e1rios, municipais, estaduais e federal? Um povo que vende o\u00a0 voto tenta fraudar exames vestibulares e at\u00e9 da OAB. Est\u00e1 faltando Deus no seio da fam\u00edlia e da na\u00e7\u00e3o brasileira. Estamos sendo escravos da nossa gan\u00e2ncia imensur\u00e1vel, desenfreada e o ter em detrimento do ser. Diploma todo mundo quer ter, estudar para saber nem pensar, roupas e t\u00eanis de marca, ipad, iphone \u00e9 muito facebook e muita face de pau. N\u00e3o tenho religi\u00e3o, mas temo e respeito Deus e obede\u00e7o\u00a0as leis dos homens aqui na terra. Na B\u00edblia em Jo\u00e3o 8:23: diz \u201cE conhecereis a verdade, e a verdade vos libertar\u00e1\u201d. \u00c9 hora de n\u00f3s, os brasileiros, conhecermos a verdade, nos descobrirmos, quem somos, o que n\u00f3s queremos? Temos um dos pa\u00edses mais ricos do mundo e passamos a vida de cal\u00e7as arriadas e um pires na m\u00e3o, sendo achincalhados e humilhados mundo afora. No mundo j\u00e1 tivemos v\u00e1rias listas com centenas, milhares de nomes, uma das mais famosas, al\u00e9m daquelas das compras mensais de\u00a0 nossas m\u00e3es, \u00e9 a Lista de Schindler, que salvou milhares de vidas dos fornos de HITLER em Auschwitz. Na \u00faltima sexta-feira, 5 de mar\u00e7o,\u00a0 tivemos mais uma lista para o mundo ver, ler e passarmos mais vergonha em v\u00e1rias partes do mundo. A lista de Janot, o Procurador Geral da Rep\u00fablica Federativa Roubada Esculhambada do Brasil. Que vergonha, para aqueles que a tem, o presidente do senado e da c\u00e2mara foram citados, seus pares no congresso nacional\u00a0 tamb\u00e9m\u00a0 e agora vossas excel\u00eancias, o que os senhores t\u00eam a declarar ao povo brasileiro diante de vossas consci\u00eancias e do bom e justo Deus? Recordo-me do meu professor de Direito Romano nos tempos da FIG Guarulhos, o juiz linha dura Antonio Filardi, palavras dele: \u201cest\u00e1 no c\u00f3digo, prezados acad\u00eamicos,\u00a0o \u00f4nus da prova cabe a quem alega, portanto n\u00e3o vamos julgar antecipadamente e sem provas\u201d, mas\u00a0 queremos que a justi\u00e7a seja feita. Por\u00e9m em um pa\u00eds\u00a0onde o ex-presidente vem a p\u00fablico para dizer: &#8220;A coisa est\u00e1 t\u00e3o grave que \u00e9 pobre roubando pobre. Eu, antigamente via a not\u00edcia de que um bandido roubou um banco e ficava preocupado, mas falava: &#8216;rouba um banqueiro\u2026 o banqueiro tem tanto que um pouquinho n\u00e3o faz falta\u201d. No final de contas, as pessoas falavam: &#8216;Quem rouba mesmo \u00e9 banqueiro, que ganha \u00e0s custas do povo. Eu ficava preocupado&#8230; Era chato, mas era\u2026 sabe, algu\u00e9m roubando rico&#8221;. Aceitaria\u00a0 essa frase de qualquer cidad\u00e3o brasileiro, jamais de um ex-presidente da Rep\u00fablica Federativa do Brasil. Pa\u00eds pelo qual firmei um juramento junto com meus pares sobre a bandeira nacional: \u201ccuja honra e institui\u00e7\u00e3o defenderei com o sacrif\u00edcio da pr\u00f3pria vida\u201d. Para encerrar: cassaram o Fernando Collor por muito menos, estamos com a cara pintada de Vermelho Vergonha. Aceitem esta cr\u00f4nica como um desabafo de um velho idealista que ama o Brasil e os meu compatriotas mundo afora. Ainda podemos mudar a triste realidade, percam o medo, pensem nisso, chega de omiss\u00e3o. Espero que depois da Lava Jato, n\u00e3o\u00a0 venha o banho maria.<\/p>\n","protected":false},"excerpt":{"rendered":"<p>\u00c9 uma triste realidade\u00a0que constatamos nas 24 horas do dia. Isso vem desde os idos de 22 de abril de 1500. Estamos prestes a completar 515 anos de hist\u00f3ria desde que Cabral c\u00e1 chegou,\u00a0 como dizem l\u00e1 pelas margens do Tejo da Lisboa, velha cidade cheia de encanto e beleza. N\u00e3o me venham culpar os Tuga, j\u00e1 somos independentes h\u00e1 193 anos, quase\u00a0 dois s\u00e9culos livres da influ\u00eancia dos colonizadores de al\u00e9m mar. Vamos celebrar 126 anos da Proclama\u00e7\u00e3o da Rep\u00fablica, mas n\u00e3o celebramos um dia sem sermos roubados por todos os lados e de todas as formas.<\/p>\n","protected":false},"author":1,"featured_media":94,"comment_status":"open","ping_status":"open","sticky":false,"template":"","format":"standard","meta":{"_links_to":"","_links_to_target":""},"categories":[17,1],"tags":[],"views":3774,"_links":{"self":[{"href":"https:\/\/www.brazilianpress.com\/v1\/wp-json\/wp\/v2\/posts\/12801"}],"collection":[{"href":"https:\/\/www.brazilianpress.com\/v1\/wp-json\/wp\/v2\/posts"}],"about":[{"href":"https:\/\/www.brazilianpress.com\/v1\/wp-json\/wp\/v2\/types\/post"}],"author":[{"embeddable":true,"href":"https:\/\/www.brazilianpress.com\/v1\/wp-json\/wp\/v2\/users\/1"}],"replies":[{"embeddable":true,"href":"https:\/\/www.brazilianpress.com\/v1\/wp-json\/wp\/v2\/comments?post=12801"}],"version-history":[{"count":1,"href":"https:\/\/www.brazilianpress.com\/v1\/wp-json\/wp\/v2\/posts\/12801\/revisions"}],"predecessor-version":[{"id":12802,"href":"https:\/\/www.brazilianpress.com\/v1\/wp-json\/wp\/v2\/posts\/12801\/revisions\/12802"}],"wp:featuredmedia":[{"embeddable":true,"href":"https:\/\/www.brazilianpress.com\/v1\/wp-json\/wp\/v2\/media\/94"}],"wp:attachment":[{"href":"https:\/\/www.brazilianpress.com\/v1\/wp-json\/wp\/v2\/media?parent=12801"}],"wp:term":[{"taxonomy":"category","embeddable":true,"href":"https:\/\/www.brazilianpress.com\/v1\/wp-json\/wp\/v2\/categories?post=12801"},{"taxonomy":"post_tag","embeddable":true,"href":"https:\/\/www.brazilianpress.com\/v1\/wp-json\/wp\/v2\/tags?post=12801"}],"curies":[{"name":"wp","href":"https:\/\/api.w.org\/{rel}","templated":true}]}}