{"id":12809,"date":"2015-03-12T09:41:49","date_gmt":"2015-03-12T13:41:49","guid":{"rendered":"http:\/\/www.brazilianpress.com\/v1\/?p=12809"},"modified":"2015-03-12T14:15:01","modified_gmt":"2015-03-12T18:15:01","slug":"agenda-cultural-by-roger-costa-12032015","status":"publish","type":"post","link":"https:\/\/www.brazilianpress.com\/v1\/2015\/03\/12\/agenda-cultural-by-roger-costa-12032015\/","title":{"rendered":"Agenda Cultural, by Roger Costa . 12\/03\/2015"},"content":{"rendered":"<p><img loading=\"lazy\" class=\"alignnone size-full wp-image-12810\" src=\"http:\/\/www.brazilianpress.com\/v1\/wp-content\/uploads\/2015\/03\/agenda-cultural-ed1722-20150312-2.jpg\" alt=\"agenda cultural ed1722 20150312 (2)\" width=\"500\" height=\"352\" srcset=\"https:\/\/www.brazilianpress.com\/v1\/wp-content\/uploads\/2015\/03\/agenda-cultural-ed1722-20150312-2.jpg 500w, https:\/\/www.brazilianpress.com\/v1\/wp-content\/uploads\/2015\/03\/agenda-cultural-ed1722-20150312-2-300x211.jpg 300w\" sizes=\"(max-width: 500px) 100vw, 500px\" \/><\/p>\n<p><strong>*NJPAC (1 Center Street, Newark)-<\/strong> Reconhecido como o <strong><em>Pr\u00edncipe do Fado<\/em><\/strong>, o premiado int\u00e9rprete portugu\u00eas <strong><em>Caman\u00e9 (foto)<\/em><\/strong> apresenta-se neste domingo \u00e0s 7h00 da noite, com a participa\u00e7\u00e3o da banda contempor\u00e2nea <strong><em>Dead Combo<\/em><\/strong>, dando nova roupagem ao estilo e conservando sua importante tradi\u00e7\u00e3o musical. Ingressos a partir de $29. <strong>Visite <\/strong><a href=\"http:\/\/www.njpac.org\"><strong>www.njpac.org<\/strong><\/a><strong>.<\/strong><!--more--><\/p>\n<p><strong>*Film Society Lincoln Center (165 West 65th Street)-<\/strong> Showcase de novos destaques do <strong><em>cinema franc\u00eas<\/em><\/strong>, o Festival Rendez-Vous prossegue at\u00e9 domingo com a exibi\u00e7\u00e3o de <strong><em>\u201cParty Girl\u201d, \u201cMy Friend Victoria\u201d sobre uma \u00f3rf\u00e3 negra <\/em><\/strong>adotada por uma familia de parisienses burgueses e \u201cLove at First Fight\u201d com a presen\u00e7a de seus realizadores. <strong>Visite <\/strong><a href=\"http:\/\/www.filmlinc.com\"><strong>www.filmlinc.com<\/strong><\/a><strong>.<\/strong><\/p>\n<p><strong>*The Town Hall (123 West 43rd Street, Times Square)-<\/strong> A <strong><em>artista Lea Salonga,<\/em><\/strong> vencedora do <strong><em>Pr\u00eamio Emmy<\/em><\/strong> e conhecida por pap\u00e9is na <strong><em>Broadway<\/em><\/strong> e em produ\u00e7\u00f5es animadas da Disney interpretando as hero\u00ednas em \u201cMulan\u201d e \u201cAladin\u201d apresenta show com repert\u00f3rio consagrado neste s\u00e1bado \u00e1s 8h00pm. Ingressos $55. <strong>Visite <a href=\"http:\/\/www.thetownhall.org\">www.thetownhall.org<\/a>.<\/strong><\/p>\n<p><strong>*Americas Society (680 Park Avenue)-<\/strong> O escritor <strong><em>Rub\u00e9n Gallo<\/em><\/strong> participar\u00e1 de f\u00f3rum hoje \u00e0s 7h00 da noite para discutir seu novo livro, <strong><em>Proust\u2019s Latin Americans<\/em><\/strong>, parte biogr\u00e1fico, hist\u00f3rico e estudo liter\u00e1rio. O <strong><em>escritor mexicano Alvaro Enrigue<\/em><\/strong> e a especialista em literatura francesa Caroline Weber, tamb\u00e9m participam do evento. <strong>Visite <\/strong><a href=\"http:\/\/www.as-coa.org\"><strong>www.as-coa.org<\/strong><\/a><strong>.<\/strong><\/p>\n<p><strong>*El Museo del Barrio (1230 5th Avenue)-<\/strong> Acaba de ser inaugurada a exposi\u00e7\u00e3o <strong><em>\u201cUnder the Mexican Sky: Gabriel Figueroa\u201d,<\/em><\/strong> compila\u00e7\u00e3o de <strong><em>desenhos, fotografias, imagens em videos, clipes, documentos<\/em><\/strong> e posters que examinam o trabalho <strong><em>do conceituado fot\u00f3grafo mexicano<\/em><\/strong> e sua colabora\u00e7\u00e3o com grandes cineastas inclusive, Bu\u00f1uel. A mostra ainda apresenta trabalhos de Diego Rivera, Jos\u00e9 Clemente Orozco e outros. <strong>Visite <\/strong><a href=\"http:\/\/www.elmuseo.org\"><strong>www.elmuseo.org<\/strong><\/a><strong>.<\/strong><\/p>\n<p><img loading=\"lazy\" class=\"alignnone size-full wp-image-12811\" src=\"http:\/\/www.brazilianpress.com\/v1\/wp-content\/uploads\/2015\/03\/agenda-cultural-ed1722-20150312-1.jpg\" alt=\"agenda cultural ed1722 20150312 (1)\" width=\"500\" height=\"333\" srcset=\"https:\/\/www.brazilianpress.com\/v1\/wp-content\/uploads\/2015\/03\/agenda-cultural-ed1722-20150312-1.jpg 500w, https:\/\/www.brazilianpress.com\/v1\/wp-content\/uploads\/2015\/03\/agenda-cultural-ed1722-20150312-1-300x200.jpg 300w\" sizes=\"(max-width: 500px) 100vw, 500px\" \/><\/p>\n<p><strong>*MoMA (11 West 53rd Street)-<\/strong> Acaba de ser inaugurada no 2\u00ba Piso, <strong><em>\u201cScenes For A New Heritage\u201d (foto)<\/em><\/strong> nova colet\u00e2nia de trabalhos contempor\u00e2neos recentemente adquiridos pelo Museu, abrangendo o trabalho de 30 artistas, al\u00e9m da estreia de 20 novas pe\u00e7as. A gigantesca exibi\u00e7\u00e3o re\u00fane pinturas, <strong><em>esculturas, instala\u00e7\u00e3o em video<\/em><\/strong>, slides, <strong><em>um suntuoso barco suspenso no teto<\/em><\/strong> e uma <strong><em>cabine de v\u00eddeo game em super tel\u00f5es duplos <\/em><\/strong>que despertam o entusiasmo de toda a fam\u00edlia. Entre os artistas em destaque, o <strong><em>brasileiro C\u00e3o Guimar\u00e3es, Alfredo Jaar, Nalini Malani<\/em><\/strong> e Allan Sekula entre outros. <strong>Visite <\/strong><a href=\"http:\/\/www.moma.org\"><strong>www.moma.org<\/strong><\/a><strong>.<\/strong><\/p>\n<p><strong> *Schimmel Center (3 Spruce Street, Pace University)-<\/strong> Formada por 14 jovens dan\u00e7arinos experts em t\u00e9cnicas modernas de <strong><em>ballet e dan\u00e7a<\/em><\/strong> interpretativa, <strong><em>o ABT Studio Company<\/em><\/strong> apresenta-se nesta sexta-feira \u00e1s 7h30pm, com <strong><em>espet\u00e1culo variado<\/em><\/strong> que inclui \u201cHush\u201d, \u201cLe Corsaire\u201d e \u201cDuets\u201d de Merce Cunningham. Ingresso $29-$49. <strong>Visite schimmel.pace.edu. <\/strong><\/p>\n<p><strong>*Lunt-Fontanne Theatre (205 West 46th Street)-<\/strong> Previews para o espet\u00e1culo <strong><em>musical \u201cFinding Neverland\u201d<\/em><\/strong> que reconta as aventuras de <strong><em>Peter Pan na Broadway<\/em><\/strong> come\u00e7am neste domingo \u00e0s 7h00pm. <strong>Visite <\/strong><a href=\"http:\/\/www.FindingNeverlandTheMusical.com\"><strong>www.FindingNeverlandTheMusical.com<\/strong><\/a><\/p>\n","protected":false},"excerpt":{"rendered":"<p>*NJPAC (1 Center Street, Newark)- Reconhecido como o Pr\u00edncipe do Fado, o premiado int\u00e9rprete portugu\u00eas Caman\u00e9 (foto) apresenta-se neste domingo \u00e0s 7h00 da noite, com a participa\u00e7\u00e3o da banda contempor\u00e2nea Dead Combo, dando nova roupagem ao estilo e conservando sua importante tradi\u00e7\u00e3o musical. Ingressos a partir de $29. Visite www.njpac.org.<\/p>\n","protected":false},"author":1,"featured_media":12810,"comment_status":"open","ping_status":"open","sticky":false,"template":"","format":"standard","meta":{"_links_to":"","_links_to_target":""},"categories":[20,1],"tags":[],"views":2770,"_links":{"self":[{"href":"https:\/\/www.brazilianpress.com\/v1\/wp-json\/wp\/v2\/posts\/12809"}],"collection":[{"href":"https:\/\/www.brazilianpress.com\/v1\/wp-json\/wp\/v2\/posts"}],"about":[{"href":"https:\/\/www.brazilianpress.com\/v1\/wp-json\/wp\/v2\/types\/post"}],"author":[{"embeddable":true,"href":"https:\/\/www.brazilianpress.com\/v1\/wp-json\/wp\/v2\/users\/1"}],"replies":[{"embeddable":true,"href":"https:\/\/www.brazilianpress.com\/v1\/wp-json\/wp\/v2\/comments?post=12809"}],"version-history":[{"count":1,"href":"https:\/\/www.brazilianpress.com\/v1\/wp-json\/wp\/v2\/posts\/12809\/revisions"}],"predecessor-version":[{"id":12812,"href":"https:\/\/www.brazilianpress.com\/v1\/wp-json\/wp\/v2\/posts\/12809\/revisions\/12812"}],"wp:featuredmedia":[{"embeddable":true,"href":"https:\/\/www.brazilianpress.com\/v1\/wp-json\/wp\/v2\/media\/12810"}],"wp:attachment":[{"href":"https:\/\/www.brazilianpress.com\/v1\/wp-json\/wp\/v2\/media?parent=12809"}],"wp:term":[{"taxonomy":"category","embeddable":true,"href":"https:\/\/www.brazilianpress.com\/v1\/wp-json\/wp\/v2\/categories?post=12809"},{"taxonomy":"post_tag","embeddable":true,"href":"https:\/\/www.brazilianpress.com\/v1\/wp-json\/wp\/v2\/tags?post=12809"}],"curies":[{"name":"wp","href":"https:\/\/api.w.org\/{rel}","templated":true}]}}