{"id":12817,"date":"2015-03-12T10:52:28","date_gmt":"2015-03-12T14:52:28","guid":{"rendered":"http:\/\/www.brazilianpress.com\/v1\/?p=12817"},"modified":"2015-03-12T10:52:28","modified_gmt":"2015-03-12T14:52:28","slug":"sem-marcar-desde-maio-atleta-do-cruzeiro-quer-reviver-cabeca-de-missil","status":"publish","type":"post","link":"https:\/\/www.brazilianpress.com\/v1\/2015\/03\/12\/sem-marcar-desde-maio-atleta-do-cruzeiro-quer-reviver-cabeca-de-missil\/","title":{"rendered":"Sem marcar desde maio, atleta do Cruzeiro quer reviver &#8216;cabe\u00e7a de m\u00edssil&#8217;"},"content":{"rendered":"<p><img loading=\"lazy\" class=\"alignnone size-full wp-image-12818\" src=\"http:\/\/www.brazilianpress.com\/v1\/wp-content\/uploads\/2015\/03\/bruno-rodrigo-cruzeiro.jpg\" alt=\"_bruno rodrigo cruzeiro\" width=\"500\" height=\"300\" srcset=\"https:\/\/www.brazilianpress.com\/v1\/wp-content\/uploads\/2015\/03\/bruno-rodrigo-cruzeiro.jpg 500w, https:\/\/www.brazilianpress.com\/v1\/wp-content\/uploads\/2015\/03\/bruno-rodrigo-cruzeiro-300x180.jpg 300w\" sizes=\"(max-width: 500px) 100vw, 500px\" \/><\/p>\n<p>Bruno Rodrigo marcou nove gols em seus dois primeiros anos de Cruzeiro e, mesmo sendo zagueiro, foi pe\u00e7a importante para o setor ofensivo do bicampe\u00e3o brasileiro. A facilidade para balan\u00e7ar as redes advers\u00e1rias em bolas a\u00e9reas fez com que ele recebesse o apelido de &#8216;cabe\u00e7a de m\u00edssil&#8217; da torcida.<\/p>\n<p>Escalado para substituir o titular Paulo Andr\u00e9, poupado pela comiss\u00e3o t\u00e9cnica, o jogador refor\u00e7a o desejo de voltar a marcar com a camisa do clube, apesar de atuar no sistema defensivo.<!--more--><\/p>\n<p>&#8220;N\u00e3o esqueci (a cabe\u00e7a de m\u00edssil) n\u00e3o, estou at\u00e9 com saudade, tenho que fazer um para a esposa que est\u00e1 gr\u00e1vida e para a filhinha que vai chegar. O mais importante \u00e9 evitar os gols l\u00e1 atr\u00e1s, mas a gente vai tentar se pintar uma oportunidade&#8221;, declarou.<\/p>\n<p>O \u00faltimo gol de Bruno Rodrigo pelo Cruzeiro ocorreu em 14 de maio de 2014, no empate por 1 a 1 com o San Lorenzo, da Argentina, no Mineir\u00e3o, em partida v\u00e1lida pelas quartas de final da Copa Libertadores da Am\u00e9rica.<\/p>\n<p>Neste fim de semana, o time comandado por Marcelo Oliveira entrar\u00e1 em campo com cinco desfalques. A escala\u00e7\u00e3o ser\u00e1 formada por: F\u00e1bio; Cear\u00e1, Bruno Rodrigo, L\u00e9o e Gilson; Willian Farias, Henrique, Marquinhos, De Arrascaeta e Alisson; Leandro Dami\u00e3o.\u200b<\/p>\n","protected":false},"excerpt":{"rendered":"<p>Bruno Rodrigo marcou nove gols em seus dois primeiros anos de Cruzeiro e, mesmo sendo zagueiro, foi pe\u00e7a importante para o setor ofensivo do bicampe\u00e3o brasileiro. A facilidade para balan\u00e7ar as redes advers\u00e1rias em bolas a\u00e9reas fez com que ele recebesse o apelido de &#8216;cabe\u00e7a de m\u00edssil&#8217; da torcida. Escalado para substituir o titular Paulo Andr\u00e9, poupado pela comiss\u00e3o t\u00e9cnica, o jogador refor\u00e7a o desejo de voltar a marcar com a camisa do clube, apesar de atuar no sistema defensivo.<\/p>\n","protected":false},"author":1,"featured_media":12818,"comment_status":"open","ping_status":"open","sticky":false,"template":"","format":"standard","meta":{"_links_to":"","_links_to_target":""},"categories":[9,1],"tags":[],"views":2420,"_links":{"self":[{"href":"https:\/\/www.brazilianpress.com\/v1\/wp-json\/wp\/v2\/posts\/12817"}],"collection":[{"href":"https:\/\/www.brazilianpress.com\/v1\/wp-json\/wp\/v2\/posts"}],"about":[{"href":"https:\/\/www.brazilianpress.com\/v1\/wp-json\/wp\/v2\/types\/post"}],"author":[{"embeddable":true,"href":"https:\/\/www.brazilianpress.com\/v1\/wp-json\/wp\/v2\/users\/1"}],"replies":[{"embeddable":true,"href":"https:\/\/www.brazilianpress.com\/v1\/wp-json\/wp\/v2\/comments?post=12817"}],"version-history":[{"count":1,"href":"https:\/\/www.brazilianpress.com\/v1\/wp-json\/wp\/v2\/posts\/12817\/revisions"}],"predecessor-version":[{"id":12819,"href":"https:\/\/www.brazilianpress.com\/v1\/wp-json\/wp\/v2\/posts\/12817\/revisions\/12819"}],"wp:featuredmedia":[{"embeddable":true,"href":"https:\/\/www.brazilianpress.com\/v1\/wp-json\/wp\/v2\/media\/12818"}],"wp:attachment":[{"href":"https:\/\/www.brazilianpress.com\/v1\/wp-json\/wp\/v2\/media?parent=12817"}],"wp:term":[{"taxonomy":"category","embeddable":true,"href":"https:\/\/www.brazilianpress.com\/v1\/wp-json\/wp\/v2\/categories?post=12817"},{"taxonomy":"post_tag","embeddable":true,"href":"https:\/\/www.brazilianpress.com\/v1\/wp-json\/wp\/v2\/tags?post=12817"}],"curies":[{"name":"wp","href":"https:\/\/api.w.org\/{rel}","templated":true}]}}