{"id":12820,"date":"2015-03-12T10:53:17","date_gmt":"2015-03-12T14:53:17","guid":{"rendered":"http:\/\/www.brazilianpress.com\/v1\/?p=12820"},"modified":"2015-03-12T11:11:34","modified_gmt":"2015-03-12T15:11:34","slug":"beneficiado-pelo-dolar-em-alta-cardenas-sofre-com-adaptacao-no-atletico-mg","status":"publish","type":"post","link":"https:\/\/www.brazilianpress.com\/v1\/2015\/03\/12\/beneficiado-pelo-dolar-em-alta-cardenas-sofre-com-adaptacao-no-atletico-mg\/","title":{"rendered":"Beneficiado pelo D\u00f3lar em alta, C\u00e1rdenas sofre com adapta\u00e7\u00e3o no Atl\u00e9tico-MG"},"content":{"rendered":"<p><img loading=\"lazy\" class=\"alignnone size-full wp-image-12821\" src=\"http:\/\/www.brazilianpress.com\/v1\/wp-content\/uploads\/2015\/03\/cardenas-atletico-mg.jpg\" alt=\"_cardenas atletico mg\" width=\"500\" height=\"300\" srcset=\"https:\/\/www.brazilianpress.com\/v1\/wp-content\/uploads\/2015\/03\/cardenas-atletico-mg.jpg 500w, https:\/\/www.brazilianpress.com\/v1\/wp-content\/uploads\/2015\/03\/cardenas-atletico-mg-300x180.jpg 300w\" sizes=\"(max-width: 500px) 100vw, 500px\" \/><\/p>\n<p>Contratado pelo Atl\u00e9tico-MG h\u00e1 pouco mais de um m\u00eas, o meia Sherman C\u00e1rdenas tem encontrado bastante dificuldade para se adaptar ao futebol brasileiro. Anunciado como refor\u00e7o de peso, o colombiano atuou pouco desde que desembarcou no Brasil. Apesar dos poucos minutos em campo, o jogador recebeu um &#8216;aumento de sal\u00e1rio&#8217; com pouco mais de 30 dias de clube, j\u00e1 que sua remunera\u00e7\u00e3o \u00e9 fixada em D\u00f3lar.<\/p>\n<p>Como a moeda americana se valorizou em compara\u00e7\u00e3o com o Real, o ordenado de C\u00e1rdenas cresceu pouco mais de R$ 20 mil, de acordo com as cota\u00e7\u00f5es dos dias 3 de fevereiro e 10 de mar\u00e7o. O que n\u00e3o condiz com o produzido pelo jogador at\u00e9 momento. C\u00e1rdenas esteve em campo somente tr\u00eas vezes, sendo que o total de minutos jogados n\u00e3o chega a 180, ou seja, duas partidas completas.<!--more--><\/p>\n<p>As apari\u00e7\u00f5es de C\u00e1rdenas com a camisa atleticana foram diante do Am\u00e9rica-MG (68min), do Atlas (45min), do M\u00e9xico, e do Guarani (45min), o que d\u00e1 um total de 158 minutos em a\u00e7\u00e3o, sem nenhum gol ou assist\u00eancia. O per\u00edodo de adapta\u00e7\u00e3o ao futebol brasileiro n\u00e3o tem sido f\u00e1cil para o atleta, como revelou o t\u00e9cnico Levir Culpi, que sacou o colombiano no intervalo do triunfo sobre o Guarani, na \u00fanica altera\u00e7\u00e3o que fez naquela partida.<\/p>\n<p>&#8220;Eu tenho conversado com o C\u00e1rdenas e ele ter\u00e1 uma dificuldade maior. Ele \u00e9 o canhoto organizador de jogadas, seria o Ganso, por exemplo. Ele vai ter dificuldade em jogar no Atl\u00e9tico, pois nossa rota\u00e7\u00e3o \u00e9 r\u00e1pida. O D\u00e1tolo que fica ali e ele roda o campo inteiro. O C\u00e1rdenas \u00e9 inteligente, d\u00e1 boas enfiadas. Mas ele vai sofrer um pouco nesse in\u00edcio&#8221;, comentou o treinador.<\/p>\n<p>Desde que C\u00e1rdenas foi inscrito o Atl\u00e9tico disputou seis partidas. Al\u00e9m dos tr\u00eas jogos em que o colombiano conseguiu ficar alguns minutos em campo, o time atleticano tamb\u00e9m jogou contra Democrata-GV, Colo-Colo e Cruzeiro, sempre com C\u00e1rdenas no banco de reservas. No cl\u00e1ssico, ali\u00e1s, Levir Culpi terminou a partida com uma altera\u00e7\u00e3o por fazer, j\u00e1 que as \u00fanicas mudan\u00e7as foram as sa\u00eddas de Cesinha e Dod\u00f4 para as entradas de Danilo Pires e Maicosuel.<\/p>\n<p>Tamb\u00e9m novato de clube e na primeira experi\u00eancia no futebol brasileiro, o argentino Lucas Pratto tem auxiliado C\u00e1rdenas na adapta\u00e7\u00e3o. Embora tenha apenas um m\u00eas a mais de Cidade do Galo, o centroavante parece estar bem mais ambientado.<\/p>\n<p>Na opini\u00e3o de Pratto, C\u00e1rdenas est\u00e1 bem enturmado na Cidade do Galo. Portanto, a tend\u00eancia \u00e9 se apresentar cada vez melhor nas pr\u00f3ximas oportunidades. &#8220;Sherman \u00e9 uma pessoa t\u00edmida, mas ele brinca com todos. Obviamente que o idioma faz o nosso contato ser mais f\u00e1cil, mas ele se d\u00e1 muito bem com todo mundo. Sobre o estilo de jogo ele est\u00e1 cada dia melhor. Chegou com a competi\u00e7\u00e3o em andamento, ent\u00e3o precisa de um pouco mais de tempo, pois j\u00e1 est\u00e1vamos competindo. Mas ele j\u00e1 est\u00e1 muito adaptado, tanto que entrou bem e a cada partida vai ir melhor&#8221;.<\/p>\n","protected":false},"excerpt":{"rendered":"<p>Contratado pelo Atl\u00e9tico-MG h\u00e1 pouco mais de um m\u00eas, o meia Sherman C\u00e1rdenas tem encontrado bastante dificuldade para se adaptar ao futebol brasileiro. Anunciado como refor\u00e7o de peso, o colombiano atuou pouco desde que desembarcou no Brasil. Apesar dos poucos minutos em campo, o jogador recebeu um &#8216;aumento de sal\u00e1rio&#8217; com pouco mais de 30 dias de clube, j\u00e1 que sua remunera\u00e7\u00e3o \u00e9 fixada em D\u00f3lar. Como a moeda americana se valorizou em compara\u00e7\u00e3o com o Real, o ordenado de C\u00e1rdenas cresceu pouco mais de R$ 20 mil, de acordo com as cota\u00e7\u00f5es dos dias 3 de fevereiro e 10 [&hellip;]<\/p>\n","protected":false},"author":1,"featured_media":12821,"comment_status":"open","ping_status":"open","sticky":false,"template":"","format":"standard","meta":{"_links_to":"","_links_to_target":""},"categories":[9,1],"tags":[],"views":2586,"_links":{"self":[{"href":"https:\/\/www.brazilianpress.com\/v1\/wp-json\/wp\/v2\/posts\/12820"}],"collection":[{"href":"https:\/\/www.brazilianpress.com\/v1\/wp-json\/wp\/v2\/posts"}],"about":[{"href":"https:\/\/www.brazilianpress.com\/v1\/wp-json\/wp\/v2\/types\/post"}],"author":[{"embeddable":true,"href":"https:\/\/www.brazilianpress.com\/v1\/wp-json\/wp\/v2\/users\/1"}],"replies":[{"embeddable":true,"href":"https:\/\/www.brazilianpress.com\/v1\/wp-json\/wp\/v2\/comments?post=12820"}],"version-history":[{"count":1,"href":"https:\/\/www.brazilianpress.com\/v1\/wp-json\/wp\/v2\/posts\/12820\/revisions"}],"predecessor-version":[{"id":12822,"href":"https:\/\/www.brazilianpress.com\/v1\/wp-json\/wp\/v2\/posts\/12820\/revisions\/12822"}],"wp:featuredmedia":[{"embeddable":true,"href":"https:\/\/www.brazilianpress.com\/v1\/wp-json\/wp\/v2\/media\/12821"}],"wp:attachment":[{"href":"https:\/\/www.brazilianpress.com\/v1\/wp-json\/wp\/v2\/media?parent=12820"}],"wp:term":[{"taxonomy":"category","embeddable":true,"href":"https:\/\/www.brazilianpress.com\/v1\/wp-json\/wp\/v2\/categories?post=12820"},{"taxonomy":"post_tag","embeddable":true,"href":"https:\/\/www.brazilianpress.com\/v1\/wp-json\/wp\/v2\/tags?post=12820"}],"curies":[{"name":"wp","href":"https:\/\/api.w.org\/{rel}","templated":true}]}}