{"id":12829,"date":"2015-03-12T10:58:51","date_gmt":"2015-03-12T14:58:51","guid":{"rendered":"http:\/\/www.brazilianpress.com\/v1\/?p=12829"},"modified":"2015-03-12T11:12:04","modified_gmt":"2015-03-12T15:12:04","slug":"como-o-deserto-do-saara-mantem-viva-a-selva-amazonica","status":"publish","type":"post","link":"https:\/\/www.brazilianpress.com\/v1\/2015\/03\/12\/como-o-deserto-do-saara-mantem-viva-a-selva-amazonica\/","title":{"rendered":"Como o deserto do Saara mant\u00e9m viva a selva amaz\u00f4nica"},"content":{"rendered":"<p><img loading=\"lazy\" class=\"alignnone size-full wp-image-12830\" src=\"http:\/\/www.brazilianpress.com\/v1\/wp-content\/uploads\/2015\/03\/deserto-do-Saara.jpg\" alt=\"deserto do Saara\" width=\"500\" height=\"332\" srcset=\"https:\/\/www.brazilianpress.com\/v1\/wp-content\/uploads\/2015\/03\/deserto-do-Saara.jpg 500w, https:\/\/www.brazilianpress.com\/v1\/wp-content\/uploads\/2015\/03\/deserto-do-Saara-300x199.jpg 300w\" sizes=\"(max-width: 500px) 100vw, 500px\" \/><\/p>\n<p>Voc\u00ea pode pensar que \u00e9 imposs\u00edvel que o Saara tenha alguma influ\u00eancia na selva amaz\u00f4nica. Afinal, s\u00e3o ecossistemas quase opostos e s\u00e3o milhares de quil\u00f4metros de dist\u00e2ncia entre os dois. No entanto, voc\u00ea vai se surpreender ao saber que o Saara tem um papel fundamental no equil\u00edbrio ambiental da floresta amaz\u00f4nica, pois o Saara e o Amazonas est\u00e3o muito mais perto do que pens\u00e1vamos.<!--more--> Parece estranho dizer, mas o deserto do Saara \u00e9 um dos principais respons\u00e1veis \u200b\u200bpela sobreviv\u00eancia da Amaz\u00f4nia. O Deserto do Saara \u00e9 o maior do mundo em areia. Ocupa quase todo o norte da \u00c1frica, especificamente 3,6 milh\u00f5es de quil\u00f4metros quadrados e est\u00e1 em constante crescimento. Seu solo \u00e9 principalmente est\u00e9ril e \u00e1rido, embora muitas esp\u00e9cies vegetais cres\u00e7am em certas \u00e1reas, s\u00e3o cerca de 1.200.<\/p>\n<p>\u00c9 dif\u00edcil ver como um lugar t\u00e3o in\u00f3spito pode ser parcialmente respons\u00e1vel pela grande abund\u00e2ncia de vida na selva amaz\u00f4nica. A resposta est\u00e1 na qu\u00edmica do solo e nas correntes de ar transoce\u00e2nicas. Com base em observa\u00e7\u00f5es da NASA, em m\u00e9dia, a cada ano 182 milh\u00f5es de toneladas de poeira do Saara v\u00e3o para a Am\u00e9rica. Desse montante, 27 milh\u00f5es de toneladas caem diretamente na selva amaz\u00f4nica.<\/p>\n<p>Mas por que \u00e9 t\u00e3o importante a poeira saariana na Amaz\u00f4nia? A chave \u00e9 o f\u00f3sforo presente no ch\u00e3o do deserto, que \u00e9 fundamental para o desenvolvimento e crescimento da vegeta\u00e7\u00e3o de nutrientes que \u00e9 muito raro nos tr\u00f3picos. Agora, o que determina a quantidade de f\u00f3sforo que atingem a Amaz\u00f4nia? De acordo com especialistas, o montante anual de poeira que muda para a Am\u00e9rica depende das chuvas do Sahel, a \u00e1rea semi\u00e1rida ao sul do deserto.<\/p>\n<p>A baixa umidade do Sahel determina a quantidade de poeira do Saara que vai a Am\u00e9rica e, portanto, mais f\u00f3sforo atinge a Amaz\u00f4nia. Quando o Sahel estiver muito \u00famido, menos poeira \u00e9 levada.<\/p>\n","protected":false},"excerpt":{"rendered":"<p>Voc\u00ea pode pensar que \u00e9 imposs\u00edvel que o Saara tenha alguma influ\u00eancia na selva amaz\u00f4nica. Afinal, s\u00e3o ecossistemas quase opostos e s\u00e3o milhares de quil\u00f4metros de dist\u00e2ncia entre os dois. No entanto, voc\u00ea vai se surpreender ao saber que o Saara tem um papel fundamental no equil\u00edbrio ambiental da floresta amaz\u00f4nica, pois o Saara e o Amazonas est\u00e3o muito mais perto do que pens\u00e1vamos.<\/p>\n","protected":false},"author":1,"featured_media":12830,"comment_status":"open","ping_status":"open","sticky":false,"template":"","format":"standard","meta":{"_links_to":"","_links_to_target":""},"categories":[8,1],"tags":[],"views":7468,"_links":{"self":[{"href":"https:\/\/www.brazilianpress.com\/v1\/wp-json\/wp\/v2\/posts\/12829"}],"collection":[{"href":"https:\/\/www.brazilianpress.com\/v1\/wp-json\/wp\/v2\/posts"}],"about":[{"href":"https:\/\/www.brazilianpress.com\/v1\/wp-json\/wp\/v2\/types\/post"}],"author":[{"embeddable":true,"href":"https:\/\/www.brazilianpress.com\/v1\/wp-json\/wp\/v2\/users\/1"}],"replies":[{"embeddable":true,"href":"https:\/\/www.brazilianpress.com\/v1\/wp-json\/wp\/v2\/comments?post=12829"}],"version-history":[{"count":1,"href":"https:\/\/www.brazilianpress.com\/v1\/wp-json\/wp\/v2\/posts\/12829\/revisions"}],"predecessor-version":[{"id":12831,"href":"https:\/\/www.brazilianpress.com\/v1\/wp-json\/wp\/v2\/posts\/12829\/revisions\/12831"}],"wp:featuredmedia":[{"embeddable":true,"href":"https:\/\/www.brazilianpress.com\/v1\/wp-json\/wp\/v2\/media\/12830"}],"wp:attachment":[{"href":"https:\/\/www.brazilianpress.com\/v1\/wp-json\/wp\/v2\/media?parent=12829"}],"wp:term":[{"taxonomy":"category","embeddable":true,"href":"https:\/\/www.brazilianpress.com\/v1\/wp-json\/wp\/v2\/categories?post=12829"},{"taxonomy":"post_tag","embeddable":true,"href":"https:\/\/www.brazilianpress.com\/v1\/wp-json\/wp\/v2\/tags?post=12829"}],"curies":[{"name":"wp","href":"https:\/\/api.w.org\/{rel}","templated":true}]}}