{"id":1283,"date":"2013-06-27T08:42:52","date_gmt":"2013-06-27T12:42:52","guid":{"rendered":"http:\/\/www.brazilianpress.com\/v1\/?p=1283"},"modified":"2013-07-03T22:23:28","modified_gmt":"2013-07-04T02:23:28","slug":"social-press-27062013","status":"publish","type":"post","link":"https:\/\/www.brazilianpress.com\/v1\/2013\/06\/27\/social-press-27062013\/","title":{"rendered":"Social Press . 27\/06\/2013"},"content":{"rendered":"<p><em><strong><img loading=\"lazy\" class=\"alignnone size-full wp-image-1269\" alt=\"social press 1632 20130627 (3)\" src=\"http:\/\/www.brazilianpress.com\/v1\/wp-content\/uploads\/2013\/06\/social-press-1632-20130627-3.jpg\" width=\"450\" height=\"300\" srcset=\"https:\/\/www.brazilianpress.com\/v1\/wp-content\/uploads\/2013\/06\/social-press-1632-20130627-3.jpg 450w, https:\/\/www.brazilianpress.com\/v1\/wp-content\/uploads\/2013\/06\/social-press-1632-20130627-3-300x200.jpg 300w\" sizes=\"(max-width: 450px) 100vw, 450px\" \/><br \/>\nA galera do Bolivia Soccer Team foram celebrar a vit\u00f3ria e recarregar as baterias no Altas Horas Lanches, a lanchonete preferida da Galera!<\/strong><\/em><\/p>\n<p><em><strong><img loading=\"lazy\" class=\"alignnone size-full wp-image-1267\" alt=\"social press 1632 20130627 (1)\" src=\"http:\/\/www.brazilianpress.com\/v1\/wp-content\/uploads\/2013\/06\/social-press-1632-20130627-1.jpg\" width=\"450\" height=\"300\" srcset=\"https:\/\/www.brazilianpress.com\/v1\/wp-content\/uploads\/2013\/06\/social-press-1632-20130627-1.jpg 450w, https:\/\/www.brazilianpress.com\/v1\/wp-content\/uploads\/2013\/06\/social-press-1632-20130627-1-300x200.jpg 300w\" sizes=\"(max-width: 450px) 100vw, 450px\" \/><\/strong><\/em><br \/>\n<em><strong>A diva da M\u00fasica Popular Brasileira, Marisa Monte, se apresentou ontem no Beacon em New York com todo seu encanto e amanh\u00e3 tem mais! Garanta seu ingresso pelo <a href=\"http:\/\/www.ticketmaster.com\">www.ticketmaster.com<\/a>.<\/strong><\/em><\/p>\n<p><em><strong><img loading=\"lazy\" class=\"alignnone size-full wp-image-1276\" alt=\"social press 1632 20130627 (10)\" src=\"http:\/\/www.brazilianpress.com\/v1\/wp-content\/uploads\/2013\/06\/social-press-1632-20130627-10.jpg\" width=\"450\" height=\"300\" srcset=\"https:\/\/www.brazilianpress.com\/v1\/wp-content\/uploads\/2013\/06\/social-press-1632-20130627-10.jpg 450w, https:\/\/www.brazilianpress.com\/v1\/wp-content\/uploads\/2013\/06\/social-press-1632-20130627-10-300x200.jpg 300w\" sizes=\"(max-width: 450px) 100vw, 450px\" \/><br \/>\nHappy Birthday a Janair, na foto ao lado do Pastor Luis Gon\u00e7alves, realizador do programa de Evangelismo \u201cA \u00daltima Esperan\u00e7a\u201d \u00e0s 7h30pm, na Igreja Adventista no 334 New York Avenue em Newark at\u00e9 s\u00e1bado.<\/strong><\/em><\/p>\n<p><em><strong><img loading=\"lazy\" class=\"alignnone size-full wp-image-1277\" alt=\"social press 1632 20130627 (11)\" src=\"http:\/\/www.brazilianpress.com\/v1\/wp-content\/uploads\/2013\/06\/social-press-1632-20130627-11.jpg\" width=\"450\" height=\"337\" srcset=\"https:\/\/www.brazilianpress.com\/v1\/wp-content\/uploads\/2013\/06\/social-press-1632-20130627-11.jpg 450w, https:\/\/www.brazilianpress.com\/v1\/wp-content\/uploads\/2013\/06\/social-press-1632-20130627-11-300x224.jpg 300w\" sizes=\"(max-width: 450px) 100vw, 450px\" \/><br \/>\nA Galera do Indian Knights reuniu-se para uma passeata\u00a0 domingo passado, para celebrar o in\u00edcio do Ver\u00e3o.<\/strong><\/em><\/p>\n<p><em><strong><img loading=\"lazy\" class=\"alignnone size-full wp-image-1278\" alt=\"social press 1632 20130627 (12)\" src=\"http:\/\/www.brazilianpress.com\/v1\/wp-content\/uploads\/2013\/06\/social-press-1632-20130627-12.jpg\" width=\"450\" height=\"338\" srcset=\"https:\/\/www.brazilianpress.com\/v1\/wp-content\/uploads\/2013\/06\/social-press-1632-20130627-12.jpg 450w, https:\/\/www.brazilianpress.com\/v1\/wp-content\/uploads\/2013\/06\/social-press-1632-20130627-12-300x225.jpg 300w\" sizes=\"(max-width: 450px) 100vw, 450px\" \/><br \/>\nParab\u00e9ns \u00e0 toda Equipe da Igreja Saint James, pelo excelente trabalho, empenho e dedica\u00e7\u00e3o para a \u00a0realiza\u00e7\u00e3o da festa Junina, foi\u00a0 Sucesso Total!!!<\/strong><\/em><\/p>\n<p><em><strong><img loading=\"lazy\" class=\"alignnone size-full wp-image-1279\" alt=\"social press 1632 20130627 (13)\" src=\"http:\/\/www.brazilianpress.com\/v1\/wp-content\/uploads\/2013\/06\/social-press-1632-20130627-13.jpg\" width=\"350\" height=\"467\" srcset=\"https:\/\/www.brazilianpress.com\/v1\/wp-content\/uploads\/2013\/06\/social-press-1632-20130627-13.jpg 350w, https:\/\/www.brazilianpress.com\/v1\/wp-content\/uploads\/2013\/06\/social-press-1632-20130627-13-224x300.jpg 224w\" sizes=\"(max-width: 350px) 100vw, 350px\" \/><br \/>\nQuem tamb\u00e9m faz anivers\u00e1rio \u00e9 nosso amigo Ricardinho Borges, fot\u00f3grafo e respons\u00e1vel pelo design do Press. Muitas Felicidades Bolita!<\/strong><\/em><\/p>\n<p><em><strong><img loading=\"lazy\" class=\"alignnone size-full wp-image-1280\" alt=\"social press 1632 20130627 (14)\" src=\"http:\/\/www.brazilianpress.com\/v1\/wp-content\/uploads\/2013\/06\/social-press-1632-20130627-14.jpg\" width=\"400\" height=\"420\" srcset=\"https:\/\/www.brazilianpress.com\/v1\/wp-content\/uploads\/2013\/06\/social-press-1632-20130627-14.jpg 400w, https:\/\/www.brazilianpress.com\/v1\/wp-content\/uploads\/2013\/06\/social-press-1632-20130627-14-285x300.jpg 285w\" sizes=\"(max-width: 400px) 100vw, 400px\" \/><br \/>\nA cantora Ana Carolina realizou um show emocionante sexta passada em Manhattan, NY, com casa lotada, contagiando com sua voz primorosa.<\/strong><\/em><\/p>\n<p><em><strong><img loading=\"lazy\" class=\"alignnone size-full wp-image-1281\" alt=\"social press 1632 20130627 (15)\" src=\"http:\/\/www.brazilianpress.com\/v1\/wp-content\/uploads\/2013\/06\/social-press-1632-20130627-15.jpg\" width=\"450\" height=\"300\" srcset=\"https:\/\/www.brazilianpress.com\/v1\/wp-content\/uploads\/2013\/06\/social-press-1632-20130627-15.jpg 450w, https:\/\/www.brazilianpress.com\/v1\/wp-content\/uploads\/2013\/06\/social-press-1632-20130627-15-300x200.jpg 300w\" sizes=\"(max-width: 450px) 100vw, 450px\" \/><br \/>\nAp\u00f3s o show de Ana Carolina, o empres\u00e1rio Silvio de Souza e sua esposa Danielle, curtiram os agitos do Village ao lado de amigos e mostraram muito jogo de cintura na pista de dan\u00e7a.<\/strong><\/em><\/p>\n<p><em><strong><img loading=\"lazy\" class=\"alignnone size-full wp-image-1282\" alt=\"social press 1632 20130627 (16)\" src=\"http:\/\/www.brazilianpress.com\/v1\/wp-content\/uploads\/2013\/06\/social-press-1632-20130627-16.jpg\" width=\"450\" height=\"300\" srcset=\"https:\/\/www.brazilianpress.com\/v1\/wp-content\/uploads\/2013\/06\/social-press-1632-20130627-16.jpg 450w, https:\/\/www.brazilianpress.com\/v1\/wp-content\/uploads\/2013\/06\/social-press-1632-20130627-16-300x200.jpg 300w\" sizes=\"(max-width: 450px) 100vw, 450px\" \/><br \/>\nAs gatinhas Elisangela Ara\u00fajo, Luciana Ferreira e Fran Gatini curtiram o show de Ana Carolina no conforto do camarote Vip. Arrasou!<\/strong><\/em><\/p>\n<p><em><strong><img loading=\"lazy\" class=\"alignnone size-full wp-image-1266\" alt=\"social press 1632 20130627 (17)\" src=\"http:\/\/www.brazilianpress.com\/v1\/wp-content\/uploads\/2013\/06\/social-press-1632-20130627-17.jpg\" width=\"450\" height=\"300\" srcset=\"https:\/\/www.brazilianpress.com\/v1\/wp-content\/uploads\/2013\/06\/social-press-1632-20130627-17.jpg 450w, https:\/\/www.brazilianpress.com\/v1\/wp-content\/uploads\/2013\/06\/social-press-1632-20130627-17-300x200.jpg 300w\" sizes=\"(max-width: 450px) 100vw, 450px\" \/><br \/>\nUm abra\u00e7o aos camaradas Fl\u00e1vio e Mauricio, aproveitando a Esta\u00e7\u00e3o do Sol, com muito alto astral no Casa Nova Grill, o point da cidade!<\/strong><\/em><\/p>\n<p><em><strong><img loading=\"lazy\" class=\"alignnone size-full wp-image-1268\" alt=\"social press 1632 20130627 (2)\" src=\"http:\/\/www.brazilianpress.com\/v1\/wp-content\/uploads\/2013\/06\/social-press-1632-20130627-2.jpg\" width=\"450\" height=\"300\" srcset=\"https:\/\/www.brazilianpress.com\/v1\/wp-content\/uploads\/2013\/06\/social-press-1632-20130627-2.jpg 450w, https:\/\/www.brazilianpress.com\/v1\/wp-content\/uploads\/2013\/06\/social-press-1632-20130627-2-300x200.jpg 300w\" sizes=\"(max-width: 450px) 100vw, 450px\" \/><br \/>\nFelicita\u00e7\u00f5es aos jovens Luana, Isaque, Alex e Taciana, saboreando as del\u00edcias do Boi na Brasa Grill, num belo domingo de sol.<\/strong><\/em><\/p>\n<p><em><strong><img loading=\"lazy\" class=\"alignnone size-full wp-image-1270\" alt=\"social press 1632 20130627 (4)\" src=\"http:\/\/www.brazilianpress.com\/v1\/wp-content\/uploads\/2013\/06\/social-press-1632-20130627-4.jpg\" width=\"450\" height=\"269\" srcset=\"https:\/\/www.brazilianpress.com\/v1\/wp-content\/uploads\/2013\/06\/social-press-1632-20130627-4.jpg 450w, https:\/\/www.brazilianpress.com\/v1\/wp-content\/uploads\/2013\/06\/social-press-1632-20130627-4-300x179.jpg 300w\" sizes=\"(max-width: 450px) 100vw, 450px\" \/><br \/>\nEntre os brasileiros que se manifestaram no Independence Park, em apoio aos Protestos no Brasil, a crian\u00e7ada tamb\u00e9m marcou presen\u00e7a. O pequeno Lucas, filho do casal Rafael e Andreia Moreira esteve por l\u00e1.<\/strong><\/em><\/p>\n<p><em><strong><img loading=\"lazy\" class=\"alignnone size-full wp-image-1271\" alt=\"social press 1632 20130627 (5)\" src=\"http:\/\/www.brazilianpress.com\/v1\/wp-content\/uploads\/2013\/06\/social-press-1632-20130627-5.jpg\" width=\"450\" height=\"300\" srcset=\"https:\/\/www.brazilianpress.com\/v1\/wp-content\/uploads\/2013\/06\/social-press-1632-20130627-5.jpg 450w, https:\/\/www.brazilianpress.com\/v1\/wp-content\/uploads\/2013\/06\/social-press-1632-20130627-5-300x200.jpg 300w\" sizes=\"(max-width: 450px) 100vw, 450px\" \/><br \/>\nQuer Tentar a Sorte? Ent\u00e3o compare\u00e7a a Amanda\u2019s Bakery na esquina da Lang com New York Avenue em Newark, e fa\u00e7a suas apostas. Foi de l\u00e1 que saiu um premiado de 250.000 d\u00f3lares. Quem sabe hoje \u00e9 seu dia de Sorte!<\/strong><\/em><\/p>\n<p><em><strong><img loading=\"lazy\" class=\"alignnone size-full wp-image-1272\" alt=\"social press 1632 20130627 (6)\" src=\"http:\/\/www.brazilianpress.com\/v1\/wp-content\/uploads\/2013\/06\/social-press-1632-20130627-6.jpg\" width=\"450\" height=\"338\" srcset=\"https:\/\/www.brazilianpress.com\/v1\/wp-content\/uploads\/2013\/06\/social-press-1632-20130627-6.jpg 450w, https:\/\/www.brazilianpress.com\/v1\/wp-content\/uploads\/2013\/06\/social-press-1632-20130627-6-300x225.jpg 300w\" sizes=\"(max-width: 450px) 100vw, 450px\" \/><br \/>\nCongratulations a bela Karine Nunes, pelo desempenho escolar, High School Graduation, Senior Class of 2013. Sucesso!<\/strong><\/em><\/p>\n<p><em><strong><img loading=\"lazy\" class=\"alignnone size-full wp-image-1273\" alt=\"social press 1632 20130627 (7)\" src=\"http:\/\/www.brazilianpress.com\/v1\/wp-content\/uploads\/2013\/06\/social-press-1632-20130627-7.jpg\" width=\"400\" height=\"364\" srcset=\"https:\/\/www.brazilianpress.com\/v1\/wp-content\/uploads\/2013\/06\/social-press-1632-20130627-7.jpg 400w, https:\/\/www.brazilianpress.com\/v1\/wp-content\/uploads\/2013\/06\/social-press-1632-20130627-7-300x273.jpg 300w\" sizes=\"(max-width: 400px) 100vw, 400px\" \/><br \/>\nAs belas meninas brasileiras Lilian Zanette e Andressa Hipolito passeando pela comunidade, na torcida pela Sele\u00e7\u00e3o Brasileira.<\/strong><\/em><\/p>\n<p><em><strong><img loading=\"lazy\" class=\"alignnone size-full wp-image-1274\" alt=\"social press 1632 20130627 (8)\" src=\"http:\/\/www.brazilianpress.com\/v1\/wp-content\/uploads\/2013\/06\/social-press-1632-20130627-8.jpg\" width=\"450\" height=\"338\" srcset=\"https:\/\/www.brazilianpress.com\/v1\/wp-content\/uploads\/2013\/06\/social-press-1632-20130627-8.jpg 450w, https:\/\/www.brazilianpress.com\/v1\/wp-content\/uploads\/2013\/06\/social-press-1632-20130627-8-300x225.jpg 300w\" sizes=\"(max-width: 450px) 100vw, 450px\" \/><br \/>\nSauda\u00e7\u00f5es aos nossos amigos Marcos, T\u00falio, Melina, Roxanna Marin e Anita Portal, em pose exclusiva durante a business meeting.<\/strong><\/em><\/p>\n<p><em><strong><img loading=\"lazy\" class=\"alignnone size-full wp-image-1275\" alt=\"social press 1632 20130627 (9)\" src=\"http:\/\/www.brazilianpress.com\/v1\/wp-content\/uploads\/2013\/06\/social-press-1632-20130627-9.jpg\" width=\"400\" height=\"412\" srcset=\"https:\/\/www.brazilianpress.com\/v1\/wp-content\/uploads\/2013\/06\/social-press-1632-20130627-9.jpg 400w, https:\/\/www.brazilianpress.com\/v1\/wp-content\/uploads\/2013\/06\/social-press-1632-20130627-9-291x300.jpg 291w\" sizes=\"(max-width: 400px) 100vw, 400px\" \/><br \/>\nA Equipe Press parabeniza a Senhora Neli pela passagem de seu anivers\u00e1rio. Sa\u00fade e Felicidades!<\/strong><\/em><\/p>\n","protected":false},"excerpt":{"rendered":"<p>A galera do Bolivia Soccer Team foram celebrar a vit\u00f3ria e recarregar as baterias no Altas Horas Lanches, a lanchonete preferida da Galera! A diva da M\u00fasica Popular Brasileira, Marisa Monte, se apresentou ontem no Beacon em New York com todo seu encanto e amanh\u00e3 tem mais! Garanta seu ingresso pelo www.ticketmaster.com. Happy Birthday a Janair, na foto ao lado do Pastor Luis Gon\u00e7alves, realizador do programa de Evangelismo \u201cA \u00daltima Esperan\u00e7a\u201d \u00e0s 7h30pm, na Igreja Adventista no 334 New York Avenue em Newark at\u00e9 s\u00e1bado. A Galera do Indian Knights reuniu-se para uma passeata\u00a0 domingo passado, para celebrar o [&hellip;]<\/p>\n","protected":false},"author":1,"featured_media":1269,"comment_status":"open","ping_status":"open","sticky":false,"template":"","format":"standard","meta":{"_links_to":"","_links_to_target":""},"categories":[1,6],"tags":[],"views":11542,"_links":{"self":[{"href":"https:\/\/www.brazilianpress.com\/v1\/wp-json\/wp\/v2\/posts\/1283"}],"collection":[{"href":"https:\/\/www.brazilianpress.com\/v1\/wp-json\/wp\/v2\/posts"}],"about":[{"href":"https:\/\/www.brazilianpress.com\/v1\/wp-json\/wp\/v2\/types\/post"}],"author":[{"embeddable":true,"href":"https:\/\/www.brazilianpress.com\/v1\/wp-json\/wp\/v2\/users\/1"}],"replies":[{"embeddable":true,"href":"https:\/\/www.brazilianpress.com\/v1\/wp-json\/wp\/v2\/comments?post=1283"}],"version-history":[{"count":2,"href":"https:\/\/www.brazilianpress.com\/v1\/wp-json\/wp\/v2\/posts\/1283\/revisions"}],"predecessor-version":[{"id":1424,"href":"https:\/\/www.brazilianpress.com\/v1\/wp-json\/wp\/v2\/posts\/1283\/revisions\/1424"}],"wp:featuredmedia":[{"embeddable":true,"href":"https:\/\/www.brazilianpress.com\/v1\/wp-json\/wp\/v2\/media\/1269"}],"wp:attachment":[{"href":"https:\/\/www.brazilianpress.com\/v1\/wp-json\/wp\/v2\/media?parent=1283"}],"wp:term":[{"taxonomy":"category","embeddable":true,"href":"https:\/\/www.brazilianpress.com\/v1\/wp-json\/wp\/v2\/categories?post=1283"},{"taxonomy":"post_tag","embeddable":true,"href":"https:\/\/www.brazilianpress.com\/v1\/wp-json\/wp\/v2\/tags?post=1283"}],"curies":[{"name":"wp","href":"https:\/\/api.w.org\/{rel}","templated":true}]}}