{"id":12832,"date":"2015-03-12T11:00:43","date_gmt":"2015-03-12T15:00:43","guid":{"rendered":"http:\/\/www.brazilianpress.com\/v1\/?p=12832"},"modified":"2015-03-12T11:00:43","modified_gmt":"2015-03-12T15:00:43","slug":"jornal-bahia-noticia-comemora-12-anos-de-sucesso","status":"publish","type":"post","link":"https:\/\/www.brazilianpress.com\/v1\/2015\/03\/12\/jornal-bahia-noticia-comemora-12-anos-de-sucesso\/","title":{"rendered":"Jornal Bahia Not\u00edcia comemora 12 anos de sucesso"},"content":{"rendered":"<p><img loading=\"lazy\" class=\"alignnone size-full wp-image-12833\" src=\"http:\/\/www.brazilianpress.com\/v1\/wp-content\/uploads\/2015\/03\/jornal-bahia-noticia.jpg\" alt=\"jornal bahia noticia\" width=\"500\" height=\"167\" srcset=\"https:\/\/www.brazilianpress.com\/v1\/wp-content\/uploads\/2015\/03\/jornal-bahia-noticia.jpg 500w, https:\/\/www.brazilianpress.com\/v1\/wp-content\/uploads\/2015\/03\/jornal-bahia-noticia-300x100.jpg 300w\" sizes=\"(max-width: 500px) 100vw, 500px\" \/><\/p>\n<p>Em fevereiro de 2002 surgia a ideia de se criar um meio de comunica\u00e7\u00e3o que falasse a linguagem dos jovens e adolescentes nos planos social, pol\u00edtico, cultural e de entretenimento, inaugurou-se ent\u00e3o o Jornal Teen Bahia. Em seu primeiro ano de exist\u00eancia, o Teen Bahia j\u00e1 havia conquistado um p\u00fablico consider\u00e1vel, e um ano depois, tornava-se um jornal profissional, o Bahia Not\u00edcia.<!--more--><\/p>\n<p>Lan\u00e7ado oficialmente no dia 19 de fevereiro de 2003 e formado na \u00e9poca por Jos\u00e9 Ferreira Junior (fundador do jornal, tamb\u00e9m conhecido como Robocop).<\/p>\n<p>Ao longo de sua trajet\u00f3ria, o jornal passou por diversas dificuldades, mas sempre se manteve de p\u00e9, na maior parte do tempo, como um dos mais reconhecidos do Estado da Bahia. Sempre atento \u00e0s tend\u00eancias e \u00e0 tecnologia, toda a estrutura do Bahia Not\u00edcia fora pensada para atrair o que h\u00e1 de mais natural nas pessoas: vontade de informa\u00e7\u00e3o e necessidade de comunica\u00e7\u00e3o. Por isso, desde sua logomarca \u2013 desenvolvida por Val\u00e9rio Medeiro (Tarja Preta) com base em pesquisa sobre o mercado das comunica\u00e7\u00f5es \u2013 at\u00e9 a reda\u00e7\u00e3o, tudo sempre esteve voltado para levar qualidade aos milhares de leitores que acompanham o BN.<\/p>\n<p>Em n\u00edvel regional e municipal, autoridades pol\u00edticas tamb\u00e9m manifestaram respeito pela posi\u00e7\u00e3o que o Bahia Not\u00edcia ocupa no jornalismo da regi\u00e3o. A import\u00e2ncia do jornalismo do Bahia Not\u00edcia na cobertura dos assuntos p\u00fablicos de interesse da popula\u00e7\u00e3o desses munic\u00edpios.<\/p>\n<p>Doze anos depois, o Bahia Not\u00edcia continua sendo distribu\u00eddo em toda a Regi\u00e3o Metropolitana de Salvador, com tiragem mensal de 5.000 mil exemplares, com 16 p\u00e1ginas de not\u00edcias em cada edi\u00e7\u00e3o, material impresso que, embora suspenso h\u00e1 alguns meses, poder\u00e1 ser folheado pelos leitores mais adeptos a partir de mar\u00e7o deste ano (aguardem!).<\/p>\n<p>Nossso site:\u00a0<a href=\"http:\/\/www.bahianoticia.com.br\/\">WWW.bahianoticia.com.br<\/a>\u00a0agora dia 17 de mar\u00e7o comemora 07 com mais de um bilh\u00e3o de acessos.<\/p>\n<p>No decorrer de sua hist\u00f3ria, o Bahia Not\u00edcia tem buscado se aperfei\u00e7oar com o objetivo de atender com qualidade um p\u00fablico crescente e sedento por informa\u00e7\u00e3o r\u00e1pida, com qualidade, \u00e9tica e imparcialidade.<\/p>\n","protected":false},"excerpt":{"rendered":"<p>Em fevereiro de 2002 surgia a ideia de se criar um meio de comunica\u00e7\u00e3o que falasse a linguagem dos jovens e adolescentes nos planos social, pol\u00edtico, cultural e de entretenimento, inaugurou-se ent\u00e3o o Jornal Teen Bahia. Em seu primeiro ano de exist\u00eancia, o Teen Bahia j\u00e1 havia conquistado um p\u00fablico consider\u00e1vel, e um ano depois, tornava-se um jornal profissional, o Bahia Not\u00edcia.<\/p>\n","protected":false},"author":1,"featured_media":12833,"comment_status":"open","ping_status":"open","sticky":false,"template":"","format":"standard","meta":{"_links_to":"","_links_to_target":""},"categories":[7,1],"tags":[],"views":2643,"_links":{"self":[{"href":"https:\/\/www.brazilianpress.com\/v1\/wp-json\/wp\/v2\/posts\/12832"}],"collection":[{"href":"https:\/\/www.brazilianpress.com\/v1\/wp-json\/wp\/v2\/posts"}],"about":[{"href":"https:\/\/www.brazilianpress.com\/v1\/wp-json\/wp\/v2\/types\/post"}],"author":[{"embeddable":true,"href":"https:\/\/www.brazilianpress.com\/v1\/wp-json\/wp\/v2\/users\/1"}],"replies":[{"embeddable":true,"href":"https:\/\/www.brazilianpress.com\/v1\/wp-json\/wp\/v2\/comments?post=12832"}],"version-history":[{"count":1,"href":"https:\/\/www.brazilianpress.com\/v1\/wp-json\/wp\/v2\/posts\/12832\/revisions"}],"predecessor-version":[{"id":12834,"href":"https:\/\/www.brazilianpress.com\/v1\/wp-json\/wp\/v2\/posts\/12832\/revisions\/12834"}],"wp:featuredmedia":[{"embeddable":true,"href":"https:\/\/www.brazilianpress.com\/v1\/wp-json\/wp\/v2\/media\/12833"}],"wp:attachment":[{"href":"https:\/\/www.brazilianpress.com\/v1\/wp-json\/wp\/v2\/media?parent=12832"}],"wp:term":[{"taxonomy":"category","embeddable":true,"href":"https:\/\/www.brazilianpress.com\/v1\/wp-json\/wp\/v2\/categories?post=12832"},{"taxonomy":"post_tag","embeddable":true,"href":"https:\/\/www.brazilianpress.com\/v1\/wp-json\/wp\/v2\/tags?post=12832"}],"curies":[{"name":"wp","href":"https:\/\/api.w.org\/{rel}","templated":true}]}}