{"id":12838,"date":"2015-03-12T11:03:38","date_gmt":"2015-03-12T15:03:38","guid":{"rendered":"http:\/\/www.brazilianpress.com\/v1\/?p=12838"},"modified":"2015-03-19T11:15:27","modified_gmt":"2015-03-19T15:15:27","slug":"manifestacao-pelo-impeachment-de-dilma","status":"publish","type":"post","link":"https:\/\/www.brazilianpress.com\/v1\/2015\/03\/12\/manifestacao-pelo-impeachment-de-dilma\/","title":{"rendered":"Manifesta\u00e7\u00e3o pelo Impeachment de Dilma"},"content":{"rendered":"<p><img loading=\"lazy\" class=\"alignnone size-full wp-image-12839\" src=\"http:\/\/www.brazilianpress.com\/v1\/wp-content\/uploads\/2015\/03\/dilma-rousseff.jpg\" alt=\"dilma-rousseff\" width=\"500\" height=\"333\" srcset=\"https:\/\/www.brazilianpress.com\/v1\/wp-content\/uploads\/2015\/03\/dilma-rousseff.jpg 500w, https:\/\/www.brazilianpress.com\/v1\/wp-content\/uploads\/2015\/03\/dilma-rousseff-300x200.jpg 300w\" sizes=\"(max-width: 500px) 100vw, 500px\" \/><\/p>\n<p>By : Alethea Rodrigues &#8211; Uma palavra de fazer tremerem os pol\u00edticos ocupa as rodas de discuss\u00e3o no Brasil como n\u00e3o se via desde 1992: Impeachment. A possibilidade de tirar Dilma Rousseff do cargo de presidente da Rep\u00fablica mexeu com os \u00e2nimos de muitos brasileiros nos \u00faltimos dias. Quase dois meses depois de come\u00e7ar o segundo mandato, a\u00a0 presidente enfrenta uma onda pr\u00f3-impeachment na internet. No Facebook, cerca de 40 manifesta\u00e7\u00f5es pela interrup\u00e7\u00e3o do seu mandato, todas marcadas para o pr\u00f3ximo domingo, 15 de mar\u00e7o. Mais de um milh\u00e3o de pessoas j\u00e1 confirmaram presen\u00e7a.<!--more--><\/p>\n<p>Uma das p\u00e1ginas diz que a intenc\u00e3o do protesto \u00e9 fazer como foi feito em 1992, com o ent\u00e3o presidente Fernando Collor de Melo. A populac\u00e3o n\u00e3o concorda com o aumento da gasolina para quatro reais o litro, n\u00e3o aceita pagar 3,50 reais pra andar de \u00f4nibus ou trem e ainda vai reinvindicar o aumento nos impostos absurdos, como IOF, IPTU e IPVA.<\/p>\n<p>Nas redes sociais os organizadores ressaltam que o protesto ser\u00e1 pac\u00edfico, n\u00e3o sendo permitido bandeiras e camisas de partidos pol\u00edticos, e que v\u00e2ndalos e black blocs ser\u00e3o detidos e entregues \u00e0 pol\u00edcia pela pr\u00f3pria popula\u00e7\u00e3o. Os manifestos acontecer\u00e3o em todos os estados do Brasil, e em diversas cidades.<\/p>\n<p>E n\u00e3o \u00e9 s\u00f3 no Brasil que a populac\u00e3o vai \u00e0s ruas. Brasileiros que vivem no sul da Fl\u00f3rida est\u00e3o organizando um ato em apoio a essas manifesta\u00e7\u00f5es. O protesto acontecer\u00e1 no domingo a partir do meio dia, diante do Monumento Torch of Friendship, em frente ao Bayside, em Downtown Miami. Juliana Cacife, brasileira que vive em Orlando, j\u00e1 confirmou presenca no evento: &#8220;Vou fazer minha parte, mesmo que seja de longe. O dia que voltar para o Brasil quero que esteja melhor para se viver. O PT est\u00e1 acabando com o nosso pa\u00eds&#8221;, contou.<\/p>\n<p>Nas ruas de Newark, a maioria dos brasileiros tamb\u00e9m apoiam as manifestac\u00f5es: &#8220;Eu acho que j\u00e1 est\u00e1 na hora de tomarmos alguma atitude para que o nosso pa\u00eds saia dessa crise. N\u00e3o posso participar, mas estou torcendo para que d\u00ea certo&#8221;, disse Celso Andrade, que \u00e9 carpinteiro e mora nos Estados Unidos h\u00e1 18 anos.<\/p>\n<p>A not\u00edcia das manifestac\u00f5es que prometem mudar o futuro do Brasil tamb\u00e9m pegou muita gente de surpresa: &#8220;N\u00e3o sabia disso! Trabalho demais ent\u00e3o n\u00e3o tive muitas not\u00edcias do Brasil nesses \u00faltimos dias. Mas fiquei feliz, e espero que esse protesto derrube a Dilma e todo o seu partido junto. J\u00e1 passou da hora. Vou torcer para isso&#8221;, afirmou Arlindo Pinto, que trabalha como garcom.<\/p>\n<p>Caso o impeachment realmente aconteca o vice de Dilma, Michel Temer, ou o Presidente da C\u00e2mara Eduardo C\u00e2mara assumir\u00e3o o poder. Vamos esperar o desfecho dessa hist\u00f3ria.<\/p>\n","protected":false},"excerpt":{"rendered":"<p>By : Alethea Rodrigues &#8211; Uma palavra de fazer tremerem os pol\u00edticos ocupa as rodas de discuss\u00e3o no Brasil como n\u00e3o se via desde 1992: Impeachment. A possibilidade de tirar Dilma Rousseff do cargo de presidente da Rep\u00fablica mexeu com os \u00e2nimos de muitos brasileiros nos \u00faltimos dias. Quase dois meses depois de come\u00e7ar o segundo mandato, a\u00a0 presidente enfrenta uma onda pr\u00f3-impeachment na internet. No Facebook, cerca de 40 manifesta\u00e7\u00f5es pela interrup\u00e7\u00e3o do seu mandato, todas marcadas para o pr\u00f3ximo domingo, 15 de mar\u00e7o. Mais de um milh\u00e3o de pessoas j\u00e1 confirmaram presen\u00e7a.<\/p>\n","protected":false},"author":1,"featured_media":12839,"comment_status":"open","ping_status":"open","sticky":false,"template":"","format":"standard","meta":{"_links_to":"","_links_to_target":""},"categories":[7,1],"tags":[],"views":2548,"_links":{"self":[{"href":"https:\/\/www.brazilianpress.com\/v1\/wp-json\/wp\/v2\/posts\/12838"}],"collection":[{"href":"https:\/\/www.brazilianpress.com\/v1\/wp-json\/wp\/v2\/posts"}],"about":[{"href":"https:\/\/www.brazilianpress.com\/v1\/wp-json\/wp\/v2\/types\/post"}],"author":[{"embeddable":true,"href":"https:\/\/www.brazilianpress.com\/v1\/wp-json\/wp\/v2\/users\/1"}],"replies":[{"embeddable":true,"href":"https:\/\/www.brazilianpress.com\/v1\/wp-json\/wp\/v2\/comments?post=12838"}],"version-history":[{"count":1,"href":"https:\/\/www.brazilianpress.com\/v1\/wp-json\/wp\/v2\/posts\/12838\/revisions"}],"predecessor-version":[{"id":12840,"href":"https:\/\/www.brazilianpress.com\/v1\/wp-json\/wp\/v2\/posts\/12838\/revisions\/12840"}],"wp:featuredmedia":[{"embeddable":true,"href":"https:\/\/www.brazilianpress.com\/v1\/wp-json\/wp\/v2\/media\/12839"}],"wp:attachment":[{"href":"https:\/\/www.brazilianpress.com\/v1\/wp-json\/wp\/v2\/media?parent=12838"}],"wp:term":[{"taxonomy":"category","embeddable":true,"href":"https:\/\/www.brazilianpress.com\/v1\/wp-json\/wp\/v2\/categories?post=12838"},{"taxonomy":"post_tag","embeddable":true,"href":"https:\/\/www.brazilianpress.com\/v1\/wp-json\/wp\/v2\/tags?post=12838"}],"curies":[{"name":"wp","href":"https:\/\/api.w.org\/{rel}","templated":true}]}}