{"id":12889,"date":"2015-03-12T14:14:36","date_gmt":"2015-03-12T18:14:36","guid":{"rendered":"http:\/\/www.brazilianpress.com\/v1\/?p=12889"},"modified":"2015-03-19T11:50:41","modified_gmt":"2015-03-19T15:50:41","slug":"mulher-e-acusada-de-matar-propria-neta-com-serra-eletrica-nos-eua","status":"publish","type":"post","link":"https:\/\/www.brazilianpress.com\/v1\/2015\/03\/12\/mulher-e-acusada-de-matar-propria-neta-com-serra-eletrica-nos-eua\/","title":{"rendered":"Mulher \u00e9 acusada de matar pr\u00f3pria neta com serra el\u00e9trica nos EUA"},"content":{"rendered":"<p><img loading=\"lazy\" class=\"alignnone size-full wp-image-12890\" src=\"http:\/\/www.brazilianpress.com\/v1\/wp-content\/uploads\/2015\/03\/mulher-assassina-neta-serra-eletrica.jpg\" alt=\"mulher assassina neta serra eletrica\" width=\"492\" height=\"310\" srcset=\"https:\/\/www.brazilianpress.com\/v1\/wp-content\/uploads\/2015\/03\/mulher-assassina-neta-serra-eletrica.jpg 492w, https:\/\/www.brazilianpress.com\/v1\/wp-content\/uploads\/2015\/03\/mulher-assassina-neta-serra-eletrica-300x189.jpg 300w\" sizes=\"(max-width: 492px) 100vw, 492px\" \/><\/p>\n<p>Uma imigrante mexicana, identificada como Manuela Rodr\u00edguez, foi acusada nesta ter\u00e7a-feira de homic\u00eddio em primeiro grau por ter cortado o pesco\u00e7o de sua neta, de sete meses, com uma serra el\u00e9trica, informou a promotoria do condado Cook, nos Estados Unidos.<\/p>\n<p>O assassinato ocorreu pela manh\u00e3 em uma casa do bairro La Villita, o principal distrito da comunidade mexicana no sudoeste de Chicago, onde Manuela, de 52 anos, tomava conta da pequena Rose Herrera, segundo a imprensa local.<!--more--><\/p>\n<p>Aparentemente, a av\u00f3 ficou furiosa porque a menina n\u00e3o parava de chorar e tentou sufoc\u00e1-la introduzindo uma meia em sua boca. Depois bateu sua cabe\u00e7a v\u00e1rias vezes e, finalmente, cortou seu pesco\u00e7o com a motosserra. De acordo com as informa\u00e7\u00f5es, a mulher tentou se suicidar, mas foi salva por um familiar que chamou a pol\u00edcia. A morte foi declarada homic\u00eddio pelas autoridades, que mant\u00eam Manuela sob cust\u00f3dia policial no Hospital Mount Sinai \u00e0 espera de uma audi\u00eancia judicial.<\/p>\n","protected":false},"excerpt":{"rendered":"<p>Uma imigrante mexicana, identificada como Manuela Rodr\u00edguez, foi acusada nesta ter\u00e7a-feira de homic\u00eddio em primeiro grau por ter cortado o pesco\u00e7o de sua neta, de sete meses, com uma serra el\u00e9trica, informou a promotoria do condado Cook, nos Estados Unidos. O assassinato ocorreu pela manh\u00e3 em uma casa do bairro La Villita, o principal distrito da comunidade mexicana no sudoeste de Chicago, onde Manuela, de 52 anos, tomava conta da pequena Rose Herrera, segundo a imprensa local.<\/p>\n","protected":false},"author":1,"featured_media":12890,"comment_status":"open","ping_status":"open","sticky":false,"template":"","format":"standard","meta":{"_links_to":"","_links_to_target":""},"categories":[4,1],"tags":[],"views":3336,"_links":{"self":[{"href":"https:\/\/www.brazilianpress.com\/v1\/wp-json\/wp\/v2\/posts\/12889"}],"collection":[{"href":"https:\/\/www.brazilianpress.com\/v1\/wp-json\/wp\/v2\/posts"}],"about":[{"href":"https:\/\/www.brazilianpress.com\/v1\/wp-json\/wp\/v2\/types\/post"}],"author":[{"embeddable":true,"href":"https:\/\/www.brazilianpress.com\/v1\/wp-json\/wp\/v2\/users\/1"}],"replies":[{"embeddable":true,"href":"https:\/\/www.brazilianpress.com\/v1\/wp-json\/wp\/v2\/comments?post=12889"}],"version-history":[{"count":1,"href":"https:\/\/www.brazilianpress.com\/v1\/wp-json\/wp\/v2\/posts\/12889\/revisions"}],"predecessor-version":[{"id":12891,"href":"https:\/\/www.brazilianpress.com\/v1\/wp-json\/wp\/v2\/posts\/12889\/revisions\/12891"}],"wp:featuredmedia":[{"embeddable":true,"href":"https:\/\/www.brazilianpress.com\/v1\/wp-json\/wp\/v2\/media\/12890"}],"wp:attachment":[{"href":"https:\/\/www.brazilianpress.com\/v1\/wp-json\/wp\/v2\/media?parent=12889"}],"wp:term":[{"taxonomy":"category","embeddable":true,"href":"https:\/\/www.brazilianpress.com\/v1\/wp-json\/wp\/v2\/categories?post=12889"},{"taxonomy":"post_tag","embeddable":true,"href":"https:\/\/www.brazilianpress.com\/v1\/wp-json\/wp\/v2\/tags?post=12889"}],"curies":[{"name":"wp","href":"https:\/\/api.w.org\/{rel}","templated":true}]}}