{"id":12990,"date":"2015-03-19T13:13:18","date_gmt":"2015-03-19T17:13:18","guid":{"rendered":"http:\/\/www.brazilianpress.com\/v1\/?p=12990"},"modified":"2015-03-19T13:13:18","modified_gmt":"2015-03-19T17:13:18","slug":"arquitetura-na-america-latina-e-tema-de-nova-exposicao-no-moma","status":"publish","type":"post","link":"https:\/\/www.brazilianpress.com\/v1\/2015\/03\/19\/arquitetura-na-america-latina-e-tema-de-nova-exposicao-no-moma\/","title":{"rendered":"Arquitetura na Am\u00e9rica Latina \u00e9 tema de nova exposi\u00e7\u00e3o no MoMA"},"content":{"rendered":"<p><em><strong><img loading=\"lazy\" class=\"alignright size-full wp-image-12991\" src=\"http:\/\/www.brazilianpress.com\/v1\/wp-content\/uploads\/2015\/03\/arquitetura-latina-moma.jpg\" alt=\"arquitetura latina moma\" width=\"304\" height=\"455\" srcset=\"https:\/\/www.brazilianpress.com\/v1\/wp-content\/uploads\/2015\/03\/arquitetura-latina-moma.jpg 304w, https:\/\/www.brazilianpress.com\/v1\/wp-content\/uploads\/2015\/03\/arquitetura-latina-moma-200x300.jpg 200w\" sizes=\"(max-width: 304px) 100vw, 304px\" \/>Roger Costa<\/strong><\/em>&#8211; Para marcar a ocasi\u00e3o do 60\u00ba anivers\u00e1rio da primeira mostra de arquitetura moderna da Am\u00e9rica Latina realizada pelo MoMA-Museum of Modern Arts, o Museu retorna o foco para a regi\u00e3o com a exposi\u00e7\u00e3o \u201cLatin America in Construction: Architecture 1955-1980\u201d abrangendo grandes projetos e realiza\u00e7\u00f5es no campo da arquitetura em 10 pa\u00edses da Am\u00e9rica Latina, incluindo o Brasil.<!--more--><\/p>\n<p>Em 1955, o MoMA concebeu a mostra \u201cLatin America Architecture since 1945\u201d, exibi\u00e7\u00e3o que destacava uma d\u00e9cada de desenvolvimento arquiteturial ao redor da Am\u00e9rica Latina. De 29 de mar\u00e7o a 19 de julho de 2015, visitantes poder\u00e3o descobrir a nova cole\u00e7\u00e3o, cerca de 500 trabalhos em fotografias, objetos e imagens, expondo trabalhos realizados a partir de 1955, e destacando aspectos importantes de cada um desses pa\u00edses, seja atravessando transforma\u00e7\u00f5es pol\u00edticas, sociais ou de origens: Chile, Argentina, Uruguai, Brasil, Peru, Col\u00f4mbia, Venezuela, M\u00e9xico, Cuba e Rep\u00fablica Dominicana.<\/p>\n<p>O projeto \u00e9 organizado pelo Curador Barry Bergdoll, Patricio del Real, curador assistente do Departamento de Arquitetura do MoMA, Jorge Francisco Liemur da Universidad Torcuato di Tella em Buenos Aires e Eduardo Comas da Universidade Federal do Rio Grande do Sul em Porto Alegre. O MoMA fica localizado no 11 West 53rd Street entre a 5\u00aa e 6\u00aa Avenidas em New York City. A exibi\u00e7\u00e3o est\u00e1 aberta no 6\u00ba piso e conta com v\u00e1rios f\u00f3runs, conversa\u00e7\u00f5es sobre cada projeto, workshops, e programas paralelos durante o per\u00edodo. Visite <a href=\"http:\/\/www.moma.org\/visit\/calendar\/exhibitions\/1499\">http:\/\/www.moma.org\/visit\/calendar\/exhibitions\/1499<\/a> para detalhes.<\/p>\n","protected":false},"excerpt":{"rendered":"<p>Roger Costa&#8211; Para marcar a ocasi\u00e3o do 60\u00ba anivers\u00e1rio da primeira mostra de arquitetura moderna da Am\u00e9rica Latina realizada pelo MoMA-Museum of Modern Arts, o Museu retorna o foco para a regi\u00e3o com a exposi\u00e7\u00e3o \u201cLatin America in Construction: Architecture 1955-1980\u201d abrangendo grandes projetos e realiza\u00e7\u00f5es no campo da arquitetura em 10 pa\u00edses da Am\u00e9rica Latina, incluindo o Brasil.<\/p>\n","protected":false},"author":1,"featured_media":12991,"comment_status":"open","ping_status":"open","sticky":false,"template":"","format":"standard","meta":{"_links_to":"","_links_to_target":""},"categories":[4,1],"tags":[],"views":2603,"_links":{"self":[{"href":"https:\/\/www.brazilianpress.com\/v1\/wp-json\/wp\/v2\/posts\/12990"}],"collection":[{"href":"https:\/\/www.brazilianpress.com\/v1\/wp-json\/wp\/v2\/posts"}],"about":[{"href":"https:\/\/www.brazilianpress.com\/v1\/wp-json\/wp\/v2\/types\/post"}],"author":[{"embeddable":true,"href":"https:\/\/www.brazilianpress.com\/v1\/wp-json\/wp\/v2\/users\/1"}],"replies":[{"embeddable":true,"href":"https:\/\/www.brazilianpress.com\/v1\/wp-json\/wp\/v2\/comments?post=12990"}],"version-history":[{"count":1,"href":"https:\/\/www.brazilianpress.com\/v1\/wp-json\/wp\/v2\/posts\/12990\/revisions"}],"predecessor-version":[{"id":12992,"href":"https:\/\/www.brazilianpress.com\/v1\/wp-json\/wp\/v2\/posts\/12990\/revisions\/12992"}],"wp:featuredmedia":[{"embeddable":true,"href":"https:\/\/www.brazilianpress.com\/v1\/wp-json\/wp\/v2\/media\/12991"}],"wp:attachment":[{"href":"https:\/\/www.brazilianpress.com\/v1\/wp-json\/wp\/v2\/media?parent=12990"}],"wp:term":[{"taxonomy":"category","embeddable":true,"href":"https:\/\/www.brazilianpress.com\/v1\/wp-json\/wp\/v2\/categories?post=12990"},{"taxonomy":"post_tag","embeddable":true,"href":"https:\/\/www.brazilianpress.com\/v1\/wp-json\/wp\/v2\/tags?post=12990"}],"curies":[{"name":"wp","href":"https:\/\/api.w.org\/{rel}","templated":true}]}}