{"id":13000,"date":"2015-03-19T13:29:20","date_gmt":"2015-03-19T17:29:20","guid":{"rendered":"http:\/\/www.brazilianpress.com\/v1\/?p=13000"},"modified":"2015-04-23T10:45:13","modified_gmt":"2015-04-23T14:45:13","slug":"fatos-fotos-by-rejes-salomao-19032015","status":"publish","type":"post","link":"https:\/\/www.brazilianpress.com\/v1\/2015\/03\/19\/fatos-fotos-by-rejes-salomao-19032015\/","title":{"rendered":"Fatos &#038; Fotos, by Rejes Salom\u00e3o . 19\/03\/2015"},"content":{"rendered":"<p><img src=\"http:\/\/www.brazilianpress.com\/v1\/wp-content\/uploads\/2014\/12\/fatos-fotos-rejes-salomao.jpg\" alt=\"fatos fotos rejes salomao\" \/><\/p>\n<p><img loading=\"lazy\" class=\"alignnone  wp-image-13006\" src=\"http:\/\/www.brazilianpress.com\/v1\/wp-content\/uploads\/2015\/03\/rejes-ed1723-20150319-6.jpg\" alt=\"rejes ed1723 20150319 (6)\" width=\"350\" height=\"467\" srcset=\"https:\/\/www.brazilianpress.com\/v1\/wp-content\/uploads\/2015\/03\/rejes-ed1723-20150319-6.jpg 480w, https:\/\/www.brazilianpress.com\/v1\/wp-content\/uploads\/2015\/03\/rejes-ed1723-20150319-6-225x300.jpg 225w\" sizes=\"(max-width: 350px) 100vw, 350px\" \/><br \/>\n<strong><em>Visitando a cidade do poder Bras\u00edlia , a bela Rose Melo , a valadarense ficou encantada com a cidade seus pr\u00e9dios e arquitetura da cidade .<\/em><\/strong><\/p>\n<p><img loading=\"lazy\" class=\"alignnone size-full wp-image-13005\" src=\"http:\/\/www.brazilianpress.com\/v1\/wp-content\/uploads\/2015\/03\/rejes-ed1723-20150319-5.jpg\" alt=\"rejes ed1723 20150319 (5)\" width=\"500\" height=\"333\" srcset=\"https:\/\/www.brazilianpress.com\/v1\/wp-content\/uploads\/2015\/03\/rejes-ed1723-20150319-5.jpg 500w, https:\/\/www.brazilianpress.com\/v1\/wp-content\/uploads\/2015\/03\/rejes-ed1723-20150319-5-300x200.jpg 300w\" sizes=\"(max-width: 500px) 100vw, 500px\" \/><br \/>\n<strong><em>Claudio Martins e Reinaldo Neves, em close especial para a coluna , a dupla organiza o Gv Folia , que este ano completa 20 anos , e traz a musa do Axe music, Ivete Sangallo , sucesso garantido vale lembrar que os abad\u00e1s e camarotes j\u00e1 est\u00e3o \u00e0 venda , alguns quase esgotando , que venha 01 e 02 de maio.<\/em><\/strong><!--more--><\/p>\n<p><strong><em><img loading=\"lazy\" class=\"alignnone size-full wp-image-13003\" src=\"http:\/\/www.brazilianpress.com\/v1\/wp-content\/uploads\/2015\/03\/rejes-ed1723-20150319-3.jpg\" alt=\"rejes ed1723 20150319 (3)\" width=\"350\" height=\"467\" srcset=\"https:\/\/www.brazilianpress.com\/v1\/wp-content\/uploads\/2015\/03\/rejes-ed1723-20150319-3.jpg 350w, https:\/\/www.brazilianpress.com\/v1\/wp-content\/uploads\/2015\/03\/rejes-ed1723-20150319-3-225x300.jpg 225w\" sizes=\"(max-width: 350px) 100vw, 350px\" \/><br \/>\nA bela Poly Carvalho , \u00e9 sempre presen\u00e7a constante na noite valadarense , a blond faz sucesso por onde passa .<\/em><\/strong><\/p>\n<p><img loading=\"lazy\" class=\"alignnone size-full wp-image-13002\" src=\"http:\/\/www.brazilianpress.com\/v1\/wp-content\/uploads\/2015\/03\/rejes-ed1723-20150319-2.jpg\" alt=\"rejes ed1723 20150319 (2)\" width=\"350\" height=\"467\" srcset=\"https:\/\/www.brazilianpress.com\/v1\/wp-content\/uploads\/2015\/03\/rejes-ed1723-20150319-2.jpg 350w, https:\/\/www.brazilianpress.com\/v1\/wp-content\/uploads\/2015\/03\/rejes-ed1723-20150319-2-225x300.jpg 225w\" sizes=\"(max-width: 350px) 100vw, 350px\" \/><br \/>\n<strong><em>Em visita ao prefeito de Joaima MG , Donizeti Lemos , em tempo vale lembrar que a cidade estar\u00e1 em festa neste fim de semana com encontro de criadores do Manga-larga machador , que tem total apoio da prefeitura .<\/em><\/strong><\/p>\n<p><strong><em><img loading=\"lazy\" class=\"alignnone size-full wp-image-13001\" src=\"http:\/\/www.brazilianpress.com\/v1\/wp-content\/uploads\/2015\/03\/rejes-ed1723-20150319-1.jpg\" alt=\"rejes ed1723 20150319 (1)\" width=\"356\" height=\"557\" srcset=\"https:\/\/www.brazilianpress.com\/v1\/wp-content\/uploads\/2015\/03\/rejes-ed1723-20150319-1.jpg 356w, https:\/\/www.brazilianpress.com\/v1\/wp-content\/uploads\/2015\/03\/rejes-ed1723-20150319-1-192x300.jpg 192w\" sizes=\"(max-width: 356px) 100vw, 356px\" \/><br \/>\nTalentoso, carism\u00e1tico, rom\u00e2ntico s\u00e3o algumas das in\u00fameras caracterist\u00edcas que definen o cantor M\u00e1rcio Robert nascido em Governador Valadares &#8211; MG, vem conquistando cada vez mais espa\u00e7o no cen\u00e1rio da m\u00fasica sertaneja.<\/em><\/strong><\/p>\n<p><strong><em><img loading=\"lazy\" class=\"alignnone size-full wp-image-13004\" src=\"http:\/\/www.brazilianpress.com\/v1\/wp-content\/uploads\/2015\/03\/rejes-ed1723-20150319-4.jpg\" alt=\"rejes ed1723 20150319 (4)\" width=\"350\" height=\"467\" srcset=\"https:\/\/www.brazilianpress.com\/v1\/wp-content\/uploads\/2015\/03\/rejes-ed1723-20150319-4.jpg 350w, https:\/\/www.brazilianpress.com\/v1\/wp-content\/uploads\/2015\/03\/rejes-ed1723-20150319-4-225x300.jpg 225w\" sizes=\"(max-width: 350px) 100vw, 350px\" \/><br \/>\nDario Carlos , vem fazendo a cabe\u00e7a de homens e mulheres na cidade e regi\u00e3o , ele \u00e9 o mais requisitado entre as beldades e socialites , o cabeleireiro se atualiza sempre e traz os cortes mais atuais que est\u00e3o em evid\u00eancia nas grandes capitais e no mundo !! Profissional de primeira , por isso a agenda sempre lotada .<\/em><\/strong><\/p>\n","protected":false},"excerpt":{"rendered":"<p>Visitando a cidade do poder Bras\u00edlia , a bela Rose Melo , a valadarense ficou encantada com a cidade seus pr\u00e9dios e arquitetura da cidade . Claudio Martins e Reinaldo Neves, em close especial para a coluna , a dupla organiza o Gv Folia , que este ano completa 20 anos , e traz a musa do Axe music, Ivete Sangallo , sucesso garantido vale lembrar que os abad\u00e1s e camarotes j\u00e1 est\u00e3o \u00e0 venda , alguns quase esgotando , que venha 01 e 02 de maio.<\/p>\n","protected":false},"author":1,"featured_media":13005,"comment_status":"open","ping_status":"open","sticky":false,"template":"","format":"standard","meta":{"_links_to":"","_links_to_target":""},"categories":[4,19,1],"tags":[],"views":2661,"_links":{"self":[{"href":"https:\/\/www.brazilianpress.com\/v1\/wp-json\/wp\/v2\/posts\/13000"}],"collection":[{"href":"https:\/\/www.brazilianpress.com\/v1\/wp-json\/wp\/v2\/posts"}],"about":[{"href":"https:\/\/www.brazilianpress.com\/v1\/wp-json\/wp\/v2\/types\/post"}],"author":[{"embeddable":true,"href":"https:\/\/www.brazilianpress.com\/v1\/wp-json\/wp\/v2\/users\/1"}],"replies":[{"embeddable":true,"href":"https:\/\/www.brazilianpress.com\/v1\/wp-json\/wp\/v2\/comments?post=13000"}],"version-history":[{"count":1,"href":"https:\/\/www.brazilianpress.com\/v1\/wp-json\/wp\/v2\/posts\/13000\/revisions"}],"predecessor-version":[{"id":13007,"href":"https:\/\/www.brazilianpress.com\/v1\/wp-json\/wp\/v2\/posts\/13000\/revisions\/13007"}],"wp:featuredmedia":[{"embeddable":true,"href":"https:\/\/www.brazilianpress.com\/v1\/wp-json\/wp\/v2\/media\/13005"}],"wp:attachment":[{"href":"https:\/\/www.brazilianpress.com\/v1\/wp-json\/wp\/v2\/media?parent=13000"}],"wp:term":[{"taxonomy":"category","embeddable":true,"href":"https:\/\/www.brazilianpress.com\/v1\/wp-json\/wp\/v2\/categories?post=13000"},{"taxonomy":"post_tag","embeddable":true,"href":"https:\/\/www.brazilianpress.com\/v1\/wp-json\/wp\/v2\/tags?post=13000"}],"curies":[{"name":"wp","href":"https:\/\/api.w.org\/{rel}","templated":true}]}}