{"id":1311,"date":"2013-06-27T09:14:22","date_gmt":"2013-06-27T13:14:22","guid":{"rendered":"http:\/\/www.brazilianpress.com\/v1\/?p=1311"},"modified":"2013-06-27T09:14:22","modified_gmt":"2013-06-27T13:14:22","slug":"fato-policial-by-roger-costa-27062013","status":"publish","type":"post","link":"https:\/\/www.brazilianpress.com\/v1\/2013\/06\/27\/fato-policial-by-roger-costa-27062013\/","title":{"rendered":"Fato Policial by Roger Costa . 27\/06\/2013"},"content":{"rendered":"<p><img loading=\"lazy\" class=\"alignright size-full wp-image-311\" alt=\"fato_policia\" src=\"http:\/\/www.brazilianpress.com\/v1\/wp-content\/uploads\/2013\/05\/fato_policia.jpg\" width=\"300\" height=\"226\" \/>\u2022\u2022\u2022 Em Paterson dois homens conseguiram assaltar um jovem de 21 anos, residente em Clifton, disfar\u00e7ados de policiais na noite se segunda passada. Os assaltantes se aproximaram da v\u00edtima, fingindo carregar o crach\u00e1 de identifica\u00e7\u00e3o, interrogando-o se ele estava na \u00e1rea para comprar drogas. Ent\u00e3o o rederam fazendo com que colocasse as m\u00e3os contra uma parede e ent\u00e3o tomaram a sua carteira e o celular, fugindo do local. O incidente aconteceu por volta das 10h00pm pr\u00f3ximo ao 175 Broadway.<!--more--><\/p>\n<p>\u2022\u2022\u2022Em Linden, um homem de Rahway, amea\u00e7ou a passageira que estava em seu ve\u00edculo de mat\u00e1-la, acionando o freio de emerg\u00eancia e chocando o carro contra um pr\u00e9dio. Juan Carlos Huertas-Ramirez, 45 anos, foi preso e encara incrimina\u00e7\u00f5es de agress\u00e3o ao volante, DWI, fugir do local do acidente e m\u00e1 conduta no tr\u00e2nsito, de acordo com o Capit\u00e3o da Pol\u00edcia de Linden, James Sarnicki. Policiais chegaram ao local do crime por volta da 1 da manh\u00e3 de domingo, na W. St. Georges Avenue, onde descobriram que um ve\u00edculo havia colidido com as instala\u00e7\u00f5es do Salvation Army. Minutos depois, encontraram o Nissan Altima 2006 estacionado na N. Stiles Street, onde encontraram tamb\u00e9m o acusado e a v\u00edtima, uma mulher de 38 anos. Ela contou \u00e0 pol\u00edcia, que eles estavam em um bar, e no caminho de volta come\u00e7aram a discutir, quando ele a amea\u00e7ou de morte e perdeu o controle, chocando o carro. Huertas-Ramirez sofreu ferimentos nas pernas e no pesco\u00e7o e foi encaminhado para tratamento no Robert Wood University Hospital. A mulher sofreu apenas arranh\u00f5es, e recusou aux\u00edlio m\u00e9dico. Ele deve aparecer em corte esta semana para responder pelas acusa\u00e7\u00f5es.<\/p>\n<p>\u2022\u2022\u2022Autoridades em Jersey City acreditam que um ve\u00edculo da marca Chevy Impala, estacionado na Woodlawn Avenue pr\u00f3ximo a Corcoran Street na manh\u00e3 de domingo, foi incendiado propositalmente por v\u00e2ndalos. Uma mulher que vive nas redondezas disse \u00e0 pol\u00edcia que o ve\u00edculo era de propriedade de seu filho, e que estava assustada com v\u00e1rios homens batendo \u00e0 sua porta horas antes do incidente. Ela disse que flagrou esses homens ao redor do ve\u00edculo antes do inc\u00eandio. Qualquer pessoa com informa\u00e7\u00e3o sobre este caso contate (201)547-JAIL. Informa\u00e7\u00f5es ser\u00e3o mantidas em s\u00edgilo.<\/p>\n","protected":false},"excerpt":{"rendered":"<p>\u2022\u2022\u2022 Em Paterson dois homens conseguiram assaltar um jovem de 21 anos, residente em Clifton, disfar\u00e7ados de policiais na noite se segunda passada. Os assaltantes se aproximaram da v\u00edtima, fingindo carregar o crach\u00e1 de identifica\u00e7\u00e3o, interrogando-o se ele estava na \u00e1rea para comprar drogas. Ent\u00e3o o rederam fazendo com que colocasse as m\u00e3os contra uma parede e ent\u00e3o tomaram a sua carteira e o celular, fugindo do local. O incidente aconteceu por volta das 10h00pm pr\u00f3ximo ao 175 Broadway.<\/p>\n","protected":false},"author":1,"featured_media":311,"comment_status":"open","ping_status":"open","sticky":false,"template":"","format":"standard","meta":{"_links_to":"","_links_to_target":""},"categories":[5,18,1],"tags":[],"views":2424,"_links":{"self":[{"href":"https:\/\/www.brazilianpress.com\/v1\/wp-json\/wp\/v2\/posts\/1311"}],"collection":[{"href":"https:\/\/www.brazilianpress.com\/v1\/wp-json\/wp\/v2\/posts"}],"about":[{"href":"https:\/\/www.brazilianpress.com\/v1\/wp-json\/wp\/v2\/types\/post"}],"author":[{"embeddable":true,"href":"https:\/\/www.brazilianpress.com\/v1\/wp-json\/wp\/v2\/users\/1"}],"replies":[{"embeddable":true,"href":"https:\/\/www.brazilianpress.com\/v1\/wp-json\/wp\/v2\/comments?post=1311"}],"version-history":[{"count":2,"href":"https:\/\/www.brazilianpress.com\/v1\/wp-json\/wp\/v2\/posts\/1311\/revisions"}],"predecessor-version":[{"id":1314,"href":"https:\/\/www.brazilianpress.com\/v1\/wp-json\/wp\/v2\/posts\/1311\/revisions\/1314"}],"wp:featuredmedia":[{"embeddable":true,"href":"https:\/\/www.brazilianpress.com\/v1\/wp-json\/wp\/v2\/media\/311"}],"wp:attachment":[{"href":"https:\/\/www.brazilianpress.com\/v1\/wp-json\/wp\/v2\/media?parent=1311"}],"wp:term":[{"taxonomy":"category","embeddable":true,"href":"https:\/\/www.brazilianpress.com\/v1\/wp-json\/wp\/v2\/categories?post=1311"},{"taxonomy":"post_tag","embeddable":true,"href":"https:\/\/www.brazilianpress.com\/v1\/wp-json\/wp\/v2\/tags?post=1311"}],"curies":[{"name":"wp","href":"https:\/\/api.w.org\/{rel}","templated":true}]}}