{"id":13110,"date":"2015-03-26T15:19:32","date_gmt":"2015-03-26T19:19:32","guid":{"rendered":"http:\/\/www.brazilianpress.com\/v1\/?p=13110"},"modified":"2015-04-23T10:45:13","modified_gmt":"2015-04-23T14:45:13","slug":"fatos-fotos-by-rejes-salomao-26032015","status":"publish","type":"post","link":"https:\/\/www.brazilianpress.com\/v1\/2015\/03\/26\/fatos-fotos-by-rejes-salomao-26032015\/","title":{"rendered":"Fatos &#038; Fotos, by Rejes Salom\u00e3o . 26\/03\/2015"},"content":{"rendered":"<p><img src=\"http:\/\/www.brazilianpress.com\/v1\/wp-content\/uploads\/2014\/12\/fatos-fotos-rejes-salomao.jpg\" alt=\"fatos fotos rejes salomao\" \/><\/p>\n<p><img loading=\"lazy\" class=\"alignnone size-full wp-image-13115\" src=\"http:\/\/www.brazilianpress.com\/v1\/wp-content\/uploads\/2015\/03\/rejes-ed1724-20150326-5.jpg\" alt=\"rejes ed1724 20150326 (5)\" width=\"400\" height=\"403\" srcset=\"https:\/\/www.brazilianpress.com\/v1\/wp-content\/uploads\/2015\/03\/rejes-ed1724-20150326-5.jpg 400w, https:\/\/www.brazilianpress.com\/v1\/wp-content\/uploads\/2015\/03\/rejes-ed1724-20150326-5-150x150.jpg 150w, https:\/\/www.brazilianpress.com\/v1\/wp-content\/uploads\/2015\/03\/rejes-ed1724-20150326-5-298x300.jpg 298w\" sizes=\"(max-width: 400px) 100vw, 400px\" \/><br \/>\n<strong><em>Em visita ao empres\u00e1rio das preciosas, Tonny Diniz me confidenciou que o mercado de min\u00e9rios est\u00e1 em alta, em fun\u00e7\u00e3o do aumento do d\u00f3lar que passou da casa dos tr\u00eas reais. Al\u00e9m das pedras, Tonny tamb\u00e9m atua na \u00e1rea de c\u00e2mbio de moedas capitaneado pela Brazuca C\u00e2mbio e Remessas .<\/em><\/strong><\/p>\n<p><img loading=\"lazy\" class=\"alignnone size-full wp-image-13111\" src=\"http:\/\/www.brazilianpress.com\/v1\/wp-content\/uploads\/2015\/03\/rejes-ed1724-20150326-1.jpg\" alt=\"rejes ed1724 20150326 (1)\" width=\"450\" height=\"350\" srcset=\"https:\/\/www.brazilianpress.com\/v1\/wp-content\/uploads\/2015\/03\/rejes-ed1724-20150326-1.jpg 450w, https:\/\/www.brazilianpress.com\/v1\/wp-content\/uploads\/2015\/03\/rejes-ed1724-20150326-1-300x233.jpg 300w\" sizes=\"(max-width: 450px) 100vw, 450px\" \/><br \/>\n<strong><em>Em click especial para esta coluna, o irreverente \u00cdndio Jr. que comanda o \u00cdndios Bar h\u00e1 mais de duas d\u00e9cadas na noite s\u00e3o quase quarenta anos. \u00edndio sempre atencioso e receptivo na sua casa .<\/em><\/strong><!--more--><\/p>\n<p><img loading=\"lazy\" class=\"alignnone size-full wp-image-13112\" src=\"http:\/\/www.brazilianpress.com\/v1\/wp-content\/uploads\/2015\/03\/rejes-ed1724-20150326-2.jpg\" alt=\"rejes ed1724 20150326 (2)\" width=\"350\" height=\"468\" srcset=\"https:\/\/www.brazilianpress.com\/v1\/wp-content\/uploads\/2015\/03\/rejes-ed1724-20150326-2.jpg 350w, https:\/\/www.brazilianpress.com\/v1\/wp-content\/uploads\/2015\/03\/rejes-ed1724-20150326-2-224x300.jpg 224w\" sizes=\"(max-width: 350px) 100vw, 350px\" \/><br \/>\n<strong><em>Evandro e Luana Vilela, pai e filha, presen\u00e7a sempre constante nas festas da cidade de Joa\u00edma, que diga de passagem \u00e9 a cidade que mais se destaca em eventos na regi\u00e3o do vale do Jequitinhonha.<\/em><\/strong><\/p>\n<p><img loading=\"lazy\" class=\"alignnone size-full wp-image-13113\" src=\"http:\/\/www.brazilianpress.com\/v1\/wp-content\/uploads\/2015\/03\/rejes-ed1724-20150326-3.jpg\" alt=\"rejes ed1724 20150326 (3)\" width=\"300\" height=\"574\" srcset=\"https:\/\/www.brazilianpress.com\/v1\/wp-content\/uploads\/2015\/03\/rejes-ed1724-20150326-3.jpg 300w, https:\/\/www.brazilianpress.com\/v1\/wp-content\/uploads\/2015\/03\/rejes-ed1724-20150326-3-157x300.jpg 157w\" sizes=\"(max-width: 300px) 100vw, 300px\" \/><br \/>\n<strong><em>Marquiane Gomes a bela ipatinguense que atualmente trabalha com moda no shopping do Vale.<\/em><\/strong><\/p>\n<p><img loading=\"lazy\" class=\"alignnone size-full wp-image-13114\" src=\"http:\/\/www.brazilianpress.com\/v1\/wp-content\/uploads\/2015\/03\/rejes-ed1724-20150326-4.jpg\" alt=\"rejes ed1724 20150326 (4)\" width=\"300\" height=\"451\" srcset=\"https:\/\/www.brazilianpress.com\/v1\/wp-content\/uploads\/2015\/03\/rejes-ed1724-20150326-4.jpg 300w, https:\/\/www.brazilianpress.com\/v1\/wp-content\/uploads\/2015\/03\/rejes-ed1724-20150326-4-200x300.jpg 200w\" sizes=\"(max-width: 300px) 100vw, 300px\" \/><br \/>\n<strong><em>A bela Juliana Vilas Novas, bacharel em direito, atualmente cursa Psicologia em Valadares. Ela \u00e9 da cidade de Fernandes Tourinho no Vale do Rio Doce .<\/em><\/strong><\/p>\n","protected":false},"excerpt":{"rendered":"<p>Em visita ao empres\u00e1rio das preciosas, Tonny Diniz me confidenciou que o mercado de min\u00e9rios est\u00e1 em alta, em fun\u00e7\u00e3o do aumento do d\u00f3lar que passou da casa dos tr\u00eas reais. Al\u00e9m das pedras, Tonny tamb\u00e9m atua na \u00e1rea de c\u00e2mbio de moedas capitaneado pela Brazuca C\u00e2mbio e Remessas . Em click especial para esta coluna, o irreverente \u00cdndio Jr. que comanda o \u00cdndios Bar h\u00e1 mais de duas d\u00e9cadas na noite s\u00e3o quase quarenta anos. \u00edndio sempre atencioso e receptivo na sua casa .<\/p>\n","protected":false},"author":1,"featured_media":13115,"comment_status":"open","ping_status":"open","sticky":false,"template":"","format":"standard","meta":{"_links_to":"","_links_to_target":""},"categories":[4,19,1],"tags":[],"views":2543,"_links":{"self":[{"href":"https:\/\/www.brazilianpress.com\/v1\/wp-json\/wp\/v2\/posts\/13110"}],"collection":[{"href":"https:\/\/www.brazilianpress.com\/v1\/wp-json\/wp\/v2\/posts"}],"about":[{"href":"https:\/\/www.brazilianpress.com\/v1\/wp-json\/wp\/v2\/types\/post"}],"author":[{"embeddable":true,"href":"https:\/\/www.brazilianpress.com\/v1\/wp-json\/wp\/v2\/users\/1"}],"replies":[{"embeddable":true,"href":"https:\/\/www.brazilianpress.com\/v1\/wp-json\/wp\/v2\/comments?post=13110"}],"version-history":[{"count":1,"href":"https:\/\/www.brazilianpress.com\/v1\/wp-json\/wp\/v2\/posts\/13110\/revisions"}],"predecessor-version":[{"id":13116,"href":"https:\/\/www.brazilianpress.com\/v1\/wp-json\/wp\/v2\/posts\/13110\/revisions\/13116"}],"wp:featuredmedia":[{"embeddable":true,"href":"https:\/\/www.brazilianpress.com\/v1\/wp-json\/wp\/v2\/media\/13115"}],"wp:attachment":[{"href":"https:\/\/www.brazilianpress.com\/v1\/wp-json\/wp\/v2\/media?parent=13110"}],"wp:term":[{"taxonomy":"category","embeddable":true,"href":"https:\/\/www.brazilianpress.com\/v1\/wp-json\/wp\/v2\/categories?post=13110"},{"taxonomy":"post_tag","embeddable":true,"href":"https:\/\/www.brazilianpress.com\/v1\/wp-json\/wp\/v2\/tags?post=13110"}],"curies":[{"name":"wp","href":"https:\/\/api.w.org\/{rel}","templated":true}]}}