{"id":13248,"date":"2015-04-02T04:20:35","date_gmt":"2015-04-02T08:20:35","guid":{"rendered":"http:\/\/www.brazilianpress.com\/v1\/?p=13248"},"modified":"2015-04-23T10:45:12","modified_gmt":"2015-04-23T14:45:12","slug":"fatos-fotos-by-rejes-salomao-02042015","status":"publish","type":"post","link":"https:\/\/www.brazilianpress.com\/v1\/2015\/04\/02\/fatos-fotos-by-rejes-salomao-02042015\/","title":{"rendered":"Fatos &#038; Fotos, by Rejes Salom\u00e3o . 02\/04\/2015"},"content":{"rendered":"<p><img src=\"http:\/\/www.brazilianpress.com\/v1\/wp-content\/uploads\/2014\/12\/fatos-fotos-rejes-salomao.jpg\" alt=\"fatos fotos rejes salomao\" \/><\/p>\n<p><strong><em><img loading=\"lazy\" class=\"alignnone size-full wp-image-13251\" src=\"http:\/\/www.brazilianpress.com\/v1\/wp-content\/uploads\/2015\/04\/rejes-ed1725-20150402-3.jpg\" alt=\"rejes ed1725 20150402 (3)\" width=\"400\" height=\"533\" srcset=\"https:\/\/www.brazilianpress.com\/v1\/wp-content\/uploads\/2015\/04\/rejes-ed1725-20150402-3.jpg 400w, https:\/\/www.brazilianpress.com\/v1\/wp-content\/uploads\/2015\/04\/rejes-ed1725-20150402-3-225x300.jpg 225w\" sizes=\"(max-width: 400px) 100vw, 400px\" \/><br \/>\nA bela Poly Carvalho \u00e9 sempre presen\u00e7a constante na noite valadarense , a blond faz sucesso por onde passa.<\/em><\/strong><\/p>\n<p><strong><em><img loading=\"lazy\" class=\"alignnone size-full wp-image-13252\" src=\"http:\/\/www.brazilianpress.com\/v1\/wp-content\/uploads\/2015\/04\/rejes-ed1725-20150402-4.jpg\" alt=\"rejes ed1725 20150402 (4)\" width=\"450\" height=\"337\" srcset=\"https:\/\/www.brazilianpress.com\/v1\/wp-content\/uploads\/2015\/04\/rejes-ed1725-20150402-4.jpg 450w, https:\/\/www.brazilianpress.com\/v1\/wp-content\/uploads\/2015\/04\/rejes-ed1725-20150402-4-300x225.jpg 300w\" sizes=\"(max-width: 450px) 100vw, 450px\" \/><br \/>\nMarcos Fraga e Ilton Batista afivelando as malas !! Embarcam dia 12 pr\u00f3ximo para temporada na Am\u00e9rica no roteiro Nova York, Boston e Canad\u00e1.<\/em><\/strong><\/p>\n<p><strong><em><img loading=\"lazy\" class=\"alignnone size-full wp-image-13253\" src=\"http:\/\/www.brazilianpress.com\/v1\/wp-content\/uploads\/2015\/04\/rejes-ed1725-20150402-5.jpg\" alt=\"rejes ed1725 20150402 (5)\" width=\"400\" height=\"459\" srcset=\"https:\/\/www.brazilianpress.com\/v1\/wp-content\/uploads\/2015\/04\/rejes-ed1725-20150402-5.jpg 400w, https:\/\/www.brazilianpress.com\/v1\/wp-content\/uploads\/2015\/04\/rejes-ed1725-20150402-5-261x300.jpg 261w\" sizes=\"(max-width: 400px) 100vw, 400px\" \/><br \/>\nDaniela Lamounier e Luciano Diniz, em close especial o casal, reside atualmente na capital mineira e \u00e9 presen\u00e7a constante nos sal\u00f5es dos grandes eventos em Belo Horizonte.\u00a0<!--more--><\/em><\/strong><\/p>\n<p><strong><em><img loading=\"lazy\" class=\"alignnone size-full wp-image-13254\" src=\"http:\/\/www.brazilianpress.com\/v1\/wp-content\/uploads\/2015\/04\/rejes-ed1725-20150402-6.jpg\" alt=\"rejes ed1725 20150402 (6)\" width=\"400\" height=\"533\" srcset=\"https:\/\/www.brazilianpress.com\/v1\/wp-content\/uploads\/2015\/04\/rejes-ed1725-20150402-6.jpg 400w, https:\/\/www.brazilianpress.com\/v1\/wp-content\/uploads\/2015\/04\/rejes-ed1725-20150402-6-225x300.jpg 225w\" sizes=\"(max-width: 400px) 100vw, 400px\" \/><br \/>\nJane Mour\u00e3o, Lana Ventura, diretora e vice do Clovis Salgado respectivamente, atuantes na \u00e1rea da educa\u00e7\u00e3o, vale lembrar que.a institui\u00e7\u00e3o \u00a0completa meio s\u00e9culo de atua\u00e7\u00e3o na cidade.<\/em><\/strong><\/p>\n<p><strong><em><img loading=\"lazy\" class=\"alignnone size-full wp-image-13255\" src=\"http:\/\/www.brazilianpress.com\/v1\/wp-content\/uploads\/2015\/04\/rejes-ed1725-20150402-7.jpg\" alt=\"rejes ed1725 20150402 (7)\" width=\"400\" height=\"599\" srcset=\"https:\/\/www.brazilianpress.com\/v1\/wp-content\/uploads\/2015\/04\/rejes-ed1725-20150402-7.jpg 400w, https:\/\/www.brazilianpress.com\/v1\/wp-content\/uploads\/2015\/04\/rejes-ed1725-20150402-7-200x300.jpg 200w\" sizes=\"(max-width: 400px) 100vw, 400px\" \/><br \/>\nAnt\u00f4nio M\u00e1rio executivo da TV Leste Record e Marcelo Santos , em noite de festa e homenagem<br \/>\n<\/em><\/strong><\/p>\n<p><strong><em><img loading=\"lazy\" class=\"alignnone size-full wp-image-13249\" src=\"http:\/\/www.brazilianpress.com\/v1\/wp-content\/uploads\/2015\/04\/rejes-ed1725-20150402-1.jpg\" alt=\"rejes ed1725 20150402 (1)\" width=\"450\" height=\"300\" srcset=\"https:\/\/www.brazilianpress.com\/v1\/wp-content\/uploads\/2015\/04\/rejes-ed1725-20150402-1.jpg 450w, https:\/\/www.brazilianpress.com\/v1\/wp-content\/uploads\/2015\/04\/rejes-ed1725-20150402-1-300x200.jpg 300w\" sizes=\"(max-width: 450px) 100vw, 450px\" \/><br \/>\nA bem nascida \u00a0Rhianna Miranda, a bela \u00e9 uma das mais solicitadas para cat\u00e1logos de moda na regi\u00e3o. Beleza e charme ela tem de sobra.<\/em><\/strong><\/p>\n<p><strong><em><img loading=\"lazy\" class=\"alignnone size-full wp-image-13250\" src=\"http:\/\/www.brazilianpress.com\/v1\/wp-content\/uploads\/2015\/04\/rejes-ed1725-20150402-2.jpg\" alt=\"rejes ed1725 20150402 (2)\" width=\"450\" height=\"326\" srcset=\"https:\/\/www.brazilianpress.com\/v1\/wp-content\/uploads\/2015\/04\/rejes-ed1725-20150402-2.jpg 450w, https:\/\/www.brazilianpress.com\/v1\/wp-content\/uploads\/2015\/04\/rejes-ed1725-20150402-2-300x217.jpg 300w\" sizes=\"(max-width: 450px) 100vw, 450px\" \/><br \/>\nRicardo Bragato com seus filhos Pedro e Vitor. Bragato \u00e9 um dos empres\u00e1rios mais conceituados do Leste mineiro.<\/em><\/strong><\/p>\n","protected":false},"excerpt":{"rendered":"<p>A bela Poly Carvalho \u00e9 sempre presen\u00e7a constante na noite valadarense , a blond faz sucesso por onde passa. Marcos Fraga e Ilton Batista afivelando as malas !! Embarcam dia 12 pr\u00f3ximo para temporada na Am\u00e9rica no roteiro Nova York, Boston e Canad\u00e1. Daniela Lamounier e Luciano Diniz, em close especial o casal, reside atualmente na capital mineira e \u00e9 presen\u00e7a constante nos sal\u00f5es dos grandes eventos em Belo Horizonte.\u00a0<\/p>\n","protected":false},"author":1,"featured_media":13249,"comment_status":"open","ping_status":"open","sticky":false,"template":"","format":"standard","meta":{"_links_to":"","_links_to_target":""},"categories":[4,19,1],"tags":[],"views":3252,"_links":{"self":[{"href":"https:\/\/www.brazilianpress.com\/v1\/wp-json\/wp\/v2\/posts\/13248"}],"collection":[{"href":"https:\/\/www.brazilianpress.com\/v1\/wp-json\/wp\/v2\/posts"}],"about":[{"href":"https:\/\/www.brazilianpress.com\/v1\/wp-json\/wp\/v2\/types\/post"}],"author":[{"embeddable":true,"href":"https:\/\/www.brazilianpress.com\/v1\/wp-json\/wp\/v2\/users\/1"}],"replies":[{"embeddable":true,"href":"https:\/\/www.brazilianpress.com\/v1\/wp-json\/wp\/v2\/comments?post=13248"}],"version-history":[{"count":1,"href":"https:\/\/www.brazilianpress.com\/v1\/wp-json\/wp\/v2\/posts\/13248\/revisions"}],"predecessor-version":[{"id":13256,"href":"https:\/\/www.brazilianpress.com\/v1\/wp-json\/wp\/v2\/posts\/13248\/revisions\/13256"}],"wp:featuredmedia":[{"embeddable":true,"href":"https:\/\/www.brazilianpress.com\/v1\/wp-json\/wp\/v2\/media\/13249"}],"wp:attachment":[{"href":"https:\/\/www.brazilianpress.com\/v1\/wp-json\/wp\/v2\/media?parent=13248"}],"wp:term":[{"taxonomy":"category","embeddable":true,"href":"https:\/\/www.brazilianpress.com\/v1\/wp-json\/wp\/v2\/categories?post=13248"},{"taxonomy":"post_tag","embeddable":true,"href":"https:\/\/www.brazilianpress.com\/v1\/wp-json\/wp\/v2\/tags?post=13248"}],"curies":[{"name":"wp","href":"https:\/\/api.w.org\/{rel}","templated":true}]}}