{"id":13268,"date":"2015-04-02T04:30:11","date_gmt":"2015-04-02T08:30:11","guid":{"rendered":"http:\/\/www.brazilianpress.com\/v1\/?p=13268"},"modified":"2015-04-02T04:30:11","modified_gmt":"2015-04-02T08:30:11","slug":"pascoa-tempo-do-novo-tempo-da-luz-das-possibilidades","status":"publish","type":"post","link":"https:\/\/www.brazilianpress.com\/v1\/2015\/04\/02\/pascoa-tempo-do-novo-tempo-da-luz-das-possibilidades\/","title":{"rendered":"P\u00e1scoa: Tempo do novo, tempo da luz das possibilidades"},"content":{"rendered":"<p><img loading=\"lazy\" class=\"alignnone size-full wp-image-13269\" src=\"http:\/\/www.brazilianpress.com\/v1\/wp-content\/uploads\/2015\/04\/pascoa-2015-jesus-cristo.jpg\" alt=\"pascoa 2015 jesus cristo\" width=\"500\" height=\"315\" srcset=\"https:\/\/www.brazilianpress.com\/v1\/wp-content\/uploads\/2015\/04\/pascoa-2015-jesus-cristo.jpg 500w, https:\/\/www.brazilianpress.com\/v1\/wp-content\/uploads\/2015\/04\/pascoa-2015-jesus-cristo-300x189.jpg 300w\" sizes=\"(max-width: 500px) 100vw, 500px\" \/><\/p>\n<p><em><strong>Ir. Elis Machado, OSF<\/strong><\/em><\/p>\n<p>Quando o Abril desponta, a primeira coisa que nos vem em mente \u00e9 de que a P\u00e1scoa se aproxima. Contudo, poucas vezes, nos damos conta do real sentido desta Celebra\u00e7\u00e3o t\u00e3o antiga e t\u00e3o inovadora. De fato, ela \u00e9 em si celebra\u00e7\u00e3o do Novo. Tempo de vida que rompe com a escurid\u00e3o da morte e da espa\u00e7o \u00e0 Luz que indica possibilidades, esperan\u00e7a.<!--more--><\/p>\n<p>P\u00e1scoa se bem entendermos, os que refletem, nada tem haver com o com\u00e9rcio de chocolates ou coelhinhos saltitantes. P\u00e1scoa \u00e9 tempo de possibilidades. Desde o Juda\u00edsmo com a passagem para a liberdade ao Cristianismo com a passagem para uma Vida Nova. Lindos sentidos: liberdade e Vida Nova. Um convite especial para pensarmos, neste tempo de hoje onde nos permitimos aprisionar com nossas inquieta\u00e7\u00f5es, desejos e frusta\u00e7\u00f5es nos deixando incapazes de contemplar as possibilidades de uma Vida Nova, desapegada de tudo que entristece, diminui e envelhece nosso ser.<\/p>\n<p>Os judeus tiveram medo diante do mar que teriam de atravessar, mas o enfrentaram, e encontraram a Liberdade. Mulheres chorosas foram ao t\u00famulo para ungir um Homem Santo que muito amou. Elas o encontraram vazio, escuro. Tremeram de medo, mas entraram na escurid\u00e3o e enfrentaram o vazio, foram surpreendidas por uma Luz que mudou suas vidas.<\/p>\n<p>P\u00e1scoa. O convite permanece por gera\u00e7\u00f5es, poucos a compreendem. Deixemos de nos aprisionar ou termos medo de atravessar os mares da vida. Enfrentemos a escurid\u00e3o e o vazio de t\u00famulos que n\u00f3s mesmos, \u00e0s vezes, criamos. Enxerguemos a Luz. E que esta mesma Luz nos guie, oriente e desafie a novas possibilidades. Aben\u00e7oada P\u00e1scoa. Ir.Elis Machado<\/p>\n","protected":false},"excerpt":{"rendered":"<p>Ir. Elis Machado, OSF Quando o Abril desponta, a primeira coisa que nos vem em mente \u00e9 de que a P\u00e1scoa se aproxima. Contudo, poucas vezes, nos damos conta do real sentido desta Celebra\u00e7\u00e3o t\u00e3o antiga e t\u00e3o inovadora. De fato, ela \u00e9 em si celebra\u00e7\u00e3o do Novo. Tempo de vida que rompe com a escurid\u00e3o da morte e da espa\u00e7o \u00e0 Luz que indica possibilidades, esperan\u00e7a.<\/p>\n","protected":false},"author":1,"featured_media":13269,"comment_status":"open","ping_status":"open","sticky":false,"template":"","format":"standard","meta":{"_links_to":"","_links_to_target":""},"categories":[4,1],"tags":[],"views":1929,"_links":{"self":[{"href":"https:\/\/www.brazilianpress.com\/v1\/wp-json\/wp\/v2\/posts\/13268"}],"collection":[{"href":"https:\/\/www.brazilianpress.com\/v1\/wp-json\/wp\/v2\/posts"}],"about":[{"href":"https:\/\/www.brazilianpress.com\/v1\/wp-json\/wp\/v2\/types\/post"}],"author":[{"embeddable":true,"href":"https:\/\/www.brazilianpress.com\/v1\/wp-json\/wp\/v2\/users\/1"}],"replies":[{"embeddable":true,"href":"https:\/\/www.brazilianpress.com\/v1\/wp-json\/wp\/v2\/comments?post=13268"}],"version-history":[{"count":1,"href":"https:\/\/www.brazilianpress.com\/v1\/wp-json\/wp\/v2\/posts\/13268\/revisions"}],"predecessor-version":[{"id":13270,"href":"https:\/\/www.brazilianpress.com\/v1\/wp-json\/wp\/v2\/posts\/13268\/revisions\/13270"}],"wp:featuredmedia":[{"embeddable":true,"href":"https:\/\/www.brazilianpress.com\/v1\/wp-json\/wp\/v2\/media\/13269"}],"wp:attachment":[{"href":"https:\/\/www.brazilianpress.com\/v1\/wp-json\/wp\/v2\/media?parent=13268"}],"wp:term":[{"taxonomy":"category","embeddable":true,"href":"https:\/\/www.brazilianpress.com\/v1\/wp-json\/wp\/v2\/categories?post=13268"},{"taxonomy":"post_tag","embeddable":true,"href":"https:\/\/www.brazilianpress.com\/v1\/wp-json\/wp\/v2\/tags?post=13268"}],"curies":[{"name":"wp","href":"https:\/\/api.w.org\/{rel}","templated":true}]}}