{"id":13380,"date":"2015-04-09T04:13:52","date_gmt":"2015-04-09T08:13:52","guid":{"rendered":"http:\/\/www.brazilianpress.com\/v1\/?p=13380"},"modified":"2015-04-23T10:45:12","modified_gmt":"2015-04-23T14:45:12","slug":"fatos-fotos-by-rejes-salomao-09042015","status":"publish","type":"post","link":"https:\/\/www.brazilianpress.com\/v1\/2015\/04\/09\/fatos-fotos-by-rejes-salomao-09042015\/","title":{"rendered":"Fatos &#038; Fotos, by Rejes Salom\u00e3o . 09\/04\/2015"},"content":{"rendered":"<p><img src=\"http:\/\/www.brazilianpress.com\/v1\/wp-content\/uploads\/2014\/12\/fatos-fotos-rejes-salomao.jpg\" alt=\"fatos fotos rejes salomao\" \/><\/p>\n<p><strong><em><img loading=\"lazy\" class=\"alignnone size-full wp-image-13381\" src=\"http:\/\/www.brazilianpress.com\/v1\/wp-content\/uploads\/2015\/04\/rejes-ed1726-20150409-1.jpg\" alt=\"rejes ed1726 20150409 (1)\" width=\"500\" height=\"335\" srcset=\"https:\/\/www.brazilianpress.com\/v1\/wp-content\/uploads\/2015\/04\/rejes-ed1726-20150409-1.jpg 500w, https:\/\/www.brazilianpress.com\/v1\/wp-content\/uploads\/2015\/04\/rejes-ed1726-20150409-1-300x201.jpg 300w\" sizes=\"(max-width: 500px) 100vw, 500px\" \/><br \/>\nPrefeito de Mutum Marcal esteve em Valadares e foi recebido pelo Diretor Geral do Grupo Leste de Comunica\u00e7\u00e3o, Edson Gualberto e este colunista.<\/em><\/strong><\/p>\n<p><strong><em><img loading=\"lazy\" class=\"alignnone size-full wp-image-13382\" src=\"http:\/\/www.brazilianpress.com\/v1\/wp-content\/uploads\/2015\/04\/rejes-ed1726-20150409-2.jpg\" alt=\"rejes ed1726 20150409 (2)\" width=\"255\" height=\"424\" srcset=\"https:\/\/www.brazilianpress.com\/v1\/wp-content\/uploads\/2015\/04\/rejes-ed1726-20150409-2.jpg 255w, https:\/\/www.brazilianpress.com\/v1\/wp-content\/uploads\/2015\/04\/rejes-ed1726-20150409-2-180x300.jpg 180w\" sizes=\"(max-width: 255px) 100vw, 255px\" \/><br \/>\nDenival Junior, Meriane Fehlberg com o primog\u00eanito Arthur. Junior administra com compet\u00eancia o Swing Motel em Valadares.<\/em><\/strong><!--more--><\/p>\n<p><strong><em><img loading=\"lazy\" class=\"alignnone size-full wp-image-13383\" src=\"http:\/\/www.brazilianpress.com\/v1\/wp-content\/uploads\/2015\/04\/rejes-ed1726-20150409-3.jpg\" alt=\"rejes ed1726 20150409 (3)\" width=\"290\" height=\"328\" srcset=\"https:\/\/www.brazilianpress.com\/v1\/wp-content\/uploads\/2015\/04\/rejes-ed1726-20150409-3.jpg 290w, https:\/\/www.brazilianpress.com\/v1\/wp-content\/uploads\/2015\/04\/rejes-ed1726-20150409-3-265x300.jpg 265w\" sizes=\"(max-width: 290px) 100vw, 290px\" \/><br \/>\nLocutor de rodeio Edair Casagrande \u00e9 presen\u00e7a constante nos grandes eventos de rodeio em Minas Gerais. Segura pe\u00e3o<\/em><\/strong><\/p>\n<p><strong><em><img loading=\"lazy\" class=\"alignnone size-full wp-image-13384\" src=\"http:\/\/www.brazilianpress.com\/v1\/wp-content\/uploads\/2015\/04\/rejes-ed1726-20150409-4.jpg\" alt=\"rejes ed1726 20150409 (4)\" width=\"240\" height=\"321\" srcset=\"https:\/\/www.brazilianpress.com\/v1\/wp-content\/uploads\/2015\/04\/rejes-ed1726-20150409-4.jpg 240w, https:\/\/www.brazilianpress.com\/v1\/wp-content\/uploads\/2015\/04\/rejes-ed1726-20150409-4-224x300.jpg 224w\" sizes=\"(max-width: 240px) 100vw, 240px\" \/><br \/>\nLeonardo Tristao \u00e9 executivo da Pousada Pedra Azul e nos deu uma aula de conhecimento e hist\u00f3ria da regi\u00e3o, em visita recente fomos muito bem recebidos pelo empres\u00e1rio. Vale lembrar que. a pousada tem a vista mais privilegiada da regi\u00e3o para o deleite dos h\u00f3spedes .<\/em><\/strong><\/p>\n<p><strong><em><img loading=\"lazy\" class=\"alignnone size-full wp-image-13385\" src=\"http:\/\/www.brazilianpress.com\/v1\/wp-content\/uploads\/2015\/04\/rejes-ed1726-20150409-5.jpg\" alt=\"rejes ed1726 20150409 (5)\" width=\"277\" height=\"268\" \/><br \/>\nAnt\u00f4nio M\u00e1rio e sua Carol , curtiram tamb\u00e9m o feriado prolongado na regi\u00e3o serrana, ficaram encantados com o turismo sustent\u00e1vel e a beleza do local .<\/em><\/strong><\/p>\n<p><strong><em><img loading=\"lazy\" class=\"alignnone size-full wp-image-13386\" src=\"http:\/\/www.brazilianpress.com\/v1\/wp-content\/uploads\/2015\/04\/rejes-ed1726-20150409-6.jpg\" alt=\"rejes ed1726 20150409 (6)\" width=\"338\" height=\"224\" srcset=\"https:\/\/www.brazilianpress.com\/v1\/wp-content\/uploads\/2015\/04\/rejes-ed1726-20150409-6.jpg 338w, https:\/\/www.brazilianpress.com\/v1\/wp-content\/uploads\/2015\/04\/rejes-ed1726-20150409-6-300x199.jpg 300w\" sizes=\"(max-width: 338px) 100vw, 338px\" \/><br \/>\nRafaella, Rhaianna, Aiandra, Hauanny e Michella , na data as belas comemoram a noite do chocolate.<\/em><\/strong><\/p>\n","protected":false},"excerpt":{"rendered":"<p>Prefeito de Mutum Marcal esteve em Valadares e foi recebido pelo Diretor Geral do Grupo Leste de Comunica\u00e7\u00e3o, Edson Gualberto e este colunista. Denival Junior, Meriane Fehlberg com o primog\u00eanito Arthur. Junior administra com compet\u00eancia o Swing Motel em Valadares.<\/p>\n","protected":false},"author":1,"featured_media":13381,"comment_status":"open","ping_status":"open","sticky":false,"template":"","format":"standard","meta":{"_links_to":"","_links_to_target":""},"categories":[4,19,1],"tags":[],"views":3371,"_links":{"self":[{"href":"https:\/\/www.brazilianpress.com\/v1\/wp-json\/wp\/v2\/posts\/13380"}],"collection":[{"href":"https:\/\/www.brazilianpress.com\/v1\/wp-json\/wp\/v2\/posts"}],"about":[{"href":"https:\/\/www.brazilianpress.com\/v1\/wp-json\/wp\/v2\/types\/post"}],"author":[{"embeddable":true,"href":"https:\/\/www.brazilianpress.com\/v1\/wp-json\/wp\/v2\/users\/1"}],"replies":[{"embeddable":true,"href":"https:\/\/www.brazilianpress.com\/v1\/wp-json\/wp\/v2\/comments?post=13380"}],"version-history":[{"count":1,"href":"https:\/\/www.brazilianpress.com\/v1\/wp-json\/wp\/v2\/posts\/13380\/revisions"}],"predecessor-version":[{"id":13387,"href":"https:\/\/www.brazilianpress.com\/v1\/wp-json\/wp\/v2\/posts\/13380\/revisions\/13387"}],"wp:featuredmedia":[{"embeddable":true,"href":"https:\/\/www.brazilianpress.com\/v1\/wp-json\/wp\/v2\/media\/13381"}],"wp:attachment":[{"href":"https:\/\/www.brazilianpress.com\/v1\/wp-json\/wp\/v2\/media?parent=13380"}],"wp:term":[{"taxonomy":"category","embeddable":true,"href":"https:\/\/www.brazilianpress.com\/v1\/wp-json\/wp\/v2\/categories?post=13380"},{"taxonomy":"post_tag","embeddable":true,"href":"https:\/\/www.brazilianpress.com\/v1\/wp-json\/wp\/v2\/tags?post=13380"}],"curies":[{"name":"wp","href":"https:\/\/api.w.org\/{rel}","templated":true}]}}