{"id":13388,"date":"2015-04-09T04:15:12","date_gmt":"2015-04-09T08:15:12","guid":{"rendered":"http:\/\/www.brazilianpress.com\/v1\/?p=13388"},"modified":"2015-04-09T04:15:12","modified_gmt":"2015-04-09T08:15:12","slug":"alerta-afirmacao-que-brasileiros-nao-precisam-mais-de-visto-para-os-eua-e-trote-em-redes-sociais","status":"publish","type":"post","link":"https:\/\/www.brazilianpress.com\/v1\/2015\/04\/09\/alerta-afirmacao-que-brasileiros-nao-precisam-mais-de-visto-para-os-eua-e-trote-em-redes-sociais\/","title":{"rendered":"Alerta: Afirma\u00e7\u00e3o que brasileiros n\u00e3o precisam mais de visto para os EUA \u00e9 trote em redes sociais"},"content":{"rendered":"<p><img loading=\"lazy\" class=\"alignright size-full wp-image-13389\" src=\"http:\/\/www.brazilianpress.com\/v1\/wp-content\/uploads\/2015\/04\/trote-na-internet.jpg\" alt=\"trote na internet\" width=\"274\" height=\"300\" \/>Um trote de internet est\u00e1 deixando muita gente esperan\u00e7osa. Um link, de um site chamado Feednewz.com, diz que brasileiros n\u00e3o precisam mais de visto americano a partir de 13 de maio de 2015, com a foto do presidente Barack Obama assinando um papel. Isso n\u00e3o passa de uma piada.<!--more--><\/p>\n<p>Quando clicado no link, aparece a imagem de um homem rindo dizendo: \u201cYou Got Owned\u201d, uma g\u00edria originada em hackers dos anos 90, referindo-se ao ganho administrativo do computador de algu\u00e9m, o que seria uma invas\u00e3o. Junto \u00e0 frase, a p\u00e1gina diz \u201c489896 trolled people\u201d. O termo \u201ctroll\u201d, tamb\u00e9m \u00e9 uma g\u00edria de internet, referindo-se \u00e0s formas de enganar algu\u00e9m na rede.<\/p>\n<p>A isen\u00e7\u00e3o de vistos de brasileiros para os EUA ainda est\u00e1 em avalia\u00e7\u00e3o. De acordo com declara\u00e7\u00f5es da embaixadora norte-americana no Brasil, Liliana Ayalde, o avan\u00e7o das discuss\u00f5es est\u00e1 dependendo de um posicionamento do governo brasileiro. \u201cPara ter essa isen\u00e7\u00e3o \u00e9 preciso ter sistemas de requerimentos da lei\u201d, disse ela, em declara\u00e7\u00e3o, no final de mar\u00e7o. \u201cPrecisamos trabalhar juntos para isso\u201d.<\/p>\n","protected":false},"excerpt":{"rendered":"<p>Um trote de internet est\u00e1 deixando muita gente esperan\u00e7osa. Um link, de um site chamado Feednewz.com, diz que brasileiros n\u00e3o precisam mais de visto americano a partir de 13 de maio de 2015, com a foto do presidente Barack Obama assinando um papel. Isso n\u00e3o passa de uma piada.<\/p>\n","protected":false},"author":1,"featured_media":13389,"comment_status":"open","ping_status":"open","sticky":false,"template":"","format":"standard","meta":{"_links_to":"","_links_to_target":""},"categories":[4,1],"tags":[],"views":6908,"_links":{"self":[{"href":"https:\/\/www.brazilianpress.com\/v1\/wp-json\/wp\/v2\/posts\/13388"}],"collection":[{"href":"https:\/\/www.brazilianpress.com\/v1\/wp-json\/wp\/v2\/posts"}],"about":[{"href":"https:\/\/www.brazilianpress.com\/v1\/wp-json\/wp\/v2\/types\/post"}],"author":[{"embeddable":true,"href":"https:\/\/www.brazilianpress.com\/v1\/wp-json\/wp\/v2\/users\/1"}],"replies":[{"embeddable":true,"href":"https:\/\/www.brazilianpress.com\/v1\/wp-json\/wp\/v2\/comments?post=13388"}],"version-history":[{"count":1,"href":"https:\/\/www.brazilianpress.com\/v1\/wp-json\/wp\/v2\/posts\/13388\/revisions"}],"predecessor-version":[{"id":13390,"href":"https:\/\/www.brazilianpress.com\/v1\/wp-json\/wp\/v2\/posts\/13388\/revisions\/13390"}],"wp:featuredmedia":[{"embeddable":true,"href":"https:\/\/www.brazilianpress.com\/v1\/wp-json\/wp\/v2\/media\/13389"}],"wp:attachment":[{"href":"https:\/\/www.brazilianpress.com\/v1\/wp-json\/wp\/v2\/media?parent=13388"}],"wp:term":[{"taxonomy":"category","embeddable":true,"href":"https:\/\/www.brazilianpress.com\/v1\/wp-json\/wp\/v2\/categories?post=13388"},{"taxonomy":"post_tag","embeddable":true,"href":"https:\/\/www.brazilianpress.com\/v1\/wp-json\/wp\/v2\/tags?post=13388"}],"curies":[{"name":"wp","href":"https:\/\/api.w.org\/{rel}","templated":true}]}}