{"id":13397,"date":"2015-04-09T04:20:19","date_gmt":"2015-04-09T08:20:19","guid":{"rendered":"http:\/\/www.brazilianpress.com\/v1\/?p=13397"},"modified":"2015-04-09T04:20:19","modified_gmt":"2015-04-09T08:20:19","slug":"cantora-karine-aguiar-e-o-jungle-jazz-em-palco-norte-americano","status":"publish","type":"post","link":"https:\/\/www.brazilianpress.com\/v1\/2015\/04\/09\/cantora-karine-aguiar-e-o-jungle-jazz-em-palco-norte-americano\/","title":{"rendered":"Cantora Karine Aguiar e o Jungle Jazz em palco norte-americano"},"content":{"rendered":"<p><img loading=\"lazy\" class=\"alignnone size-full wp-image-13398\" src=\"http:\/\/www.brazilianpress.com\/v1\/wp-content\/uploads\/2015\/04\/cantora-amazonia.jpg\" alt=\"cantora amazonia\" width=\"500\" height=\"235\" srcset=\"https:\/\/www.brazilianpress.com\/v1\/wp-content\/uploads\/2015\/04\/cantora-amazonia.jpg 500w, https:\/\/www.brazilianpress.com\/v1\/wp-content\/uploads\/2015\/04\/cantora-amazonia-300x141.jpg 300w\" sizes=\"(max-width: 500px) 100vw, 500px\" \/><\/p>\n<p>A cantora amazonense Karine Aguiar, premiada em Paris no ano de 2014 com seu CD de estreia &#8220;Arraial do Mundo&#8221; (Melhor Disco de MPB), estreia agora nos palcos dos Estados Unidos. Karine figurar\u00e1 como solista convidada especial do baixista norte-americano\u00a0Matthew Parrish, ao lado de grandes nomes do jazz internacional no concerto Brazilian Jazz Extravaganza, que acontecer\u00e1 no dia 11 de Abril, no Yardley Community Center na Pensilv\u00e2nia. O evento faz parte das comemora\u00e7\u00f5es dos 37 anos do Bucks County Performing Arts Center.<!--more--><\/p>\n<p>O\u00a0<em>casting<\/em>\u00a0de m\u00fasicos deste concerto \u00e9 composto por\u00a0Vana Gierig, pianista de jazz aclamado pela cr\u00edtica internacional e considerado pela revista Keyboard Magazine como &#8220;um fen\u00f4meno do piano&#8221;, acaba de lan\u00e7ar seu mais novo disco &#8220;Making Memories&#8221;, pelo selo Enja Music, com participa\u00e7\u00e3o de Paquito D&#8217;Rivera, que recentemente foi premiado com o Latin Grammy. Vana tamb\u00e9m \u00e9 produtor do &#8220;Arraial do Mundo&#8221; de Karine. No elenco de artistas deste concerto tamb\u00e9m estar\u00e3o\u00a0Ygor Saunier, m\u00fasico amazonense e pesquisador dos tambores amaz\u00f4nicos, que trar\u00e1 os tambores da Amaz\u00f4nia ao p\u00fablico americano para esta grande noite. O baterista italiano\u00a0Marcello Pellitteri, professor da Berklee College of Music, tamb\u00e9m \u00e9 presen\u00e7a confirmada entre as &#8220;feras&#8221; do jazz para esta grande noite. O percussionista Vin\u00edcius Barros e a cantora japonesa Shinobu Gierig complementam as participa\u00e7\u00f5es especiais na noite que celebra a m\u00fasica do Brasil e da Amaz\u00f4nia, em forte di\u00e1logo com o Jazz norte-americano.<\/p>\n<p>Matthew Parrish, diretor art\u00edstico e baixista do concerto, menciona a participa\u00e7\u00e3o de Karine com grande entusiasmo e a considera como sendo &#8220;a j\u00f3ia&#8221; nesta coroa de grandes m\u00fasicos. A cantora vem sendo mencionada como &#8220;The Muse of the Amazon&#8221; (a musa da Amaz\u00f4nia). Ele tamb\u00e9m menciona a participa\u00e7\u00e3o dos tambores amaz\u00f4nicos de Ygor Saunier como &#8220;a ponta de lan\u00e7a do\u00a0<em>Jungle Jazz<\/em>\u00a0(o Jazz da Selva, que mistura os ritmos amaz\u00f4nicos com o jazz norte-americano).&#8221;<\/p>\n<p>Sobre Matthew Parrish (<a href=\"http:\/\/matthewparrish.org\/\">http:\/\/matthewparrish.org\/<\/a>)<\/p>\n<p>Baixista de Jazz, compositor e engenheiro de \u00e1udio nascido em Fresno na Calif\u00f3rnia, Matthew tem se apresentado e gravado com grandes nomes do Jazz mundial como Regina Carter, Wynton Marsalis, Dee Dee Bridgewater, Karine Aguiar, Vana Gierig, Paquito D&#8217;Rivera, Houston Person, Clark terry, Etta Jones, \u00a0Miri Ben-Ari, James Williams, Sweets Edison, James Newton, Gary Thomas, Greg Osby, Stefon Harris, Orrin Evans, sua sonoridade brilhante e quente tem conferido a ele grande notoriedade e respeito na comunidade musical. Possui um CD solo gravado entitulado &#8220;Circles&#8221; (2000), com excelente cr\u00edtica no cen\u00e1rio Jazz internacional. Participou como baixista do CD &#8220;Arraial do Mundo&#8221;, de Karine Aguiar, produzido em New York City.<\/p>\n<p>Venda de Ingressos:\u00a0<a href=\"http:\/\/www.bcpac.org\/season\/brazilian\/\">http:\/\/www.bcpac.org\/season\/brazilian\/<\/a><\/p>\n","protected":false},"excerpt":{"rendered":"<p>A cantora amazonense Karine Aguiar, premiada em Paris no ano de 2014 com seu CD de estreia &#8220;Arraial do Mundo&#8221; (Melhor Disco de MPB), estreia agora nos palcos dos Estados Unidos. Karine figurar\u00e1 como solista convidada especial do baixista norte-americano\u00a0Matthew Parrish, ao lado de grandes nomes do jazz internacional no concerto Brazilian Jazz Extravaganza, que acontecer\u00e1 no dia 11 de Abril, no Yardley Community Center na Pensilv\u00e2nia. O evento faz parte das comemora\u00e7\u00f5es dos 37 anos do Bucks County Performing Arts Center.<\/p>\n","protected":false},"author":1,"featured_media":13398,"comment_status":"open","ping_status":"open","sticky":false,"template":"","format":"standard","meta":{"_links_to":"","_links_to_target":""},"categories":[4,1],"tags":[],"views":2616,"_links":{"self":[{"href":"https:\/\/www.brazilianpress.com\/v1\/wp-json\/wp\/v2\/posts\/13397"}],"collection":[{"href":"https:\/\/www.brazilianpress.com\/v1\/wp-json\/wp\/v2\/posts"}],"about":[{"href":"https:\/\/www.brazilianpress.com\/v1\/wp-json\/wp\/v2\/types\/post"}],"author":[{"embeddable":true,"href":"https:\/\/www.brazilianpress.com\/v1\/wp-json\/wp\/v2\/users\/1"}],"replies":[{"embeddable":true,"href":"https:\/\/www.brazilianpress.com\/v1\/wp-json\/wp\/v2\/comments?post=13397"}],"version-history":[{"count":1,"href":"https:\/\/www.brazilianpress.com\/v1\/wp-json\/wp\/v2\/posts\/13397\/revisions"}],"predecessor-version":[{"id":13399,"href":"https:\/\/www.brazilianpress.com\/v1\/wp-json\/wp\/v2\/posts\/13397\/revisions\/13399"}],"wp:featuredmedia":[{"embeddable":true,"href":"https:\/\/www.brazilianpress.com\/v1\/wp-json\/wp\/v2\/media\/13398"}],"wp:attachment":[{"href":"https:\/\/www.brazilianpress.com\/v1\/wp-json\/wp\/v2\/media?parent=13397"}],"wp:term":[{"taxonomy":"category","embeddable":true,"href":"https:\/\/www.brazilianpress.com\/v1\/wp-json\/wp\/v2\/categories?post=13397"},{"taxonomy":"post_tag","embeddable":true,"href":"https:\/\/www.brazilianpress.com\/v1\/wp-json\/wp\/v2\/tags?post=13397"}],"curies":[{"name":"wp","href":"https:\/\/api.w.org\/{rel}","templated":true}]}}