{"id":1348,"date":"2013-06-27T11:58:38","date_gmt":"2013-06-27T15:58:38","guid":{"rendered":"http:\/\/www.brazilianpress.com\/v1\/?p=1348"},"modified":"2013-06-27T11:58:38","modified_gmt":"2013-06-27T15:58:38","slug":"obama-anuncia-plano-ambicioso-para-reduzir-emissao-de-gases-do-efeito-estufa","status":"publish","type":"post","link":"https:\/\/www.brazilianpress.com\/v1\/2013\/06\/27\/obama-anuncia-plano-ambicioso-para-reduzir-emissao-de-gases-do-efeito-estufa\/","title":{"rendered":"Obama anuncia plano ambicioso para reduzir emiss\u00e3o de gases do efeito estufa"},"content":{"rendered":"<p><img loading=\"lazy\" class=\"alignright size-full wp-image-1349\" alt=\"barack obama\" src=\"http:\/\/www.brazilianpress.com\/v1\/wp-content\/uploads\/2013\/06\/barack-obama.jpg\" width=\"316\" height=\"236\" srcset=\"https:\/\/www.brazilianpress.com\/v1\/wp-content\/uploads\/2013\/06\/barack-obama.jpg 316w, https:\/\/www.brazilianpress.com\/v1\/wp-content\/uploads\/2013\/06\/barack-obama-300x224.jpg 300w\" sizes=\"(max-width: 316px) 100vw, 316px\" \/>O presidente Barack Obama anunciou na ter\u00e7a-feira (25) um ambicioso plano para reduzir a emiss\u00e3o de gases poluentes na atmosfera da Terra. Pela primeira vez, ag\u00eancias federais de regula\u00e7\u00e3o t\u00eam o aval do presidente para reduzir, impondo regras mais r\u00edgidas, as emiss\u00f5es de di\u00f3xido de carbono das usinas termoel\u00e9tricas novas e j\u00e1 existentes nos EUA.<\/p>\n<p>O eixo central do plano de Obama envolve regular as emiss\u00f5es de usinas termoeel\u00e9tricas j\u00e1 existentes e de novas unidades. Hoje, 40% das emiss\u00f5es de di\u00f3xido de carbono dos Estados Unidos, e um ter\u00e7o dos gases de efeito estufa em geral, v\u00eam de usinas de energia el\u00e9trica, de acordo com a Federal Energy Information Administration.<!--more--><\/p>\n<p>De acordo com o plano,\u00a0a cria\u00e7\u00e3o de tecnologias que evitem a emiss\u00e3o na atmosfera do di\u00f3xido de carbono produzido por termoel\u00e9tricas contaria com o fomento de empr\u00e9stimos federais\u00a0\u2013 nada menos do que 8 bilh\u00f5es de d\u00f3lares ser\u00e3o destinados a esse fim.<\/p>\n<p>Mesmo antes de anunciar o plano do governo, muitos republicanos no Congresso j\u00e1 criticavam algumas medidas dizendo que\u00a0elas\u00a0custar\u00e3o muito dinheiro e muitos empregos, algo que poderia amea\u00e7ar a recupera\u00e7\u00e3o econ\u00f4mica do pa\u00eds.<\/p>\n<p>Don Stewart, porta-voz do l\u00edder da minoria republicana no Senado, Mitch McConnell, disse que a imposi\u00e7\u00e3o de regras para a conten\u00e7\u00e3o das emiss\u00f5es das usinas de energia termoel\u00e9trica equivaleria \u00e0 gera\u00e7\u00e3o de mais um imposto sobre a energia nacional.<\/p>\n<p>A opini\u00e3o p\u00fablica americana sobre as mudan\u00e7as clim\u00e1ticas tem se mostrado um grande obst\u00e1culo para abordar a quest\u00e3o ambiental. Uma pesquisa feita pelo Pew Research Center, divulgada na segunda-feira, mostrou que apenas quatro em 10 americanos dizem que o aquecimento do planeta representa uma grande amea\u00e7a para os EUA. Segundo o centro de pesquisas, esses n\u00fameros colocam os americanos \u201centre os menos preocupados com esta quest\u00e3o, junto com as popula\u00e7\u00f5es de China, Rep\u00fablica Checa, Jord\u00e2nia, Israel, Egito e Paquist\u00e3o\u201d.<\/p>\n<p>Ao expandir as permiss\u00f5es de uso de terras p\u00fablicas para a produ\u00e7\u00e3o de energia, o governo americano espera que o pa\u00eds consiga gerar eletricidade suficiente de projetos de energia renov\u00e1vel, como e\u00f3lica e solar para abastecer o equivalente a 6 milh\u00f5es de casas at\u00e9 2020, dobrando a capacidade el\u00e9trica produzida hoje em terras federais. Outra meta \u00e9 instalar 100 megawatts de capacidade de produ\u00e7\u00e3o de energia em projetos habitacionais federais at\u00e9 o final da d\u00e9cada.<\/p>\n<p>Mesmo tendo evitado o Congresso lan\u00e7ando m\u00e3o de uma a\u00e7\u00e3o executiva para implementar as medidas anunciadas, o presidente dos EUA n\u00e3o est\u00e1 livre de enfrentar turbul\u00eancia. Os legisladores americanos ainda podem criar leis para frustrar os esfor\u00e7os do presidente, e as regras j\u00e1 estabelecidas para usinas existentes e em funcionamento certamente gerar\u00e3o batalhas legais nos tribunais.<\/p>\n","protected":false},"excerpt":{"rendered":"<p>O presidente Barack Obama anunciou na ter\u00e7a-feira (25) um ambicioso plano para reduzir a emiss\u00e3o de gases poluentes na atmosfera da Terra. Pela primeira vez, ag\u00eancias federais de regula\u00e7\u00e3o t\u00eam o aval do presidente para reduzir, impondo regras mais r\u00edgidas, as emiss\u00f5es de di\u00f3xido de carbono das usinas termoel\u00e9tricas novas e j\u00e1 existentes nos EUA. O eixo central do plano de Obama envolve regular as emiss\u00f5es de usinas termoeel\u00e9tricas j\u00e1 existentes e de novas unidades. Hoje, 40% das emiss\u00f5es de di\u00f3xido de carbono dos Estados Unidos, e um ter\u00e7o dos gases de efeito estufa em geral, v\u00eam de usinas de [&hellip;]<\/p>\n","protected":false},"author":1,"featured_media":1349,"comment_status":"open","ping_status":"open","sticky":false,"template":"","format":"standard","meta":{"_links_to":"","_links_to_target":""},"categories":[1,10],"tags":[],"views":2543,"_links":{"self":[{"href":"https:\/\/www.brazilianpress.com\/v1\/wp-json\/wp\/v2\/posts\/1348"}],"collection":[{"href":"https:\/\/www.brazilianpress.com\/v1\/wp-json\/wp\/v2\/posts"}],"about":[{"href":"https:\/\/www.brazilianpress.com\/v1\/wp-json\/wp\/v2\/types\/post"}],"author":[{"embeddable":true,"href":"https:\/\/www.brazilianpress.com\/v1\/wp-json\/wp\/v2\/users\/1"}],"replies":[{"embeddable":true,"href":"https:\/\/www.brazilianpress.com\/v1\/wp-json\/wp\/v2\/comments?post=1348"}],"version-history":[{"count":1,"href":"https:\/\/www.brazilianpress.com\/v1\/wp-json\/wp\/v2\/posts\/1348\/revisions"}],"predecessor-version":[{"id":1350,"href":"https:\/\/www.brazilianpress.com\/v1\/wp-json\/wp\/v2\/posts\/1348\/revisions\/1350"}],"wp:featuredmedia":[{"embeddable":true,"href":"https:\/\/www.brazilianpress.com\/v1\/wp-json\/wp\/v2\/media\/1349"}],"wp:attachment":[{"href":"https:\/\/www.brazilianpress.com\/v1\/wp-json\/wp\/v2\/media?parent=1348"}],"wp:term":[{"taxonomy":"category","embeddable":true,"href":"https:\/\/www.brazilianpress.com\/v1\/wp-json\/wp\/v2\/categories?post=1348"},{"taxonomy":"post_tag","embeddable":true,"href":"https:\/\/www.brazilianpress.com\/v1\/wp-json\/wp\/v2\/tags?post=1348"}],"curies":[{"name":"wp","href":"https:\/\/api.w.org\/{rel}","templated":true}]}}