{"id":13520,"date":"2015-04-16T02:11:43","date_gmt":"2015-04-16T06:11:43","guid":{"rendered":"http:\/\/www.brazilianpress.com\/v1\/?p=13520"},"modified":"2015-04-23T10:45:12","modified_gmt":"2015-04-23T14:45:12","slug":"fatos-fotos-by-rejes-salomao-16042015","status":"publish","type":"post","link":"https:\/\/www.brazilianpress.com\/v1\/2015\/04\/16\/fatos-fotos-by-rejes-salomao-16042015\/","title":{"rendered":"Fatos &#038; Fotos, by Rejes Salom\u00e3o . 16\/04\/2015"},"content":{"rendered":"<p><img src=\"http:\/\/www.brazilianpress.com\/v1\/wp-content\/uploads\/2014\/12\/fatos-fotos-rejes-salomao.jpg\" alt=\"fatos fotos rejes salomao\" \/><\/p>\n<p><strong><em><img loading=\"lazy\" class=\"alignnone size-full wp-image-13521\" src=\"http:\/\/www.brazilianpress.com\/v1\/wp-content\/uploads\/2015\/04\/rejes-ed1727-20150416-1.jpg\" alt=\"rejes ed1727 20150416 (1)\" width=\"500\" height=\"375\" srcset=\"https:\/\/www.brazilianpress.com\/v1\/wp-content\/uploads\/2015\/04\/rejes-ed1727-20150416-1.jpg 500w, https:\/\/www.brazilianpress.com\/v1\/wp-content\/uploads\/2015\/04\/rejes-ed1727-20150416-1-300x225.jpg 300w\" sizes=\"(max-width: 500px) 100vw, 500px\" \/><br \/>\nAo centro de vestido longo, a empresaria Renata S\u00e1, que reuniu em sua bela casa em Caratinga, amigos para celebrar sua nova idade, tudo regado a muita champanhe e jantar com lugares marcados. Parab\u00e9ns linda.<\/em><\/strong><\/p>\n<p><strong><em><img loading=\"lazy\" class=\"alignnone size-full wp-image-13522\" src=\"http:\/\/www.brazilianpress.com\/v1\/wp-content\/uploads\/2015\/04\/rejes-ed1727-20150416-2.jpg\" alt=\"rejes ed1727 20150416 (2)\" width=\"400\" height=\"533\" srcset=\"https:\/\/www.brazilianpress.com\/v1\/wp-content\/uploads\/2015\/04\/rejes-ed1727-20150416-2.jpg 400w, https:\/\/www.brazilianpress.com\/v1\/wp-content\/uploads\/2015\/04\/rejes-ed1727-20150416-2-225x300.jpg 225w\" sizes=\"(max-width: 400px) 100vw, 400px\" \/><br \/>\nSelfie especial para esta coluna, de Juliana Rangel , Francys Dutra e Lara Jahel. Em tempo: no coquetel de lan\u00e7amento da nova Cole\u00e7\u00e3o Outono Inverno da Blue Velvet em Valadares.<\/em><\/strong><!--more--><\/p>\n<p><strong><em><img loading=\"lazy\" class=\"alignnone size-full wp-image-13526\" src=\"http:\/\/www.brazilianpress.com\/v1\/wp-content\/uploads\/2015\/04\/rejes-ed1727-20150416-6.jpg\" alt=\"rejes ed1727 20150416 (6)\" width=\"400\" height=\"533\" srcset=\"https:\/\/www.brazilianpress.com\/v1\/wp-content\/uploads\/2015\/04\/rejes-ed1727-20150416-6.jpg 400w, https:\/\/www.brazilianpress.com\/v1\/wp-content\/uploads\/2015\/04\/rejes-ed1727-20150416-6-225x300.jpg 225w\" sizes=\"(max-width: 400px) 100vw, 400px\" \/><br \/>\nFrancys Dutra e Muscya Zaidan, em tarde de lan\u00e7amento da Nova Cole\u00e7\u00e3o da Blue Velvet em Valadares.<\/em><\/strong><\/p>\n<p><strong><em><img loading=\"lazy\" class=\"alignnone size-full wp-image-13523\" src=\"http:\/\/www.brazilianpress.com\/v1\/wp-content\/uploads\/2015\/04\/rejes-ed1727-20150416-3.jpg\" alt=\"rejes ed1727 20150416 (3)\" width=\"400\" height=\"533\" srcset=\"https:\/\/www.brazilianpress.com\/v1\/wp-content\/uploads\/2015\/04\/rejes-ed1727-20150416-3.jpg 400w, https:\/\/www.brazilianpress.com\/v1\/wp-content\/uploads\/2015\/04\/rejes-ed1727-20150416-3-225x300.jpg 225w\" sizes=\"(max-width: 400px) 100vw, 400px\" \/><br \/>\nA bela Andressa Ramos, que recentemente passou uma temporada na cidade de Valadares, veio rever a fam\u00edlia e amigos. A bela est\u00e1 afivelando as malas e passar\u00e1 f\u00e9rias na Europa na pr\u00f3xima semana.<\/em><\/strong><\/p>\n<p><strong><em><img loading=\"lazy\" class=\"alignnone size-full wp-image-13524\" src=\"http:\/\/www.brazilianpress.com\/v1\/wp-content\/uploads\/2015\/04\/rejes-ed1727-20150416-4.jpg\" alt=\"rejes ed1727 20150416 (4)\" width=\"500\" height=\"375\" srcset=\"https:\/\/www.brazilianpress.com\/v1\/wp-content\/uploads\/2015\/04\/rejes-ed1727-20150416-4.jpg 500w, https:\/\/www.brazilianpress.com\/v1\/wp-content\/uploads\/2015\/04\/rejes-ed1727-20150416-4-300x225.jpg 300w\" sizes=\"(max-width: 500px) 100vw, 500px\" \/><br \/>\nRog\u00e9rio Bento, gerente geral da Coca Cola em Valadares e sua esposa, Chistiane Pina, ladeado pelas filhas em noite de jantar na cidade de Caratinga.<\/em><\/strong><\/p>\n<p><strong><em><img loading=\"lazy\" class=\"alignnone size-full wp-image-13525\" src=\"http:\/\/www.brazilianpress.com\/v1\/wp-content\/uploads\/2015\/04\/rejes-ed1727-20150416-5.jpg\" alt=\"rejes ed1727 20150416 (5)\" width=\"400\" height=\"533\" srcset=\"https:\/\/www.brazilianpress.com\/v1\/wp-content\/uploads\/2015\/04\/rejes-ed1727-20150416-5.jpg 400w, https:\/\/www.brazilianpress.com\/v1\/wp-content\/uploads\/2015\/04\/rejes-ed1727-20150416-5-225x300.jpg 225w\" sizes=\"(max-width: 400px) 100vw, 400px\" \/><br \/>\nExecutivo do Swing Motel, Denival Junior e sua esposa Meriane Fehlberg, pararicando o filhote Artur.<\/em><\/strong><\/p>\n","protected":false},"excerpt":{"rendered":"<p>Ao centro de vestido longo, a empresaria Renata S\u00e1, que reuniu em sua bela casa em Caratinga, amigos para celebrar sua nova idade, tudo regado a muita champanhe e jantar com lugares marcados. Parab\u00e9ns linda. Selfie especial para esta coluna, de Juliana Rangel , Francys Dutra e Lara Jahel. Em tempo: no coquetel de lan\u00e7amento da nova Cole\u00e7\u00e3o Outono Inverno da Blue Velvet em Valadares.<\/p>\n","protected":false},"author":1,"featured_media":13521,"comment_status":"open","ping_status":"open","sticky":false,"template":"","format":"standard","meta":{"_links_to":"","_links_to_target":""},"categories":[4,19,1],"tags":[],"views":2740,"_links":{"self":[{"href":"https:\/\/www.brazilianpress.com\/v1\/wp-json\/wp\/v2\/posts\/13520"}],"collection":[{"href":"https:\/\/www.brazilianpress.com\/v1\/wp-json\/wp\/v2\/posts"}],"about":[{"href":"https:\/\/www.brazilianpress.com\/v1\/wp-json\/wp\/v2\/types\/post"}],"author":[{"embeddable":true,"href":"https:\/\/www.brazilianpress.com\/v1\/wp-json\/wp\/v2\/users\/1"}],"replies":[{"embeddable":true,"href":"https:\/\/www.brazilianpress.com\/v1\/wp-json\/wp\/v2\/comments?post=13520"}],"version-history":[{"count":1,"href":"https:\/\/www.brazilianpress.com\/v1\/wp-json\/wp\/v2\/posts\/13520\/revisions"}],"predecessor-version":[{"id":13527,"href":"https:\/\/www.brazilianpress.com\/v1\/wp-json\/wp\/v2\/posts\/13520\/revisions\/13527"}],"wp:featuredmedia":[{"embeddable":true,"href":"https:\/\/www.brazilianpress.com\/v1\/wp-json\/wp\/v2\/media\/13521"}],"wp:attachment":[{"href":"https:\/\/www.brazilianpress.com\/v1\/wp-json\/wp\/v2\/media?parent=13520"}],"wp:term":[{"taxonomy":"category","embeddable":true,"href":"https:\/\/www.brazilianpress.com\/v1\/wp-json\/wp\/v2\/categories?post=13520"},{"taxonomy":"post_tag","embeddable":true,"href":"https:\/\/www.brazilianpress.com\/v1\/wp-json\/wp\/v2\/tags?post=13520"}],"curies":[{"name":"wp","href":"https:\/\/api.w.org\/{rel}","templated":true}]}}