{"id":1356,"date":"2013-06-27T12:12:11","date_gmt":"2013-06-27T16:12:11","guid":{"rendered":"http:\/\/www.brazilianpress.com\/v1\/?p=1356"},"modified":"2013-06-27T12:12:11","modified_gmt":"2013-06-27T16:12:11","slug":"nj-aprova-lei-que-permite-o-uso-de-maconha-medicinal-em-criancas-doentes","status":"publish","type":"post","link":"https:\/\/www.brazilianpress.com\/v1\/2013\/06\/27\/nj-aprova-lei-que-permite-o-uso-de-maconha-medicinal-em-criancas-doentes\/","title":{"rendered":"NJ aprova lei que permite o uso de maconha medicinal em crian\u00e7as doentes"},"content":{"rendered":"<p><i><img loading=\"lazy\" class=\"alignright size-medium wp-image-1358\" alt=\"maconha medicinal criancas\" src=\"http:\/\/www.brazilianpress.com\/v1\/wp-content\/uploads\/2013\/06\/maconha-medicinal-criancas-300x216.jpg\" width=\"300\" height=\"216\" srcset=\"https:\/\/www.brazilianpress.com\/v1\/wp-content\/uploads\/2013\/06\/maconha-medicinal-criancas-300x216.jpg 300w, https:\/\/www.brazilianpress.com\/v1\/wp-content\/uploads\/2013\/06\/maconha-medicinal-criancas.jpg 380w\" sizes=\"(max-width: 300px) 100vw, 300px\" \/>Junior Schutt<\/i>&#8211; Duas m\u00e3es que compartilham o fato de terem filhos seriamente doentes choravam de al\u00edvio e contentamento ao ouvirem o pronunciamento da Assembl\u00e9ia do Estado de New Jersey, na manh\u00e3 de ter\u00e7a (25), aprovando a remo\u00e7\u00e3o de algumas barreiras que proibiam crian\u00e7as de serem beneficiadas pelo Programa do Estado que permite o uso de maconha medicinal no combate a doen\u00e7as graves. A vota\u00e7\u00e3o de 55 pr\u00f3 e 13 contra, na Assembl\u00e9ia foi a \u00faltima supervis\u00e3o da Proposta antes de agora, dirigir-se ao Escrit\u00f3rio do Governador Chris Christie, que tem sido relutante em implantar o programa de maconha medicinal e disse \u201cn\u00e3o estar disposto a permitir a proposta\u201d, mesmo que a lei do estado permita.<\/p>\n<p><!--more-->Meghan Wilson residente em Scotch Plains e Jennie Stormes de Hope Township sentaram-se no final do audit\u00f3rio da Assembl\u00e9ia aguardando o resultado da vota\u00e7\u00e3o e disseram que esperam confiantes que o Governador mantenha suas ideias abertas pelo bem das crian\u00e7as e outras fam\u00edlias que sofrem e cuidam de suas crian\u00e7as com doen\u00e7as debilitantes. \u201cEspero que ele possa pensar na situa\u00e7\u00e3o como se fosse um dos pais e leia a proposta com cora\u00e7\u00e3o humano e ponha-se em nosso lugar, chegando a conclus\u00e3o sobre o que faria num caso desses\u201d, disse Wilson.<\/p>\n<p>Linda Stender, membro da assembl\u00e9ia, e o Senador Nicholas Scutari, apoiaram a proposta em favor de Vivian, a filha de 2 anos de idade do casal Meghan e Brian Wilson, diagn\u00f3sticada com sindrome de Dravet, uma doen\u00e7a mortal, uma forma grave de epilepsia. Os pais da crian\u00e7a disseram que encontraram casos semelhantes no Colorado e na Calif\u00f3rnia, onde crian\u00e7as responderam positivamente na preven\u00e7\u00e3o aos ataques epil\u00e9pticos, mas sofrem pelo fato que em New Jersey, as leis para o uso da maconha medicinal restringe o uso em crian\u00e7as, o que os impossibilita na tentativa de explorar a op\u00e7\u00e3o na filha deles. A Lei do Estado requer dos menores qualificados para o programa, n\u00e3o apenas uma carta de recomenda\u00e7\u00e3o do m\u00e9dico respons\u00e1vel pelo tratamento, mas tamb\u00e9m cartas de apoio de um pediatra e um psiquiatra, itens que a Fam\u00edlia Wilson n\u00e3o conseguiu obter, quando eles contataram a imprensa e levaram o caso ao conhecimento p\u00fablico, divulgado no Jornal Star-Ledger. A proposta sugere que os pais obtenham uma recomenda\u00e7\u00e3o m\u00e9dica para o tratamento na crian\u00e7a, e permite dispens\u00e1rios a plantar mais maconha, process\u00e1-las e vend\u00ea-las em forma comest\u00edvel, condi\u00e7\u00f5es que a Lei do Estado proibe at\u00e9 este momento.<\/p>\n<p>Os Wilsons estavam acompanhados na Assembl\u00e9ia da Fam\u00edlia Stormes, cujo filho de 14 anos, Jackson, tamb\u00e9m sofre da mesma doen\u00e7a diagn\u00f3sticada em Vivian, e tem tido problemas e dificuldades de acesso \u00e0 maconha medicinal. Os Stormes disseram estarem certos de que a droga ajudar\u00e1 no tratamento do filho; ele vive meio per\u00edodo do ano com o pai na Calif\u00f3rnia, onde \u00e9 registrado como paciente, e tem tido convuls\u00f5es, em menor quantidade e menos tempo, desde que come\u00e7ou a usar o programa. \u201cEspero que o Governador Christie pense neles como se fossem seus pr\u00f3prios filhos. Se eles estivessem tendo convuls\u00f5es di\u00e1rias, ele certamente seria a favor\u201d, declarou Stormes. Se assinada e aprovada dentro da Lei, a proposta significa \u201cEu poderei finalmente cuidar melhor de meu filho, este \u00e9 o futuro dele, os rem\u00e9dios falharam, n\u00e3o h\u00e1 nada restante para tentar. Ele realmente precisa disso.\u201d<\/p>\n","protected":false},"excerpt":{"rendered":"<p>Junior Schutt&#8211; Duas m\u00e3es que compartilham o fato de terem filhos seriamente doentes choravam de al\u00edvio e contentamento ao ouvirem o pronunciamento da Assembl\u00e9ia do Estado de New Jersey, na manh\u00e3 de ter\u00e7a (25), aprovando a remo\u00e7\u00e3o de algumas barreiras que proibiam crian\u00e7as de serem beneficiadas pelo Programa do Estado que permite o uso de maconha medicinal no combate a doen\u00e7as graves. A vota\u00e7\u00e3o de 55 pr\u00f3 e 13 contra, na Assembl\u00e9ia foi a \u00faltima supervis\u00e3o da Proposta antes de agora, dirigir-se ao Escrit\u00f3rio do Governador Chris Christie, que tem sido relutante em implantar o programa de maconha medicinal e [&hellip;]<\/p>\n","protected":false},"author":1,"featured_media":1358,"comment_status":"open","ping_status":"open","sticky":false,"template":"","format":"standard","meta":{"_links_to":"","_links_to_target":""},"categories":[4,1],"tags":[],"views":3809,"_links":{"self":[{"href":"https:\/\/www.brazilianpress.com\/v1\/wp-json\/wp\/v2\/posts\/1356"}],"collection":[{"href":"https:\/\/www.brazilianpress.com\/v1\/wp-json\/wp\/v2\/posts"}],"about":[{"href":"https:\/\/www.brazilianpress.com\/v1\/wp-json\/wp\/v2\/types\/post"}],"author":[{"embeddable":true,"href":"https:\/\/www.brazilianpress.com\/v1\/wp-json\/wp\/v2\/users\/1"}],"replies":[{"embeddable":true,"href":"https:\/\/www.brazilianpress.com\/v1\/wp-json\/wp\/v2\/comments?post=1356"}],"version-history":[{"count":1,"href":"https:\/\/www.brazilianpress.com\/v1\/wp-json\/wp\/v2\/posts\/1356\/revisions"}],"predecessor-version":[{"id":1359,"href":"https:\/\/www.brazilianpress.com\/v1\/wp-json\/wp\/v2\/posts\/1356\/revisions\/1359"}],"wp:featuredmedia":[{"embeddable":true,"href":"https:\/\/www.brazilianpress.com\/v1\/wp-json\/wp\/v2\/media\/1358"}],"wp:attachment":[{"href":"https:\/\/www.brazilianpress.com\/v1\/wp-json\/wp\/v2\/media?parent=1356"}],"wp:term":[{"taxonomy":"category","embeddable":true,"href":"https:\/\/www.brazilianpress.com\/v1\/wp-json\/wp\/v2\/categories?post=1356"},{"taxonomy":"post_tag","embeddable":true,"href":"https:\/\/www.brazilianpress.com\/v1\/wp-json\/wp\/v2\/tags?post=1356"}],"curies":[{"name":"wp","href":"https:\/\/api.w.org\/{rel}","templated":true}]}}