{"id":1367,"date":"2013-06-27T12:22:44","date_gmt":"2013-06-27T16:22:44","guid":{"rendered":"http:\/\/www.brazilianpress.com\/v1\/?p=1367"},"modified":"2013-06-27T12:22:44","modified_gmt":"2013-06-27T16:22:44","slug":"policiais-em-roselle-prendem-homem-acusado-de-ameacar-grupo-a-mao-armada","status":"publish","type":"post","link":"https:\/\/www.brazilianpress.com\/v1\/2013\/06\/27\/policiais-em-roselle-prendem-homem-acusado-de-ameacar-grupo-a-mao-armada\/","title":{"rendered":"Policiais em Roselle prendem homem acusado de amea\u00e7ar grupo a m\u00e3o armada"},"content":{"rendered":"<p><i><img loading=\"lazy\" class=\"alignright size-full wp-image-1368\" alt=\"policia roselle nj\" src=\"http:\/\/www.brazilianpress.com\/v1\/wp-content\/uploads\/2013\/06\/policia-roselle-nj.jpg\" width=\"160\" height=\"218\" \/>Roger Costa<\/i>&#8211; Autoridades em Roselle divulgaram a captura de um criminoso, residente em Linden, que amea\u00e7ou um grupo de pessoas, apontando-lhes uma arma, e depois tentou fugir e livrar-se da arma. Ap\u00f3s responderem a uma chamada das v\u00edtimas que foram amea\u00e7adas, por volta das 7pm de s\u00e1bado passado, um oficial da pol\u00edcia viu o suspeito, Marquis D. Tucker, 25 anos, parado na esquina da Chandler com Essex Avenues, de acordo com o Capit\u00e3o James Sarnicki. O oficial reconheceu Tucker por intera\u00e7\u00f5es anteriores, devido a seu hist\u00f3rico criminal, e pediu refor\u00e7o policial.<!--more--><\/p>\n<p>Tucker ent\u00e3o percebeu a a\u00e7\u00e3o policial e fugiu a p\u00e9, pelos trilhos de trem perto do local, quando o policial percebeu que ele carregava uma arma preta. Autoridades montaram um per\u00edmetro na Carnegie Street e descobriram Tucker escondido em um quintal. Ele foi preso, mas j\u00e1 n\u00e3o carregava a arma. Ap\u00f3s vasculharem a \u00e1rea, eles encontraram uma arma autom\u00e1tica\u00a0 descarregada calibre 38 entre a grama. Residentes disseram que viram a arma voar e parar no quintal deles vinda de uma \u00e1rea perto dos trilhos. Tucker foi indiciado por posse ilegal de arma, resistir \u00e0 pris\u00e3o, fuga, e invas\u00e3o de propriedade privada. Ele foi encaminhado para o Union County Jail, sob fian\u00e7a de $100.000. Sua primeira apari\u00e7\u00e3o em corte est\u00e1 programada para esta sexta-feira (28).<\/p>\n","protected":false},"excerpt":{"rendered":"<p>Roger Costa&#8211; Autoridades em Roselle divulgaram a captura de um criminoso, residente em Linden, que amea\u00e7ou um grupo de pessoas, apontando-lhes uma arma, e depois tentou fugir e livrar-se da arma. Ap\u00f3s responderem a uma chamada das v\u00edtimas que foram amea\u00e7adas, por volta das 7pm de s\u00e1bado passado, um oficial da pol\u00edcia viu o suspeito, Marquis D. Tucker, 25 anos, parado na esquina da Chandler com Essex Avenues, de acordo com o Capit\u00e3o James Sarnicki. O oficial reconheceu Tucker por intera\u00e7\u00f5es anteriores, devido a seu hist\u00f3rico criminal, e pediu refor\u00e7o policial.<\/p>\n","protected":false},"author":1,"featured_media":1368,"comment_status":"open","ping_status":"open","sticky":false,"template":"","format":"standard","meta":{"_links_to":"","_links_to_target":""},"categories":[4,1],"tags":[],"views":2298,"_links":{"self":[{"href":"https:\/\/www.brazilianpress.com\/v1\/wp-json\/wp\/v2\/posts\/1367"}],"collection":[{"href":"https:\/\/www.brazilianpress.com\/v1\/wp-json\/wp\/v2\/posts"}],"about":[{"href":"https:\/\/www.brazilianpress.com\/v1\/wp-json\/wp\/v2\/types\/post"}],"author":[{"embeddable":true,"href":"https:\/\/www.brazilianpress.com\/v1\/wp-json\/wp\/v2\/users\/1"}],"replies":[{"embeddable":true,"href":"https:\/\/www.brazilianpress.com\/v1\/wp-json\/wp\/v2\/comments?post=1367"}],"version-history":[{"count":2,"href":"https:\/\/www.brazilianpress.com\/v1\/wp-json\/wp\/v2\/posts\/1367\/revisions"}],"predecessor-version":[{"id":1370,"href":"https:\/\/www.brazilianpress.com\/v1\/wp-json\/wp\/v2\/posts\/1367\/revisions\/1370"}],"wp:featuredmedia":[{"embeddable":true,"href":"https:\/\/www.brazilianpress.com\/v1\/wp-json\/wp\/v2\/media\/1368"}],"wp:attachment":[{"href":"https:\/\/www.brazilianpress.com\/v1\/wp-json\/wp\/v2\/media?parent=1367"}],"wp:term":[{"taxonomy":"category","embeddable":true,"href":"https:\/\/www.brazilianpress.com\/v1\/wp-json\/wp\/v2\/categories?post=1367"},{"taxonomy":"post_tag","embeddable":true,"href":"https:\/\/www.brazilianpress.com\/v1\/wp-json\/wp\/v2\/tags?post=1367"}],"curies":[{"name":"wp","href":"https:\/\/api.w.org\/{rel}","templated":true}]}}