{"id":1372,"date":"2013-06-27T12:25:02","date_gmt":"2013-06-27T16:25:02","guid":{"rendered":"http:\/\/www.brazilianpress.com\/v1\/?p=1372"},"modified":"2013-07-04T07:13:27","modified_gmt":"2013-07-04T11:13:27","slug":"imigracao-chega-de-desculpas-para-a-reforma-diz-obama","status":"publish","type":"post","link":"https:\/\/www.brazilianpress.com\/v1\/2013\/06\/27\/imigracao-chega-de-desculpas-para-a-reforma-diz-obama\/","title":{"rendered":"Imigra\u00e7\u00e3o: &#8220;Chega de desculpas para a reforma&#8221;, diz Obama"},"content":{"rendered":"<p>Ao afirmar que &#8220;chega de desculpas para a reforma&#8221;, o presidente Barack Obama aponta os benef\u00edcios econ\u00f4micos que a reforma da imigra\u00e7\u00e3o pode trazer, e disse que a iniciativa iria produzir maior or\u00e7amento federal e\u00a0 benef\u00edcios sociais.<\/p>\n<p><img loading=\"lazy\" class=\"alignnone size-full wp-image-1373\" alt=\"GTY 158441009 A CLJ POL USA CT\" src=\"http:\/\/www.brazilianpress.com\/v1\/wp-content\/uploads\/2013\/06\/obama.jpg\" width=\"500\" height=\"319\" srcset=\"https:\/\/www.brazilianpress.com\/v1\/wp-content\/uploads\/2013\/06\/obama.jpg 500w, https:\/\/www.brazilianpress.com\/v1\/wp-content\/uploads\/2013\/06\/obama-300x191.jpg 300w\" sizes=\"(max-width: 500px) 100vw, 500px\" \/><\/p>\n<p>Obama citou em seu discurso semanal de r\u00e1dio, uma an\u00e1lise recente do Congressional Budget Office, indicando que os d\u00e9ficits ser cortados, cerca de um bilh\u00e3o de d\u00f3lares ao longo de duas d\u00e9cadas, seja promulgada. Al\u00e9m disso, Obama disse, o afluxo de investimento, tecnologia e empresas que trazem os imigrantes daria \u00e0 economia um impulso de 5%.<!--more--><\/p>\n<p>&#8220;A iniciativa bipartid\u00e1ria ajudaria a classe m\u00e9dia fazer crescer a nossa economia e reduzir nossos d\u00e9ficits, para garantir que todos os trabalhadores nos Estados Unidos jogar com as mesmas regras e pagar impostos como todo mundo&#8221;, disse ele. A confian\u00e7a de que a reforma da imigra\u00e7\u00e3o vai passar no Senado com ampla margem tem crescido, e os l\u00edderes legislativos agendaram uma vota\u00e7\u00e3o teste na segunda-feira. A vota\u00e7\u00e3o final seria na pr\u00f3xima semana.<\/p>\n<p>Embora o cora\u00e7\u00e3o da iniciativa seja um mecanismo para naturalizar milh\u00f5es de pessoas que vivem ilegalmente nos Estados Unidos, houve um aumento dram\u00e1tico na seguran\u00e7a da fronteira com o M\u00e9xico, constru\u00eddo esta semana para acalmar os republicanos, que presumivelmente deu um forte impulso \u00e0 iniciativa.<\/p>\n<p>Obama n\u00e3o mencionou especificamente a altera\u00e7\u00e3o da fronteira no s\u00e1bado, mas disse que iria &#8220;continuar a refor\u00e7ar a seguran\u00e7a nas nossas fronteiras.&#8221; Apesar de alguns democratas acreditarem que as cl\u00e1usulas de seguran\u00e7a s\u00e3o excessivas -20.000 novos agentes e 350 quil\u00f4metros de cerca com 18 aeronaves teledirigidaos ser\u00e3o instalados, disse Jay Carney,\u00a0 porta-voz do presidente na sexta-feira, (22).<\/p>\n","protected":false},"excerpt":{"rendered":"<p>Ao afirmar que &#8220;chega de desculpas para a reforma&#8221;, o presidente Barack Obama aponta os benef\u00edcios econ\u00f4micos que a reforma da imigra\u00e7\u00e3o pode trazer, e disse que a iniciativa iria produzir maior or\u00e7amento federal e\u00a0 benef\u00edcios sociais. Obama citou em seu discurso semanal de r\u00e1dio, uma an\u00e1lise recente do Congressional Budget Office, indicando que os d\u00e9ficits ser cortados, cerca de um bilh\u00e3o de d\u00f3lares ao longo de duas d\u00e9cadas, seja promulgada. Al\u00e9m disso, Obama disse, o afluxo de investimento, tecnologia e empresas que trazem os imigrantes daria \u00e0 economia um impulso de 5%.<\/p>\n","protected":false},"author":1,"featured_media":1373,"comment_status":"open","ping_status":"open","sticky":false,"template":"","format":"standard","meta":{"_links_to":"","_links_to_target":""},"categories":[4,1],"tags":[],"views":2707,"_links":{"self":[{"href":"https:\/\/www.brazilianpress.com\/v1\/wp-json\/wp\/v2\/posts\/1372"}],"collection":[{"href":"https:\/\/www.brazilianpress.com\/v1\/wp-json\/wp\/v2\/posts"}],"about":[{"href":"https:\/\/www.brazilianpress.com\/v1\/wp-json\/wp\/v2\/types\/post"}],"author":[{"embeddable":true,"href":"https:\/\/www.brazilianpress.com\/v1\/wp-json\/wp\/v2\/users\/1"}],"replies":[{"embeddable":true,"href":"https:\/\/www.brazilianpress.com\/v1\/wp-json\/wp\/v2\/comments?post=1372"}],"version-history":[{"count":3,"href":"https:\/\/www.brazilianpress.com\/v1\/wp-json\/wp\/v2\/posts\/1372\/revisions"}],"predecessor-version":[{"id":1377,"href":"https:\/\/www.brazilianpress.com\/v1\/wp-json\/wp\/v2\/posts\/1372\/revisions\/1377"}],"wp:featuredmedia":[{"embeddable":true,"href":"https:\/\/www.brazilianpress.com\/v1\/wp-json\/wp\/v2\/media\/1373"}],"wp:attachment":[{"href":"https:\/\/www.brazilianpress.com\/v1\/wp-json\/wp\/v2\/media?parent=1372"}],"wp:term":[{"taxonomy":"category","embeddable":true,"href":"https:\/\/www.brazilianpress.com\/v1\/wp-json\/wp\/v2\/categories?post=1372"},{"taxonomy":"post_tag","embeddable":true,"href":"https:\/\/www.brazilianpress.com\/v1\/wp-json\/wp\/v2\/tags?post=1372"}],"curies":[{"name":"wp","href":"https:\/\/api.w.org\/{rel}","templated":true}]}}