{"id":13741,"date":"2015-04-23T10:44:36","date_gmt":"2015-04-23T14:44:36","guid":{"rendered":"http:\/\/www.brazilianpress.com\/v1\/?p=13741"},"modified":"2015-04-23T10:44:36","modified_gmt":"2015-04-23T14:44:36","slug":"fatos-fotos-by-rejes-salomao-23042015","status":"publish","type":"post","link":"https:\/\/www.brazilianpress.com\/v1\/2015\/04\/23\/fatos-fotos-by-rejes-salomao-23042015\/","title":{"rendered":"Fatos &#038; Fotos, by Rejes Salom\u00e3o . 23\/04\/2015"},"content":{"rendered":"<p><img src=\"http:\/\/www.brazilianpress.com\/v1\/wp-content\/uploads\/2014\/12\/fatos-fotos-rejes-salomao.jpg\" alt=\"fatos fotos rejes salomao\" \/><\/p>\n<p><strong><em><img loading=\"lazy\" class=\"alignnone size-full wp-image-13742\" src=\"http:\/\/www.brazilianpress.com\/v1\/wp-content\/uploads\/2015\/04\/rejes-ed1728-20150423-1.jpg\" alt=\"rejes ed1728 20150423 (1)\" width=\"450\" height=\"337\" srcset=\"https:\/\/www.brazilianpress.com\/v1\/wp-content\/uploads\/2015\/04\/rejes-ed1728-20150423-1.jpg 450w, https:\/\/www.brazilianpress.com\/v1\/wp-content\/uploads\/2015\/04\/rejes-ed1728-20150423-1-300x225.jpg 300w\" sizes=\"(max-width: 450px) 100vw, 450px\" \/><br \/>\nReinaldo neves e Cl\u00e1udio Martins essa dupla realiza a vig\u00e9sima edi\u00e7\u00e3o do GV Folia em Valadares que este ano traz a cidade nomes como Claudia leite , Asa de \u00c1guia , Psirico \u00e9 muito mais a festa acontece semana que vem no parque de exposi\u00e7\u00f5es , nos dias 01.02 de maio imperd\u00edvel<\/em><\/strong><!--more--><\/p>\n<p><strong><em><img loading=\"lazy\" class=\"alignnone size-full wp-image-13743\" src=\"http:\/\/www.brazilianpress.com\/v1\/wp-content\/uploads\/2015\/04\/rejes-ed1728-20150423-2.jpg\" alt=\"rejes ed1728 20150423 (2)\" width=\"450\" height=\"337\" srcset=\"https:\/\/www.brazilianpress.com\/v1\/wp-content\/uploads\/2015\/04\/rejes-ed1728-20150423-2.jpg 450w, https:\/\/www.brazilianpress.com\/v1\/wp-content\/uploads\/2015\/04\/rejes-ed1728-20150423-2-300x225.jpg 300w\" sizes=\"(max-width: 450px) 100vw, 450px\" \/><br \/>\nEmpresario Francisco bueno e sua esposa Marilene bueno em Almoco no Concept Restaurante, casal e sempre visto nas festas da cidade , sempre de bem com a vida !<\/em><\/strong><\/p>\n<p><strong><em><img loading=\"lazy\" class=\"alignnone size-full wp-image-13744\" src=\"http:\/\/www.brazilianpress.com\/v1\/wp-content\/uploads\/2015\/04\/rejes-ed1728-20150423-3.jpg\" alt=\"rejes ed1728 20150423 (3)\" width=\"450\" height=\"406\" srcset=\"https:\/\/www.brazilianpress.com\/v1\/wp-content\/uploads\/2015\/04\/rejes-ed1728-20150423-3.jpg 450w, https:\/\/www.brazilianpress.com\/v1\/wp-content\/uploads\/2015\/04\/rejes-ed1728-20150423-3-300x271.jpg 300w\" sizes=\"(max-width: 450px) 100vw, 450px\" \/><br \/>\nEm close para coluna o apresentador do balan\u00e7o geral na TV Leste Record Ricardo assun\u00e7\u00e3o , ele comanda o programa com muita propriedade e talento .<\/em><\/strong><\/p>\n<p><strong><em><img loading=\"lazy\" class=\"alignnone size-full wp-image-13745\" src=\"http:\/\/www.brazilianpress.com\/v1\/wp-content\/uploads\/2015\/04\/rejes-ed1728-20150423-4.jpg\" alt=\"rejes ed1728 20150423 (4)\" width=\"450\" height=\"300\" srcset=\"https:\/\/www.brazilianpress.com\/v1\/wp-content\/uploads\/2015\/04\/rejes-ed1728-20150423-4.jpg 450w, https:\/\/www.brazilianpress.com\/v1\/wp-content\/uploads\/2015\/04\/rejes-ed1728-20150423-4-300x200.jpg 300w\" sizes=\"(max-width: 450px) 100vw, 450px\" \/><br \/>\nPrefeito Genil ladeado gerente da ag\u00eancia Mantena, Renato Moura Rosado e o Superintendente Regional da Caixa Federal GV. Marcelo Bai\u00e3o<\/em><\/strong><\/p>\n<p><strong><em><img loading=\"lazy\" class=\"alignnone size-full wp-image-13746\" src=\"http:\/\/www.brazilianpress.com\/v1\/wp-content\/uploads\/2015\/04\/rejes-ed1728-20150423-5.jpg\" alt=\"rejes ed1728 20150423 (5)\" width=\"450\" height=\"337\" srcset=\"https:\/\/www.brazilianpress.com\/v1\/wp-content\/uploads\/2015\/04\/rejes-ed1728-20150423-5.jpg 450w, https:\/\/www.brazilianpress.com\/v1\/wp-content\/uploads\/2015\/04\/rejes-ed1728-20150423-5-300x225.jpg 300w\" sizes=\"(max-width: 450px) 100vw, 450px\" \/><br \/>\nHirley Calhau e sua filha a fofa Sayo Calhau !!!<\/em><\/strong><\/p>\n","protected":false},"excerpt":{"rendered":"<p>Reinaldo neves e Cl\u00e1udio Martins essa dupla realiza a vig\u00e9sima edi\u00e7\u00e3o do GV Folia em Valadares que este ano traz a cidade nomes como Claudia leite , Asa de \u00c1guia , Psirico \u00e9 muito mais a festa acontece semana que vem no parque de exposi\u00e7\u00f5es , nos dias 01.02 de maio imperd\u00edvel<\/p>\n","protected":false},"author":1,"featured_media":13742,"comment_status":"open","ping_status":"open","sticky":false,"template":"","format":"standard","meta":{"_links_to":"","_links_to_target":""},"categories":[4,19,1],"tags":[],"views":3508,"_links":{"self":[{"href":"https:\/\/www.brazilianpress.com\/v1\/wp-json\/wp\/v2\/posts\/13741"}],"collection":[{"href":"https:\/\/www.brazilianpress.com\/v1\/wp-json\/wp\/v2\/posts"}],"about":[{"href":"https:\/\/www.brazilianpress.com\/v1\/wp-json\/wp\/v2\/types\/post"}],"author":[{"embeddable":true,"href":"https:\/\/www.brazilianpress.com\/v1\/wp-json\/wp\/v2\/users\/1"}],"replies":[{"embeddable":true,"href":"https:\/\/www.brazilianpress.com\/v1\/wp-json\/wp\/v2\/comments?post=13741"}],"version-history":[{"count":1,"href":"https:\/\/www.brazilianpress.com\/v1\/wp-json\/wp\/v2\/posts\/13741\/revisions"}],"predecessor-version":[{"id":13747,"href":"https:\/\/www.brazilianpress.com\/v1\/wp-json\/wp\/v2\/posts\/13741\/revisions\/13747"}],"wp:featuredmedia":[{"embeddable":true,"href":"https:\/\/www.brazilianpress.com\/v1\/wp-json\/wp\/v2\/media\/13742"}],"wp:attachment":[{"href":"https:\/\/www.brazilianpress.com\/v1\/wp-json\/wp\/v2\/media?parent=13741"}],"wp:term":[{"taxonomy":"category","embeddable":true,"href":"https:\/\/www.brazilianpress.com\/v1\/wp-json\/wp\/v2\/categories?post=13741"},{"taxonomy":"post_tag","embeddable":true,"href":"https:\/\/www.brazilianpress.com\/v1\/wp-json\/wp\/v2\/tags?post=13741"}],"curies":[{"name":"wp","href":"https:\/\/api.w.org\/{rel}","templated":true}]}}