{"id":1433,"date":"2013-07-03T22:33:21","date_gmt":"2013-07-04T02:33:21","guid":{"rendered":"http:\/\/www.brazilianpress.com\/v1\/?p=1433"},"modified":"2013-07-03T22:33:21","modified_gmt":"2013-07-04T02:33:21","slug":"lea-campos-incompetente-e-covarde","status":"publish","type":"post","link":"https:\/\/www.brazilianpress.com\/v1\/2013\/07\/03\/lea-campos-incompetente-e-covarde\/","title":{"rendered":"L\u00e9a Campos: Incompetente e Covarde"},"content":{"rendered":"<p><img loading=\"lazy\" class=\"alignright size-medium wp-image-81\" alt=\"lea_campos\" src=\"http:\/\/www.brazilianpress.com\/v1\/wp-content\/uploads\/2013\/04\/lea_campos-300x200.jpg\" width=\"300\" height=\"200\" srcset=\"https:\/\/www.brazilianpress.com\/v1\/wp-content\/uploads\/2013\/04\/lea_campos-300x200.jpg 300w, https:\/\/www.brazilianpress.com\/v1\/wp-content\/uploads\/2013\/04\/lea_campos.jpg 507w\" sizes=\"(max-width: 300px) 100vw, 300px\" \/>Tomar vaia no Maracan\u00e3, \u00e9 privil\u00e9gio de Lula, Dilma n\u00e3o pretende tomar esse orgulho de seu antecessor.<\/p>\n<p>Meu recadinho para a FIFA, que achou que havia dominado o pa\u00eds em tudo. Na verdade o PT usou a entidade m\u00e1xima do esporte para se manter no poder e n\u00e3o contava com a ast\u00facia do brasileiro\u00a0 que enfim resolveu deixar o ber\u00e7o espl\u00eandido e ir \u00e0 luta.<\/p>\n<p>Dilma e seus asseclas conclu\u00edram que a Copa n\u00e3o rendeu positivamente como os PeTralhas queriam, ent\u00e3o para evitar uma vaia maior resolveu n\u00e3o prestigiar o \u00faltimo jogo.<!--more--><\/p>\n<p>Tradi\u00e7\u00e3o em todas as competi\u00e7\u00f5es da FIFA, o presidente \u00e9 o encarregado de entregar medalhas e trof\u00e9us, no caso do Brasil, isso n\u00e3o ocorrereu porque a presidente \u00e9 covarde, n\u00e3o assume a responsabilidade\u00a0de seus atos mal\u00e9ficos.<\/p>\n<p>O tiro mais uma vez acertou o p\u00e9 do governo, pensava que com o circo das copas e das olimp\u00edadas seria f\u00e1cil engabelar ( enganar) o povo.<\/p>\n<p>Apenas aqueles que usam radinho de pilha est\u00e3o felizes, os que t\u00eam outros meios de comunica\u00e7\u00e3o n\u00e3o comem este engodo, porque sabemos que est\u00e1 envenenado.<\/p>\n<p>Tudo que Dilma est\u00e1 fazendo \u00e9 pensando na elei\u00e7\u00e3o, mas deixar de representar o pa\u00eds no final do evento prova que nosso pa\u00eds precisa urgentemente de mudar o governo, porque o Brasil est\u00e1 ac\u00e9falo, n\u00e3o temos nem presidente que nos represente junto a entidade promotora da Copa atual e a do pr\u00f3ximo ano.<\/p>\n<p>Se esta copa era o teste para o mundial, fomos reprovados pelo pr\u00f3prio governo, que n\u00e3o aceita sua incapacidade de governar.<\/p>\n<p>Esta e a verdadeira face de nosso pa\u00eds, o que mostram os marqueteiros petistas no exterior \u00e9 uma farsa.<\/p>\n<p>A mentira dura at\u00e9 que a verdade apare\u00e7a<\/p>\n<p>Quero ver agora se continuar\u00e3o falando que o Brasil est\u00e1 bem administrado, que o PT acabou com a mis\u00e9ria, que temos sa\u00fade, educa\u00e7\u00e3o, seguran\u00e7a e tudo o mais, se nem o pr\u00f3prio governo est\u00e1 educado para enfrentar os revezes de sua ingovernabillidade.<\/p>\n<p>Fontes pr\u00f3ximas ao presidente Joseph Blatter insistem que o cartola su\u00ed\u00e7o &#8220;entendeu&#8221; a decis\u00e3o pol\u00edtica de Dilma, mas considerou que sua atitude mostra que o governo n\u00e3o est\u00e1 sempre disposto a bancar o evento e que c\u00e1lculos pol\u00edticos pesam mais do que o torneio em si.<\/p>\n<p>&#8220;O que parece \u00e9 que, quando as coisas v\u00e3o bem, o Brasil quer usar a Copa para se promover. Mas quando n\u00e3o funciona ou h\u00e1 uma crise, todos querem se dissociar do futebol&#8221; comentou um membro do Comit\u00ea Executivo da entidade, que pediu anonimato.<\/p>\n<p>Senhor membro do Comit\u00ea Executivo, que coisas v\u00e3o bem? O Brasil \u00e9 isso que est\u00e1 nas ruas, um caos incontest\u00e1vel.<br \/>\nUma &#8220;fartura&#8221; total: farta m\u00e9dico, farta rem\u00e9dio, farta educa\u00e7\u00e3o, farta camas e rem\u00e9dios nos hospitais, farta seguran\u00e7a, farta educa\u00e7\u00e3o, enfim farta tudo, o pa\u00eds \u00e9 uma mis\u00e9ria \u00fanica, de Norte a Sul e de Leste a Oeste.<br \/>\nAlguns funcion\u00e1rios da FIFA indagaram se sua aus\u00eancia no Maracan\u00e3 era boa ou ruim para ela.<br \/>\nEsta atitude da presidente, piorar\u00e1 ainda mais o relacionamento com a entidade\u00a0 dos esportes.<br \/>\nOs mesmos funcion\u00e1rios disseram que &#8220;\u00e9 um desrespeito a FIFA&#8221;, afinal o Brasil pediu a copa, n\u00e3o a impusemos&#8221;.<br \/>\nEsta frase ser\u00e1 o refr\u00e3o da FIFA em qualquer posicionamento.<br \/>\nCobrar seguran\u00e7a se todos os dias temos um dos nossos morrendo nas m\u00e3os de bandidos, como pode ser dada seguran\u00e7a a estrangeiros?<br \/>\nA FIFA acha ser ir\u00f4nico que o governo tente usar mega-eventos para se promover fora do pa\u00eds e n\u00e3o oferecer condi\u00e7\u00f5es para tal.<\/p>\n<p>&#8220;O que parece \u00e9 que, quando as coisas v\u00e3o bem, o Brasil quer usar a Copa para se promover, mas quando n\u00e3o funcionam ou h\u00e1 uma crise, todos querem se dissociar do futebol&#8221; comentou um membro do Comit\u00ea Executivo da entidade.<\/p>\n<p>Quem sempre jogou pedras, e outras &#8220;cositas mas&#8221; e escondeu a m\u00e3o, n\u00e3o tem porque dar a cara agora.<\/p>\n<p>Sou a &#8220;PRESIDENTAAAAAAAA&#8221; e fa\u00e7o o que me d\u00e1 vontade.<\/p>\n<p>Covarde \u00e9 assim mesmo age na surdina, afinal quem tem &#8220;fuleco&#8221; (\u00e2nus) tem medo.<\/p>\n<p><strong>Fonte: <a href=\"http:\/\/www.cronicasdeleacampos.blogspot.com\" target=\"_blank\">www.cronicasdeleacampos.blogspot.com<\/a><\/strong><\/p>\n<p><strong><i>Informar \u00e9 um privil\u00e9gio, informar corretamente uma obriga\u00e7\u00e3o.<\/i><\/strong><\/p>\n<p><strong>L\u00e9a Campos<\/strong><\/p>\n","protected":false},"excerpt":{"rendered":"<p>Tomar vaia no Maracan\u00e3, \u00e9 privil\u00e9gio de Lula, Dilma n\u00e3o pretende tomar esse orgulho de seu antecessor. Meu recadinho para a FIFA, que achou que havia dominado o pa\u00eds em tudo. Na verdade o PT usou a entidade m\u00e1xima do esporte para se manter no poder e n\u00e3o contava com a ast\u00facia do brasileiro\u00a0 que enfim resolveu deixar o ber\u00e7o espl\u00eandido e ir \u00e0 luta. Dilma e seus asseclas conclu\u00edram que a Copa n\u00e3o rendeu positivamente como os PeTralhas queriam, ent\u00e3o para evitar uma vaia maior resolveu n\u00e3o prestigiar o \u00faltimo jogo.<\/p>\n","protected":false},"author":1,"featured_media":81,"comment_status":"open","ping_status":"open","sticky":false,"template":"","format":"standard","meta":{"_links_to":"","_links_to_target":""},"categories":[5,15,1],"tags":[],"views":2661,"_links":{"self":[{"href":"https:\/\/www.brazilianpress.com\/v1\/wp-json\/wp\/v2\/posts\/1433"}],"collection":[{"href":"https:\/\/www.brazilianpress.com\/v1\/wp-json\/wp\/v2\/posts"}],"about":[{"href":"https:\/\/www.brazilianpress.com\/v1\/wp-json\/wp\/v2\/types\/post"}],"author":[{"embeddable":true,"href":"https:\/\/www.brazilianpress.com\/v1\/wp-json\/wp\/v2\/users\/1"}],"replies":[{"embeddable":true,"href":"https:\/\/www.brazilianpress.com\/v1\/wp-json\/wp\/v2\/comments?post=1433"}],"version-history":[{"count":2,"href":"https:\/\/www.brazilianpress.com\/v1\/wp-json\/wp\/v2\/posts\/1433\/revisions"}],"predecessor-version":[{"id":1436,"href":"https:\/\/www.brazilianpress.com\/v1\/wp-json\/wp\/v2\/posts\/1433\/revisions\/1436"}],"wp:featuredmedia":[{"embeddable":true,"href":"https:\/\/www.brazilianpress.com\/v1\/wp-json\/wp\/v2\/media\/81"}],"wp:attachment":[{"href":"https:\/\/www.brazilianpress.com\/v1\/wp-json\/wp\/v2\/media?parent=1433"}],"wp:term":[{"taxonomy":"category","embeddable":true,"href":"https:\/\/www.brazilianpress.com\/v1\/wp-json\/wp\/v2\/categories?post=1433"},{"taxonomy":"post_tag","embeddable":true,"href":"https:\/\/www.brazilianpress.com\/v1\/wp-json\/wp\/v2\/tags?post=1433"}],"curies":[{"name":"wp","href":"https:\/\/api.w.org\/{rel}","templated":true}]}}